{"id":7386,"date":"2025-09-28T00:01:00","date_gmt":"2025-09-27T22:01:00","guid":{"rendered":"https:\/\/luxurymagazine.cz\/?p=7386"},"modified":"2025-11-11T00:49:05","modified_gmt":"2025-11-10T23:49:05","slug":"flat-pack-kontejnery-flexibilni-reseni-pro-moderni-potreby","status":"publish","type":"post","link":"https:\/\/luxurymagazine.cz\/index.php\/2025\/09\/28\/flat-pack-kontejnery-flexibilni-reseni-pro-moderni-potreby\/","title":{"rendered":"Flat-pack kontejnery: flexibiln\u00ed \u0159e\u0161en\u00ed pro modern\u00ed pot\u0159eby"},"content":{"rendered":"\n<div style=\"height:44px\" aria-hidden=\"true\" class=\"wp-block-spacer\"><\/div>\n\n\n\n<p class=\"has-medium-font-size\"><strong>V posledn\u00edch letech za\u017e\u00edvaj\u00ed\u00a0<a href=\"https:\/\/technicke-montaze.cz\/flatpack-kontejnery\">flat-pack kontejnery<\/a>\u00a0(\u010desky tak\u00e9 skl\u00e1dac\u00ed nebo montovan\u00e9 kontejnery) v\u00fdrazn\u00fd n\u00e1r\u016fst popularity. D\u00edky sv\u00e9 variabilit\u011b, snadn\u00e9 p\u0159eprav\u011b a \u0161irok\u00e9mu spektru vyu\u017eit\u00ed si z\u00edsk\u00e1vaj\u00ed oblibu nap\u0159\u00ed\u010d r\u016fzn\u00fdmi odv\u011btv\u00edmi \u2013 od stavebnictv\u00ed p\u0159es humanit\u00e1rn\u00ed pomoc a\u017e po rekrea\u010dn\u00ed vyu\u017eit\u00ed. Co p\u0159esn\u011b flat-pack kontejnery jsou, jak se pou\u017e\u00edvaj\u00ed a pro\u010d stoj\u00ed za pozornost?<\/strong><\/p>\n\n\n\n<div style=\"height:44px\" aria-hidden=\"true\" class=\"wp-block-spacer\"><\/div>\n\n\n<div class=\"wp-block-image\">\n<figure class=\"aligncenter size-full\"><img decoding=\"async\" loading=\"lazy\" width=\"1000\" height=\"750\" src=\"https:\/\/luxurymagazine.cz\/wp-content\/uploads\/2025\/09\/480228691_1610708392915349_8114426300226219863_n.jpg\" alt=\"Flat-pack kontejnery: flexibiln\u00ed \u0159e\u0161en\u00ed pro modern\u00ed pot\u0159eby\" class=\"wp-image-7387\" srcset=\"https:\/\/luxurymagazine.cz\/wp-content\/uploads\/2025\/09\/480228691_1610708392915349_8114426300226219863_n.jpg 1000w, https:\/\/luxurymagazine.cz\/wp-content\/uploads\/2025\/09\/480228691_1610708392915349_8114426300226219863_n-300x225.jpg 300w, https:\/\/luxurymagazine.cz\/wp-content\/uploads\/2025\/09\/480228691_1610708392915349_8114426300226219863_n-768x576.jpg 768w\" sizes=\"(max-width: 1000px) 100vw, 1000px\" \/><\/figure><\/div>\n\n\n<div style=\"height:44px\" aria-hidden=\"true\" class=\"wp-block-spacer\"><\/div>\n\n\n\n<h2 class=\"wp-block-heading\">Co jsou flat-pack kontejnery<\/h2>\n\n\n\n<div style=\"height:44px\" aria-hidden=\"true\" class=\"wp-block-spacer\"><\/div>\n\n\n\n<p class=\"has-medium-font-size\">Flat-pack kontejnery jsou modul\u00e1rn\u00ed jednotky, kter\u00e9 jsou dod\u00e1v\u00e1ny v rozlo\u017een\u00e9m stavu a sestavuj\u00ed se a\u017e na m\u00edst\u011b ur\u010den\u00ed. V porovn\u00e1n\u00ed s klasick\u00fdmi kontejnerov\u00fdmi \u0159e\u0161en\u00edmi je jejich hlavn\u00ed v\u00fdhodou \u00faspora m\u00edsta p\u0159i p\u0159eprav\u011b \u2013 a\u017e p\u011bt flat-pack kontejner\u016f lze p\u0159epravit na m\u00edst\u011b jednoho standardn\u00edho p\u0159epravn\u00edho kontejneru. To v\u00fdrazn\u011b sni\u017euje n\u00e1klady na logistiku, zejm\u00e9na u projekt\u016f ve vzd\u00e1len\u00fdch nebo t\u011b\u017eko dostupn\u00fdch oblastech.<\/p>\n\n\n\n<div style=\"height:22px\" aria-hidden=\"true\" class=\"wp-block-spacer\"><\/div>\n\n\n\n<p class=\"has-medium-font-size\"><strong>Flat-pack kontejnery maj\u00ed \u0161irok\u00e9 spektrum vyu\u017eit\u00ed:<\/strong><\/p>\n\n\n\n<div style=\"height:24px\" aria-hidden=\"true\" class=\"wp-block-spacer\"><\/div>\n\n\n\n<p class=\"has-medium-font-size\"><strong>Stavebn\u00ed bu\u0148ky<\/strong>&nbsp;\u2013 \u010dasto slou\u017e\u00ed jako z\u00e1zem\u00ed pro d\u011bln\u00edky na stavb\u00e1ch. Mohou zde m\u00edt ulo\u017een\u00e9 n\u00e1\u0159ad\u00ed \u010di materi\u00e1l. Pro stavebn\u00ed dozor apod. mohou slou\u017eit jako kancel\u00e1\u0159. Lze je na stavb\u00e1ch vyu\u017e\u00edt tak\u00e9 jako \u0161atny nebo ubytov\u00e1n\u00ed.<\/p>\n\n\n\n<p class=\"has-medium-font-size\"><strong>Do\u010dasn\u00e9 kancel\u00e1\u0159e<\/strong>&nbsp;\u2013 vhodn\u00e9 pro firmy, kter\u00e9 pot\u0159ebuj\u00ed rychle roz\u0161\u00ed\u0159it sv\u00e9 prostory bez zdlouhav\u00e9 v\u00fdstavby.<\/p>\n\n\n\n<p class=\"has-medium-font-size\"><strong>Ubytovac\u00ed jednotky<\/strong>&nbsp;\u2013 v oblastech posti\u017een\u00fdch p\u0159\u00edrodn\u00edmi katastrofami nebo v uprchlick\u00fdch t\u00e1borech se vyu\u017e\u00edvaj\u00ed jako nouzov\u00e9 bydlen\u00ed.<\/p>\n\n\n\n<p class=\"has-medium-font-size\"><strong>Obchodn\u00ed prostory a st\u00e1nky<\/strong>&nbsp;\u2013 snadno se p\u0159izp\u016fsob\u00ed jako prodejn\u00ed m\u00edsta, infocentra nebo kav\u00e1rny. M\u016f\u017eete si zde z\u0159\u00eddit provozovnu, kontejner m\u016f\u017eete vyu\u017e\u00edt jako showroom, nebo z n\u011bj ud\u011blat prodejn\u00ed galerii.<\/p>\n\n\n\n<p class=\"has-medium-font-size\"><strong>Rekrea\u010dn\u00ed objekty<\/strong>&nbsp;\u2013 lze je vyu\u017e\u00edt jako chatky, sauny, zahradn\u00ed domky nebo mobiln\u00ed tiny houses. Obytn\u00e9 kontejnery nab\u00edz\u00ed \u0161irok\u00e9 mo\u017enosti vyu\u017eit\u00ed, nab\u00edz\u00ed ve\u0161ker\u00fd komfort jak\u00fdchkoli jin\u00fdch staveb, v\u00fdhodou je velmi rychl\u00e1 v\u00fdstavba a instalace.<\/p>\n\n\n\n<div style=\"height:44px\" aria-hidden=\"true\" class=\"wp-block-spacer\"><\/div>\n\n\n<div class=\"wp-block-image\">\n<figure class=\"aligncenter size-large\"><img decoding=\"async\" loading=\"lazy\" width=\"1024\" height=\"768\" src=\"https:\/\/luxurymagazine.cz\/wp-content\/uploads\/2025\/09\/83835048_512231742763025_4087540914136809472_n-1024x768.jpg\" alt=\"Flat-pack kontejnery: flexibiln\u00ed \u0159e\u0161en\u00ed pro modern\u00ed pot\u0159eby\" class=\"wp-image-7388\" srcset=\"https:\/\/luxurymagazine.cz\/wp-content\/uploads\/2025\/09\/83835048_512231742763025_4087540914136809472_n-1024x768.jpg 1024w, https:\/\/luxurymagazine.cz\/wp-content\/uploads\/2025\/09\/83835048_512231742763025_4087540914136809472_n-300x225.jpg 300w, https:\/\/luxurymagazine.cz\/wp-content\/uploads\/2025\/09\/83835048_512231742763025_4087540914136809472_n-768x576.jpg 768w, https:\/\/luxurymagazine.cz\/wp-content\/uploads\/2025\/09\/83835048_512231742763025_4087540914136809472_n-1536x1152.jpg 1536w, https:\/\/luxurymagazine.cz\/wp-content\/uploads\/2025\/09\/83835048_512231742763025_4087540914136809472_n.jpg 2040w\" sizes=\"(max-width: 1024px) 100vw, 1024px\" \/><\/figure><\/div>\n\n\n<div style=\"height:44px\" aria-hidden=\"true\" class=\"wp-block-spacer\"><\/div>\n\n\n\n<h2 class=\"wp-block-heading\">V\u00fdhody flat-pack kontejner\u016f<\/h2>\n\n\n\n<div style=\"height:44px\" aria-hidden=\"true\" class=\"wp-block-spacer\"><\/div>\n\n\n\n<p class=\"has-medium-font-size\"><strong>Rychl\u00e1 mont\u00e1\u017e a demont\u00e1\u017e<\/strong><br>Jedna z nejv\u011bt\u0161\u00edch p\u0159ednost\u00ed\u00a0<a href=\"https:\/\/technicke-montaze.cz\/flatpack-kontejnery\"><strong>flat-pack kontejner\u016f<\/strong><\/a>\u00a0je rychlost instalace. Mont\u00e1\u017e b\u011b\u017en\u011b zvl\u00e1dne mal\u00fd t\u00fdm za n\u011bkolik hodin bez pot\u0159eby t\u011b\u017ek\u00e9 techniky.<\/p>\n\n\n\n<p class=\"has-medium-font-size\"><strong>Mobilita a flexibilita<\/strong><br>D\u00edky mo\u017enosti snadn\u00e9ho rozlo\u017een\u00ed a op\u011btovn\u00e9ho sestaven\u00ed lze kontejnery p\u0159esouvat podle pot\u0159eby a opakovan\u011b je vyu\u017e\u00edvat na r\u016fzn\u00fdch m\u00edstech.<\/p>\n\n\n\n<p class=\"has-medium-font-size\"><strong>N\u00edzk\u00e9 n\u00e1klady na p\u0159epravu<\/strong><br>D\u00edky kompaktn\u00edm rozm\u011br\u016fm v rozlo\u017een\u00e9m stavu je jejich doprava v\u00fdrazn\u011b levn\u011bj\u0161\u00ed ne\u017e u b\u011b\u017en\u00fdch modul\u00e1rn\u00edch staveb.<\/p>\n\n\n\n<p class=\"has-medium-font-size\"><strong>Modularita<\/strong><br>Jednotliv\u00e9 kontejnery lze spojovat a vytv\u00e1\u0159et v\u011bt\u0161\u00ed celky \u2013 nap\u0159\u00edklad dvoupodla\u017en\u00ed budovy nebo propojen\u00e9 haly.<\/p>\n\n\n\n<p class=\"has-medium-font-size\"><strong>Odolnost a trvanlivost<\/strong><br>Flat-pack kontejnery jsou vyr\u00e1b\u011bny z kvalitn\u00edch ocelov\u00fdch a izola\u010dn\u00edch materi\u00e1l\u016f, co\u017e zaji\u0161\u0165uje dlouhou \u017eivotnost i p\u0159i nep\u0159\u00edzniv\u00fdch klimatick\u00fdch podm\u00ednk\u00e1ch.<\/p>\n\n\n\n<div style=\"height:44px\" aria-hidden=\"true\" class=\"wp-block-spacer\"><\/div>\n\n\n\n<figure class=\"wp-block-gallery has-nested-images columns-default is-cropped wp-block-gallery-1 is-layout-flex wp-block-gallery-is-layout-flex\">\n<figure class=\"wp-block-image size-large\"><img decoding=\"async\" loading=\"lazy\" width=\"1024\" height=\"768\" data-id=\"7392\" src=\"https:\/\/luxurymagazine.cz\/wp-content\/uploads\/2025\/09\/480518011_1612307069422148_1073460530748249121_n-1024x768.jpg\" alt=\"Flat-pack kontejnery: flexibiln\u00ed \u0159e\u0161en\u00ed pro modern\u00ed pot\u0159eby\" class=\"wp-image-7392\" srcset=\"https:\/\/luxurymagazine.cz\/wp-content\/uploads\/2025\/09\/480518011_1612307069422148_1073460530748249121_n-1024x768.jpg 1024w, https:\/\/luxurymagazine.cz\/wp-content\/uploads\/2025\/09\/480518011_1612307069422148_1073460530748249121_n-300x225.jpg 300w, https:\/\/luxurymagazine.cz\/wp-content\/uploads\/2025\/09\/480518011_1612307069422148_1073460530748249121_n-768x576.jpg 768w, https:\/\/luxurymagazine.cz\/wp-content\/uploads\/2025\/09\/480518011_1612307069422148_1073460530748249121_n-1536x1152.jpg 1536w, https:\/\/luxurymagazine.cz\/wp-content\/uploads\/2025\/09\/480518011_1612307069422148_1073460530748249121_n.jpg 2016w\" sizes=\"(max-width: 1024px) 100vw, 1024px\" \/><\/figure>\n\n\n\n<figure class=\"wp-block-image size-large\"><img decoding=\"async\" loading=\"lazy\" width=\"1024\" height=\"768\" data-id=\"7390\" src=\"https:\/\/luxurymagazine.cz\/wp-content\/uploads\/2025\/09\/173781910_777944519525078_5088632988629142280_n-1024x768.jpg\" alt=\"Flat-pack kontejnery: flexibiln\u00ed \u0159e\u0161en\u00ed pro modern\u00ed pot\u0159eby\" class=\"wp-image-7390\" srcset=\"https:\/\/luxurymagazine.cz\/wp-content\/uploads\/2025\/09\/173781910_777944519525078_5088632988629142280_n-1024x768.jpg 1024w, https:\/\/luxurymagazine.cz\/wp-content\/uploads\/2025\/09\/173781910_777944519525078_5088632988629142280_n-300x225.jpg 300w, https:\/\/luxurymagazine.cz\/wp-content\/uploads\/2025\/09\/173781910_777944519525078_5088632988629142280_n-768x576.jpg 768w, https:\/\/luxurymagazine.cz\/wp-content\/uploads\/2025\/09\/173781910_777944519525078_5088632988629142280_n-1536x1152.jpg 1536w, https:\/\/luxurymagazine.cz\/wp-content\/uploads\/2025\/09\/173781910_777944519525078_5088632988629142280_n.jpg 2016w\" sizes=\"(max-width: 1024px) 100vw, 1024px\" \/><\/figure>\n<\/figure>\n\n\n\n<div style=\"height:44px\" aria-hidden=\"true\" class=\"wp-block-spacer\"><\/div>\n\n\n\n<h2 class=\"wp-block-heading\">Ekologick\u00fd p\u0159\u00edstup<\/h2>\n\n\n\n<div style=\"height:44px\" aria-hidden=\"true\" class=\"wp-block-spacer\"><\/div>\n\n\n\n<p class=\"has-medium-font-size\">Vzhledem k opakovan\u00e9 pou\u017eitelnosti a mo\u017enosti recyklace pou\u017eit\u00fdch materi\u00e1l\u016f p\u0159edstavuj\u00ed\u00a0<a href=\"https:\/\/technicke-montaze.cz\/flatpack-kontejnery\"><strong>flat-pack kontejnery<\/strong><\/a>\u00a0ekologicky \u0161etrn\u00e9 \u0159e\u0161en\u00ed. Mohou b\u00fdt tak\u00e9 vybaveny sol\u00e1rn\u00edmi panely, syst\u00e9mem na sb\u011br de\u0161\u0165ov\u00e9 vody nebo ekologick\u00fdm vyt\u00e1p\u011bn\u00edm, \u010d\u00edm\u017e se st\u00e1vaj\u00ed sob\u011bsta\u010dn\u00fdmi jednotkami.<\/p>\n\n\n\n<p class=\"has-medium-font-size\">Flat-pack kontejnery p\u0159edstavuj\u00ed\u00a0<strong>modern\u00ed, \u00fasporn\u00e9 a flexibiln\u00ed \u0159e\u0161en\u00ed<\/strong>\u00a0pro celou \u0159adu situac\u00ed. A\u0165 u\u017e hled\u00e1te rychl\u00e9 z\u00e1zem\u00ed pro stavbu, do\u010dasn\u00e9 kancel\u00e1\u0159e nebo rekrea\u010dn\u00ed objekt, tento typ kontejneru nab\u00edz\u00ed\u00a0<strong>vysokou variabilitu<\/strong>,\u00a0<strong>snadnou p\u0159epravu<\/strong>\u00a0a\u00a0<strong>v\u00fdborn\u00fd pom\u011br cena\/v\u00fdkon<\/strong>. V dob\u011b, kdy je efektivita, mobilita a udr\u017eitelnost kl\u00ed\u010dov\u00e1, se flat-pack kontejnery st\u00e1vaj\u00ed ide\u00e1ln\u00edm \u0159e\u0161en\u00edm pro sou\u010dasn\u00e9 v\u00fdzvy.<\/p>\n\n\n\n<div style=\"height:100px\" aria-hidden=\"true\" class=\"wp-block-spacer\"><\/div>\n\n\n\n<figure class=\"wp-block-gallery has-nested-images columns-2 is-cropped wp-block-gallery-3 is-layout-flex wp-block-gallery-is-layout-flex\">\n<figure class=\"wp-block-image size-large\"><img decoding=\"async\" loading=\"lazy\" width=\"1024\" height=\"768\" data-id=\"7388\" src=\"https:\/\/luxurymagazine.cz\/wp-content\/uploads\/2025\/09\/83835048_512231742763025_4087540914136809472_n-1024x768.jpg\" alt=\"Flat-pack kontejnery: flexibiln\u00ed \u0159e\u0161en\u00ed pro modern\u00ed pot\u0159eby\" class=\"wp-image-7388\" srcset=\"https:\/\/luxurymagazine.cz\/wp-content\/uploads\/2025\/09\/83835048_512231742763025_4087540914136809472_n-1024x768.jpg 1024w, https:\/\/luxurymagazine.cz\/wp-content\/uploads\/2025\/09\/83835048_512231742763025_4087540914136809472_n-300x225.jpg 300w, https:\/\/luxurymagazine.cz\/wp-content\/uploads\/2025\/09\/83835048_512231742763025_4087540914136809472_n-768x576.jpg 768w, https:\/\/luxurymagazine.cz\/wp-content\/uploads\/2025\/09\/83835048_512231742763025_4087540914136809472_n-1536x1152.jpg 1536w, https:\/\/luxurymagazine.cz\/wp-content\/uploads\/2025\/09\/83835048_512231742763025_4087540914136809472_n.jpg 2040w\" sizes=\"(max-width: 1024px) 100vw, 1024px\" \/><\/figure>\n\n\n\n<figure class=\"wp-block-image size-large\"><img decoding=\"async\" loading=\"lazy\" width=\"1000\" height=\"750\" data-id=\"7387\" src=\"https:\/\/luxurymagazine.cz\/wp-content\/uploads\/2025\/09\/480228691_1610708392915349_8114426300226219863_n.jpg\" alt=\"Flat-pack kontejnery: flexibiln\u00ed \u0159e\u0161en\u00ed pro modern\u00ed pot\u0159eby\" class=\"wp-image-7387\" srcset=\"https:\/\/luxurymagazine.cz\/wp-content\/uploads\/2025\/09\/480228691_1610708392915349_8114426300226219863_n.jpg 1000w, https:\/\/luxurymagazine.cz\/wp-content\/uploads\/2025\/09\/480228691_1610708392915349_8114426300226219863_n-300x225.jpg 300w, https:\/\/luxurymagazine.cz\/wp-content\/uploads\/2025\/09\/480228691_1610708392915349_8114426300226219863_n-768x576.jpg 768w\" sizes=\"(max-width: 1000px) 100vw, 1000px\" \/><\/figure>\n\n\n\n<figure class=\"wp-block-image size-large\"><img decoding=\"async\" loading=\"lazy\" width=\"1024\" height=\"768\" data-id=\"7392\" src=\"https:\/\/luxurymagazine.cz\/wp-content\/uploads\/2025\/09\/480518011_1612307069422148_1073460530748249121_n-1024x768.jpg\" alt=\"Flat-pack kontejnery: flexibiln\u00ed \u0159e\u0161en\u00ed pro modern\u00ed pot\u0159eby\" class=\"wp-image-7392\" srcset=\"https:\/\/luxurymagazine.cz\/wp-content\/uploads\/2025\/09\/480518011_1612307069422148_1073460530748249121_n-1024x768.jpg 1024w, https:\/\/luxurymagazine.cz\/wp-content\/uploads\/2025\/09\/480518011_1612307069422148_1073460530748249121_n-300x225.jpg 300w, https:\/\/luxurymagazine.cz\/wp-content\/uploads\/2025\/09\/480518011_1612307069422148_1073460530748249121_n-768x576.jpg 768w, https:\/\/luxurymagazine.cz\/wp-content\/uploads\/2025\/09\/480518011_1612307069422148_1073460530748249121_n-1536x1152.jpg 1536w, https:\/\/luxurymagazine.cz\/wp-content\/uploads\/2025\/09\/480518011_1612307069422148_1073460530748249121_n.jpg 2016w\" sizes=\"(max-width: 1024px) 100vw, 1024px\" \/><\/figure>\n\n\n\n<figure class=\"wp-block-image size-large\"><img decoding=\"async\" loading=\"lazy\" width=\"1024\" height=\"768\" data-id=\"7390\" src=\"https:\/\/luxurymagazine.cz\/wp-content\/uploads\/2025\/09\/173781910_777944519525078_5088632988629142280_n-1024x768.jpg\" alt=\"Flat-pack kontejnery: flexibiln\u00ed \u0159e\u0161en\u00ed pro modern\u00ed pot\u0159eby\" class=\"wp-image-7390\" srcset=\"https:\/\/luxurymagazine.cz\/wp-content\/uploads\/2025\/09\/173781910_777944519525078_5088632988629142280_n-1024x768.jpg 1024w, https:\/\/luxurymagazine.cz\/wp-content\/uploads\/2025\/09\/173781910_777944519525078_5088632988629142280_n-300x225.jpg 300w, https:\/\/luxurymagazine.cz\/wp-content\/uploads\/2025\/09\/173781910_777944519525078_5088632988629142280_n-768x576.jpg 768w, https:\/\/luxurymagazine.cz\/wp-content\/uploads\/2025\/09\/173781910_777944519525078_5088632988629142280_n-1536x1152.jpg 1536w, https:\/\/luxurymagazine.cz\/wp-content\/uploads\/2025\/09\/173781910_777944519525078_5088632988629142280_n.jpg 2016w\" sizes=\"(max-width: 1024px) 100vw, 1024px\" \/><\/figure>\n\n\n\n<figure class=\"wp-block-image size-large\"><img decoding=\"async\" loading=\"lazy\" width=\"1024\" height=\"768\" data-id=\"7391\" src=\"https:\/\/luxurymagazine.cz\/wp-content\/uploads\/2025\/09\/173808676_777944466191750_8872514733445021256_n-1024x768.jpg\" alt=\"Flat-pack kontejnery: flexibiln\u00ed \u0159e\u0161en\u00ed pro modern\u00ed pot\u0159eby\" class=\"wp-image-7391\" srcset=\"https:\/\/luxurymagazine.cz\/wp-content\/uploads\/2025\/09\/173808676_777944466191750_8872514733445021256_n-1024x768.jpg 1024w, https:\/\/luxurymagazine.cz\/wp-content\/uploads\/2025\/09\/173808676_777944466191750_8872514733445021256_n-300x225.jpg 300w, https:\/\/luxurymagazine.cz\/wp-content\/uploads\/2025\/09\/173808676_777944466191750_8872514733445021256_n-768x576.jpg 768w, https:\/\/luxurymagazine.cz\/wp-content\/uploads\/2025\/09\/173808676_777944466191750_8872514733445021256_n-1536x1152.jpg 1536w, https:\/\/luxurymagazine.cz\/wp-content\/uploads\/2025\/09\/173808676_777944466191750_8872514733445021256_n.jpg 2016w\" sizes=\"(max-width: 1024px) 100vw, 1024px\" \/><\/figure>\n\n\n\n<figure class=\"wp-block-image size-large\"><img decoding=\"async\" loading=\"lazy\" width=\"1024\" height=\"576\" data-id=\"7389\" src=\"https:\/\/luxurymagazine.cz\/wp-content\/uploads\/2025\/09\/474484181_1183952039913903_6651703689758392659_n-1024x576.jpg\" alt=\"Flat-pack kontejnery: flexibiln\u00ed \u0159e\u0161en\u00ed pro modern\u00ed pot\u0159eby\" class=\"wp-image-7389\" srcset=\"https:\/\/luxurymagazine.cz\/wp-content\/uploads\/2025\/09\/474484181_1183952039913903_6651703689758392659_n-1024x576.jpg 1024w, https:\/\/luxurymagazine.cz\/wp-content\/uploads\/2025\/09\/474484181_1183952039913903_6651703689758392659_n-300x169.jpg 300w, https:\/\/luxurymagazine.cz\/wp-content\/uploads\/2025\/09\/474484181_1183952039913903_6651703689758392659_n-768x432.jpg 768w, https:\/\/luxurymagazine.cz\/wp-content\/uploads\/2025\/09\/474484181_1183952039913903_6651703689758392659_n-1536x864.jpg 1536w, https:\/\/luxurymagazine.cz\/wp-content\/uploads\/2025\/09\/474484181_1183952039913903_6651703689758392659_n.jpg 2048w\" sizes=\"(max-width: 1024px) 100vw, 1024px\" \/><\/figure>\n<\/figure>\n\n\n\n<div style=\"height:34px\" aria-hidden=\"true\" class=\"wp-block-spacer\"><\/div>\n\n\n\n<p><strong>Zdroj foto: <\/strong>technicke-montaze.cz<\/p>\n\n\n\n<div style=\"height:100px\" aria-hidden=\"true\" class=\"wp-block-spacer\"><\/div>\n","protected":false},"excerpt":{"rendered":"<p>V posledn\u00edch letech za\u017e\u00edvaj\u00ed\u00a0flat-pack kontejnery\u00a0(\u010desky tak\u00e9 skl\u00e1dac\u00ed nebo montovan\u00e9 kontejnery) v\u00fdrazn\u00fd n\u00e1r\u016fst popularity. D\u00edky sv\u00e9 variabilit\u011b, snadn\u00e9 p\u0159eprav\u011b a \u0161irok\u00e9mu spektru vyu\u017eit\u00ed si z\u00edsk\u00e1vaj\u00ed oblibu nap\u0159\u00ed\u010d r\u016fzn\u00fdmi odv\u011btv\u00edmi \u2013 od stavebnictv\u00ed p\u0159es humanit\u00e1rn\u00ed pomoc a\u017e po rekrea\u010dn\u00ed vyu\u017eit\u00ed. Co p\u0159esn\u011b flat-pack kontejnery jsou, jak se pou\u017e\u00edvaj\u00ed a pro\u010d stoj\u00ed za pozornost? Co jsou flat-pack kontejnery [&hellip;]<\/p>\n","protected":false},"author":3,"featured_media":7387,"comment_status":"closed","ping_status":"closed","sticky":false,"template":"","format":"standard","meta":{"_mi_skip_tracking":false,"_monsterinsights_sitenote_active":false,"_monsterinsights_sitenote_note":"","_monsterinsights_sitenote_category":0,"footnotes":""},"categories":[5,2,9,13],"tags":[],"yoast_head":"<!-- This site is optimized with the Yoast SEO plugin v21.4 - https:\/\/yoast.com\/wordpress\/plugins\/seo\/ -->\n<title>Flat-pack kontejnery: flexibiln\u00ed \u0159e\u0161en\u00ed pro modern\u00ed pot\u0159eby - LUXURYMAGAZINE.cz<\/title>\n<meta name=\"robots\" content=\"index, follow, max-snippet:-1, max-image-preview:large, max-video-preview:-1\" \/>\n<link rel=\"canonical\" href=\"https:\/\/luxurymagazine.cz\/index.php\/2025\/09\/28\/flat-pack-kontejnery-flexibilni-reseni-pro-moderni-potreby\/\" \/>\n<meta property=\"og:locale\" content=\"cs_CZ\" \/>\n<meta property=\"og:type\" content=\"article\" \/>\n<meta property=\"og:title\" content=\"Flat-pack kontejnery: flexibiln\u00ed \u0159e\u0161en\u00ed pro modern\u00ed pot\u0159eby - LUXURYMAGAZINE.cz\" \/>\n<meta property=\"og:description\" content=\"V posledn\u00edch letech za\u017e\u00edvaj\u00ed\u00a0flat-pack kontejnery\u00a0(\u010desky tak\u00e9 skl\u00e1dac\u00ed nebo montovan\u00e9 kontejnery) v\u00fdrazn\u00fd n\u00e1r\u016fst popularity. D\u00edky sv\u00e9 variabilit\u011b, snadn\u00e9 p\u0159eprav\u011b a \u0161irok\u00e9mu spektru vyu\u017eit\u00ed si z\u00edsk\u00e1vaj\u00ed oblibu nap\u0159\u00ed\u010d r\u016fzn\u00fdmi odv\u011btv\u00edmi \u2013 od stavebnictv\u00ed p\u0159es humanit\u00e1rn\u00ed pomoc a\u017e po rekrea\u010dn\u00ed vyu\u017eit\u00ed. Co p\u0159esn\u011b flat-pack kontejnery jsou, jak se pou\u017e\u00edvaj\u00ed a pro\u010d stoj\u00ed za pozornost? Co jsou flat-pack kontejnery [&hellip;]\" \/>\n<meta property=\"og:url\" content=\"https:\/\/luxurymagazine.cz\/index.php\/2025\/09\/28\/flat-pack-kontejnery-flexibilni-reseni-pro-moderni-potreby\/\" \/>\n<meta property=\"og:site_name\" content=\"LUXURYMAGAZINE.cz\" \/>\n<meta property=\"article:published_time\" content=\"2025-09-27T22:01:00+00:00\" \/>\n<meta property=\"article:modified_time\" content=\"2025-11-10T23:49:05+00:00\" \/>\n<meta property=\"og:image\" content=\"https:\/\/luxurymagazine.cz\/wp-content\/uploads\/2025\/09\/480228691_1610708392915349_8114426300226219863_n.jpg\" \/>\n\t<meta property=\"og:image:width\" content=\"1000\" \/>\n\t<meta property=\"og:image:height\" content=\"750\" \/>\n\t<meta property=\"og:image:type\" content=\"image\/jpeg\" \/>\n<meta name=\"author\" content=\"Miroslav Van\u011bk\" \/>\n<meta name=\"twitter:card\" content=\"summary_large_image\" \/>\n<meta name=\"twitter:label1\" content=\"Napsal(a)\" \/>\n\t<meta name=\"twitter:data1\" content=\"Miroslav Van\u011bk\" \/>\n\t<meta name=\"twitter:label2\" content=\"Odhadovan\u00e1 doba \u010dten\u00ed\" \/>\n\t<meta name=\"twitter:data2\" content=\"5 minut\" \/>\n<script type=\"application\/ld+json\" class=\"yoast-schema-graph\">{\"@context\":\"https:\/\/schema.org\",\"@graph\":[{\"@type\":\"Article\",\"@id\":\"https:\/\/luxurymagazine.cz\/index.php\/2025\/09\/28\/flat-pack-kontejnery-flexibilni-reseni-pro-moderni-potreby\/#article\",\"isPartOf\":{\"@id\":\"https:\/\/luxurymagazine.cz\/index.php\/2025\/09\/28\/flat-pack-kontejnery-flexibilni-reseni-pro-moderni-potreby\/\"},\"author\":{\"name\":\"Miroslav Van\u011bk\",\"@id\":\"https:\/\/luxurymagazine.cz\/#\/schema\/person\/44a069a3b1eab523585f7325b6e54254\"},\"headline\":\"Flat-pack kontejnery: flexibiln\u00ed \u0159e\u0161en\u00ed pro modern\u00ed pot\u0159eby\",\"datePublished\":\"2025-09-27T22:01:00+00:00\",\"dateModified\":\"2025-11-10T23:49:05+00:00\",\"mainEntityOfPage\":{\"@id\":\"https:\/\/luxurymagazine.cz\/index.php\/2025\/09\/28\/flat-pack-kontejnery-flexibilni-reseni-pro-moderni-potreby\/\"},\"wordCount\":662,\"publisher\":{\"@id\":\"https:\/\/luxurymagazine.cz\/#organization\"},\"articleSection\":[\"BYDLEN\u00cd &amp; DESIGN\",\"NEWS\",\"TECHNIKA &amp; SPOT\u0158EBI\u010cE\",\"TIPY &amp; TRENDY\"],\"inLanguage\":\"cs\"},{\"@type\":\"WebPage\",\"@id\":\"https:\/\/luxurymagazine.cz\/index.php\/2025\/09\/28\/flat-pack-kontejnery-flexibilni-reseni-pro-moderni-potreby\/\",\"url\":\"https:\/\/luxurymagazine.cz\/index.php\/2025\/09\/28\/flat-pack-kontejnery-flexibilni-reseni-pro-moderni-potreby\/\",\"name\":\"Flat-pack kontejnery: flexibiln\u00ed \u0159e\u0161en\u00ed pro modern\u00ed pot\u0159eby - LUXURYMAGAZINE.cz\",\"isPartOf\":{\"@id\":\"https:\/\/luxurymagazine.cz\/#website\"},\"datePublished\":\"2025-09-27T22:01:00+00:00\",\"dateModified\":\"2025-11-10T23:49:05+00:00\",\"breadcrumb\":{\"@id\":\"https:\/\/luxurymagazine.cz\/index.php\/2025\/09\/28\/flat-pack-kontejnery-flexibilni-reseni-pro-moderni-potreby\/#breadcrumb\"},\"inLanguage\":\"cs\",\"potentialAction\":[{\"@type\":\"ReadAction\",\"target\":[\"https:\/\/luxurymagazine.cz\/index.php\/2025\/09\/28\/flat-pack-kontejnery-flexibilni-reseni-pro-moderni-potreby\/\"]}]},{\"@type\":\"BreadcrumbList\",\"@id\":\"https:\/\/luxurymagazine.cz\/index.php\/2025\/09\/28\/flat-pack-kontejnery-flexibilni-reseni-pro-moderni-potreby\/#breadcrumb\",\"itemListElement\":[{\"@type\":\"ListItem\",\"position\":1,\"name\":\"Dom\u016f\",\"item\":\"https:\/\/luxurymagazine.cz\/\"},{\"@type\":\"ListItem\",\"position\":2,\"name\":\"Flat-pack kontejnery: flexibiln\u00ed \u0159e\u0161en\u00ed pro modern\u00ed pot\u0159eby\"}]},{\"@type\":\"WebSite\",\"@id\":\"https:\/\/luxurymagazine.cz\/#website\",\"url\":\"https:\/\/luxurymagazine.cz\/\",\"name\":\"LUXURYMAGAZINE.cz\",\"description\":\"Port\u00e1l v\u00fdhradn\u011b o luxusu...\",\"publisher\":{\"@id\":\"https:\/\/luxurymagazine.cz\/#organization\"},\"potentialAction\":[{\"@type\":\"SearchAction\",\"target\":{\"@type\":\"EntryPoint\",\"urlTemplate\":\"https:\/\/luxurymagazine.cz\/?s={search_term_string}\"},\"query-input\":\"required name=search_term_string\"}],\"inLanguage\":\"cs\"},{\"@type\":\"Organization\",\"@id\":\"https:\/\/luxurymagazine.cz\/#organization\",\"name\":\"LUXURYMAGAZINE.cz\",\"url\":\"https:\/\/luxurymagazine.cz\/\",\"logo\":{\"@type\":\"ImageObject\",\"inLanguage\":\"cs\",\"@id\":\"https:\/\/luxurymagazine.cz\/#\/schema\/logo\/image\/\",\"url\":\"https:\/\/luxurymagazine.cz\/wp-content\/uploads\/2024\/12\/cropped-Logo_LuxuryMagazine-1.jpg\",\"contentUrl\":\"https:\/\/luxurymagazine.cz\/wp-content\/uploads\/2024\/12\/cropped-Logo_LuxuryMagazine-1.jpg\",\"width\":934,\"height\":509,\"caption\":\"LUXURYMAGAZINE.cz\"},\"image\":{\"@id\":\"https:\/\/luxurymagazine.cz\/#\/schema\/logo\/image\/\"}},{\"@type\":\"Person\",\"@id\":\"https:\/\/luxurymagazine.cz\/#\/schema\/person\/44a069a3b1eab523585f7325b6e54254\",\"name\":\"Miroslav Van\u011bk\",\"image\":{\"@type\":\"ImageObject\",\"inLanguage\":\"cs\",\"@id\":\"https:\/\/luxurymagazine.cz\/#\/schema\/person\/image\/\",\"url\":\"https:\/\/secure.gravatar.com\/avatar\/cc93dbecbfc820d69a964ea4a1c72377?s=96&d=mm&r=g\",\"contentUrl\":\"https:\/\/secure.gravatar.com\/avatar\/cc93dbecbfc820d69a964ea4a1c72377?s=96&d=mm&r=g\",\"caption\":\"Miroslav Van\u011bk\"},\"sameAs\":[\"http:\/\/LUXURYMAGAZINE.cz\"],\"url\":\"https:\/\/luxurymagazine.cz\/index.php\/author\/mirvan\/\"}]}<\/script>\n<!-- \/ Yoast SEO plugin. -->","yoast_head_json":{"title":"Flat-pack kontejnery: flexibiln\u00ed \u0159e\u0161en\u00ed pro modern\u00ed pot\u0159eby - LUXURYMAGAZINE.cz","robots":{"index":"index","follow":"follow","max-snippet":"max-snippet:-1","max-image-preview":"max-image-preview:large","max-video-preview":"max-video-preview:-1"},"canonical":"https:\/\/luxurymagazine.cz\/index.php\/2025\/09\/28\/flat-pack-kontejnery-flexibilni-reseni-pro-moderni-potreby\/","og_locale":"cs_CZ","og_type":"article","og_title":"Flat-pack kontejnery: flexibiln\u00ed \u0159e\u0161en\u00ed pro modern\u00ed pot\u0159eby - LUXURYMAGAZINE.cz","og_description":"V posledn\u00edch letech za\u017e\u00edvaj\u00ed\u00a0flat-pack kontejnery\u00a0(\u010desky tak\u00e9 skl\u00e1dac\u00ed nebo montovan\u00e9 kontejnery) v\u00fdrazn\u00fd n\u00e1r\u016fst popularity. D\u00edky sv\u00e9 variabilit\u011b, snadn\u00e9 p\u0159eprav\u011b a \u0161irok\u00e9mu spektru vyu\u017eit\u00ed si z\u00edsk\u00e1vaj\u00ed oblibu nap\u0159\u00ed\u010d r\u016fzn\u00fdmi odv\u011btv\u00edmi \u2013 od stavebnictv\u00ed p\u0159es humanit\u00e1rn\u00ed pomoc a\u017e po rekrea\u010dn\u00ed vyu\u017eit\u00ed. Co p\u0159esn\u011b flat-pack kontejnery jsou, jak se pou\u017e\u00edvaj\u00ed a pro\u010d stoj\u00ed za pozornost? Co jsou flat-pack kontejnery [&hellip;]","og_url":"https:\/\/luxurymagazine.cz\/index.php\/2025\/09\/28\/flat-pack-kontejnery-flexibilni-reseni-pro-moderni-potreby\/","og_site_name":"LUXURYMAGAZINE.cz","article_published_time":"2025-09-27T22:01:00+00:00","article_modified_time":"2025-11-10T23:49:05+00:00","og_image":[{"width":1000,"height":750,"url":"https:\/\/luxurymagazine.cz\/wp-content\/uploads\/2025\/09\/480228691_1610708392915349_8114426300226219863_n.jpg","type":"image\/jpeg"}],"author":"Miroslav Van\u011bk","twitter_card":"summary_large_image","twitter_misc":{"Napsal(a)":"Miroslav Van\u011bk","Odhadovan\u00e1 doba \u010dten\u00ed":"5 minut"},"schema":{"@context":"https:\/\/schema.org","@graph":[{"@type":"Article","@id":"https:\/\/luxurymagazine.cz\/index.php\/2025\/09\/28\/flat-pack-kontejnery-flexibilni-reseni-pro-moderni-potreby\/#article","isPartOf":{"@id":"https:\/\/luxurymagazine.cz\/index.php\/2025\/09\/28\/flat-pack-kontejnery-flexibilni-reseni-pro-moderni-potreby\/"},"author":{"name":"Miroslav Van\u011bk","@id":"https:\/\/luxurymagazine.cz\/#\/schema\/person\/44a069a3b1eab523585f7325b6e54254"},"headline":"Flat-pack kontejnery: flexibiln\u00ed \u0159e\u0161en\u00ed pro modern\u00ed pot\u0159eby","datePublished":"2025-09-27T22:01:00+00:00","dateModified":"2025-11-10T23:49:05+00:00","mainEntityOfPage":{"@id":"https:\/\/luxurymagazine.cz\/index.php\/2025\/09\/28\/flat-pack-kontejnery-flexibilni-reseni-pro-moderni-potreby\/"},"wordCount":662,"publisher":{"@id":"https:\/\/luxurymagazine.cz\/#organization"},"articleSection":["BYDLEN\u00cd &amp; DESIGN","NEWS","TECHNIKA &amp; SPOT\u0158EBI\u010cE","TIPY &amp; TRENDY"],"inLanguage":"cs"},{"@type":"WebPage","@id":"https:\/\/luxurymagazine.cz\/index.php\/2025\/09\/28\/flat-pack-kontejnery-flexibilni-reseni-pro-moderni-potreby\/","url":"https:\/\/luxurymagazine.cz\/index.php\/2025\/09\/28\/flat-pack-kontejnery-flexibilni-reseni-pro-moderni-potreby\/","name":"Flat-pack kontejnery: flexibiln\u00ed \u0159e\u0161en\u00ed pro modern\u00ed pot\u0159eby - LUXURYMAGAZINE.cz","isPartOf":{"@id":"https:\/\/luxurymagazine.cz\/#website"},"datePublished":"2025-09-27T22:01:00+00:00","dateModified":"2025-11-10T23:49:05+00:00","breadcrumb":{"@id":"https:\/\/luxurymagazine.cz\/index.php\/2025\/09\/28\/flat-pack-kontejnery-flexibilni-reseni-pro-moderni-potreby\/#breadcrumb"},"inLanguage":"cs","potentialAction":[{"@type":"ReadAction","target":["https:\/\/luxurymagazine.cz\/index.php\/2025\/09\/28\/flat-pack-kontejnery-flexibilni-reseni-pro-moderni-potreby\/"]}]},{"@type":"BreadcrumbList","@id":"https:\/\/luxurymagazine.cz\/index.php\/2025\/09\/28\/flat-pack-kontejnery-flexibilni-reseni-pro-moderni-potreby\/#breadcrumb","itemListElement":[{"@type":"ListItem","position":1,"name":"Dom\u016f","item":"https:\/\/luxurymagazine.cz\/"},{"@type":"ListItem","position":2,"name":"Flat-pack kontejnery: flexibiln\u00ed \u0159e\u0161en\u00ed pro modern\u00ed pot\u0159eby"}]},{"@type":"WebSite","@id":"https:\/\/luxurymagazine.cz\/#website","url":"https:\/\/luxurymagazine.cz\/","name":"LUXURYMAGAZINE.cz","description":"Port\u00e1l v\u00fdhradn\u011b o luxusu...","publisher":{"@id":"https:\/\/luxurymagazine.cz\/#organization"},"potentialAction":[{"@type":"SearchAction","target":{"@type":"EntryPoint","urlTemplate":"https:\/\/luxurymagazine.cz\/?s={search_term_string}"},"query-input":"required name=search_term_string"}],"inLanguage":"cs"},{"@type":"Organization","@id":"https:\/\/luxurymagazine.cz\/#organization","name":"LUXURYMAGAZINE.cz","url":"https:\/\/luxurymagazine.cz\/","logo":{"@type":"ImageObject","inLanguage":"cs","@id":"https:\/\/luxurymagazine.cz\/#\/schema\/logo\/image\/","url":"https:\/\/luxurymagazine.cz\/wp-content\/uploads\/2024\/12\/cropped-Logo_LuxuryMagazine-1.jpg","contentUrl":"https:\/\/luxurymagazine.cz\/wp-content\/uploads\/2024\/12\/cropped-Logo_LuxuryMagazine-1.jpg","width":934,"height":509,"caption":"LUXURYMAGAZINE.cz"},"image":{"@id":"https:\/\/luxurymagazine.cz\/#\/schema\/logo\/image\/"}},{"@type":"Person","@id":"https:\/\/luxurymagazine.cz\/#\/schema\/person\/44a069a3b1eab523585f7325b6e54254","name":"Miroslav Van\u011bk","image":{"@type":"ImageObject","inLanguage":"cs","@id":"https:\/\/luxurymagazine.cz\/#\/schema\/person\/image\/","url":"https:\/\/secure.gravatar.com\/avatar\/cc93dbecbfc820d69a964ea4a1c72377?s=96&d=mm&r=g","contentUrl":"https:\/\/secure.gravatar.com\/avatar\/cc93dbecbfc820d69a964ea4a1c72377?s=96&d=mm&r=g","caption":"Miroslav Van\u011bk"},"sameAs":["http:\/\/LUXURYMAGAZINE.cz"],"url":"https:\/\/luxurymagazine.cz\/index.php\/author\/mirvan\/"}]}},"_links":{"self":[{"href":"https:\/\/luxurymagazine.cz\/index.php\/wp-json\/wp\/v2\/posts\/7386"}],"collection":[{"href":"https:\/\/luxurymagazine.cz\/index.php\/wp-json\/wp\/v2\/posts"}],"about":[{"href":"https:\/\/luxurymagazine.cz\/index.php\/wp-json\/wp\/v2\/types\/post"}],"author":[{"embeddable":true,"href":"https:\/\/luxurymagazine.cz\/index.php\/wp-json\/wp\/v2\/users\/3"}],"replies":[{"embeddable":true,"href":"https:\/\/luxurymagazine.cz\/index.php\/wp-json\/wp\/v2\/comments?post=7386"}],"version-history":[{"count":-4,"href":"https:\/\/luxurymagazine.cz\/index.php\/wp-json\/wp\/v2\/posts\/7386\/revisions"}],"wp:featuredmedia":[{"embeddable":true,"href":"https:\/\/luxurymagazine.cz\/index.php\/wp-json\/wp\/v2\/media\/7387"}],"wp:attachment":[{"href":"https:\/\/luxurymagazine.cz\/index.php\/wp-json\/wp\/v2\/media?parent=7386"}],"wp:term":[{"taxonomy":"category","embeddable":true,"href":"https:\/\/luxurymagazine.cz\/index.php\/wp-json\/wp\/v2\/categories?post=7386"},{"taxonomy":"post_tag","embeddable":true,"href":"https:\/\/luxurymagazine.cz\/index.php\/wp-json\/wp\/v2\/tags?post=7386"}],"curies":[{"name":"wp","href":"https:\/\/api.w.org\/{rel}","templated":true}]}}