{"id":7716,"date":"2026-01-22T00:01:06","date_gmt":"2026-01-21T23:01:06","guid":{"rendered":"https:\/\/luxurymagazine.cz\/?p=7716"},"modified":"2026-04-05T21:00:11","modified_gmt":"2026-04-05T19:00:11","slug":"trend-moto-boho-kdyz-se-romantika-potka-s-rebelii","status":"publish","type":"post","link":"https:\/\/luxurymagazine.cz\/index.php\/2026\/01\/22\/trend-moto-boho-kdyz-se-romantika-potka-s-rebelii\/","title":{"rendered":"Trend Moto Boho. Kdy\u017e se romantika potk\u00e1 s rebeli\u00ed"},"content":{"rendered":"\n<div style=\"height:40px\" aria-hidden=\"true\" class=\"wp-block-spacer\"><\/div>\n\n\n\n<p class=\"has-medium-font-size\"><strong>M\u00f3da miluje kontrasty. A pr\u00e1v\u011b z nich se rod\u00ed nov\u00e9 ikony stylu. Leto\u0161n\u00ed sezona p\u0159in\u00e1\u0161\u00ed ne\u010dekan\u00e9 spojen\u00ed dvou sv\u011bt\u016f: svobodomysln\u00e9ho boho a drsn\u00e9ho motork\u00e1\u0159sk\u00e9ho stylu. Trend \u201eMoto Boho\u201c stav\u00ed na nap\u011bt\u00ed mezi \u017eenskost\u00ed a s\u00edlou, jemnost\u00ed a syrovost\u00ed, nostalgi\u00ed a futurismem.<\/strong><\/p>\n\n\n\n<div style=\"height:40px\" aria-hidden=\"true\" class=\"wp-block-spacer\"><\/div>\n\n\n\n<figure class=\"wp-block-image size-large\"><img decoding=\"async\" loading=\"lazy\" width=\"1024\" height=\"576\" src=\"https:\/\/luxurymagazine.cz\/wp-content\/uploads\/2025\/11\/533293006_1340159551010722_830362979614335269_n-1024x576.jpeg\" alt=\"Trend Moto Boho. Kdy\u017e se romantika potk\u00e1 s rebeli\u00ed\" class=\"wp-image-7717\" srcset=\"https:\/\/luxurymagazine.cz\/wp-content\/uploads\/2025\/11\/533293006_1340159551010722_830362979614335269_n-1024x576.jpeg 1024w, https:\/\/luxurymagazine.cz\/wp-content\/uploads\/2025\/11\/533293006_1340159551010722_830362979614335269_n-300x169.jpeg 300w, https:\/\/luxurymagazine.cz\/wp-content\/uploads\/2025\/11\/533293006_1340159551010722_830362979614335269_n-768x432.jpeg 768w, https:\/\/luxurymagazine.cz\/wp-content\/uploads\/2025\/11\/533293006_1340159551010722_830362979614335269_n-1536x864.jpeg 1536w, https:\/\/luxurymagazine.cz\/wp-content\/uploads\/2025\/11\/533293006_1340159551010722_830362979614335269_n.jpeg 2048w\" sizes=\"(max-width: 1024px) 100vw, 1024px\" \/><\/figure>\n\n\n\n<div style=\"height:40px\" aria-hidden=\"true\" class=\"wp-block-spacer\"><\/div>\n\n\n\n<p class=\"has-medium-font-size\">Z\u00e1kladem jsou ko\u017een\u00e9 bundy, korzety, mini sukn\u011b a vintage topy, kter\u00e9 se kombinuj\u00ed s prvky jako h\u00e1\u010dkovan\u00e9 \u0161aty, krajka, t\u0159\u00e1sn\u011b, ko\u017ee\u0161iny nebo flitry. V\u0161echno p\u016fsob\u00ed lehce neupraven\u011b, jako by cel\u00fd outfit vznikl spont\u00e1nn\u011b \u2013 ale pr\u00e1v\u011b v tom je cel\u00e9 kouzlo.<\/p>\n\n\n\n<div style=\"height:40px\" class=\"wp-block-spacer\"><\/div>\n\n\n\n<figure class=\"wp-block-gallery has-nested-images columns-2 is-cropped wp-block-gallery-1 is-layout-flex wp-block-gallery-is-layout-flex\">\n<figure class=\"wp-block-image size-large\"><img decoding=\"async\" data-id=\"5700\" src=\"https:\/\/prazskaparizska.cz\/wp-content\/uploads\/2025\/11\/572651423_18534567922059618_1817700583309570969_n-821x1024.jpeg\" alt=\"Trend Moto Boho. Kdy\u017e se romantika potk\u00e1 s rebeli\u00ed\" class=\"wp-image-5700\" \/><\/figure>\n\n\n\n<figure class=\"wp-block-image size-large\"><img decoding=\"async\" data-id=\"5701\" src=\"https:\/\/prazskaparizska.cz\/wp-content\/uploads\/2025\/11\/573980835_18534972535059618_712775961933172030_n-822x1024.jpeg\" alt=\"Trend Moto Boho. Kdy\u017e se romantika potk\u00e1 s rebeli\u00ed\" class=\"wp-image-5701\" \/><\/figure>\n\n\n\n<figure class=\"wp-block-image size-large\"><img decoding=\"async\" data-id=\"5702\" src=\"https:\/\/prazskaparizska.cz\/wp-content\/uploads\/2025\/11\/571460141_18535308565059618_6191234295797004666_n-821x1024.jpeg\" alt=\"Trend Moto Boho. Kdy\u017e se romantika potk\u00e1 s rebeli\u00ed\" class=\"wp-image-5702\" \/><figcaption class=\"wp-element-caption\">Chlo\u00e9 Winter 25<\/figcaption><\/figure>\n<\/figure>\n\n\n\n<div style=\"height:40px\" class=\"wp-block-spacer\"><\/div>\n\n\n\n<p class=\"has-medium-font-size\">Z palet dominuj\u00ed \u010dern\u00e1, b\u00e9\u017eov\u00e1, \u0161ed\u00e1 a zlatav\u00e9 t\u00f3ny, \u010dasto s metalick\u00fdm leskem \u010di o\u0161oupan\u00fdm efektem. Dopl\u0148ky hraj\u00ed z\u00e1sadn\u00ed roli: koza\u010dky po kolena, robustn\u00ed p\u00e1sky, vintage \u0161perky, v\u00fdrazn\u00e9 kabelky a slune\u010dn\u00ed br\u00fdle s tenk\u00fdmi obrou\u010dkami.<\/p>\n\n\n\n<div style=\"height:40px\" class=\"wp-block-spacer\"><\/div>\n\n\n\n<figure class=\"wp-block-gallery has-nested-images columns-default is-cropped wp-block-gallery-3 is-layout-flex wp-block-gallery-is-layout-flex\">\n<figure class=\"wp-block-image size-large\"><img decoding=\"async\" data-id=\"5707\" src=\"https:\/\/prazskaparizska.cz\/wp-content\/uploads\/2025\/11\/525687737_1166092905560388_1105511657186571808_n-819x1024.jpeg\" alt=\"Trend Moto Boho. Kdy\u017e se romantika potk\u00e1 s rebeli\u00ed\" class=\"wp-image-5707\" \/><figcaption class=\"wp-element-caption\">Balmain, 2025<\/figcaption><\/figure>\n\n\n\n<figure class=\"wp-block-image size-large\"><img decoding=\"async\" data-id=\"5708\" src=\"https:\/\/prazskaparizska.cz\/wp-content\/uploads\/2025\/11\/525471963_1164466569056355_5632299349428595103_n-819x1024.jpeg\" alt=\"Trend Moto Boho. Kdy\u017e se romantika potk\u00e1 s rebeli\u00ed\" class=\"wp-image-5708\" \/><\/figure>\n<\/figure>\n\n\n\n<div style=\"height:40px\" class=\"wp-block-spacer\"><\/div>\n\n\n\n<h2 class=\"wp-block-heading\">Street style vs. p\u0159ehl\u00eddkov\u00e1 mola<\/h2>\n\n\n\n<div style=\"height:40px\" class=\"wp-block-spacer\"><\/div>\n\n\n\n<p class=\"has-medium-font-size\">Dom\u00e1c\u00ed i mezin\u00e1rodn\u00ed p\u0159ehl\u00eddkov\u00e1 mola \u2013 Chlo\u00e9, Balmain, Saint Laurent \u010di Isabel Marant \u2013 ukazuj\u00ed, \u017ee Moto Boho je nejen trendy, ale i univerz\u00e1ln\u00ed:<\/p>\n\n\n\n<ul class=\"wp-block-list\">\n<li class=\"has-medium-font-size\">Na p\u0159ehl\u00eddk\u00e1ch: vrstven\u00e9 \u0161aty, ko\u017een\u00e9 kab\u00e1ty, t\u0159\u00e1sn\u011b a kovov\u00e9 dopl\u0148ky.<\/li>\n\n\n\n<li class=\"has-medium-font-size\">Na ulici: jednodu\u0161\u0161\u00ed kombinace \u2013 ko\u017een\u00e1 bunda + pliss\u00e9 sukn\u011b + kotn\u00edkov\u00e9 boty + robustn\u00ed kabelka.<\/li>\n<\/ul>\n\n\n\n<div style=\"height:40px\" class=\"wp-block-spacer\"><\/div>\n\n\n\n<figure class=\"wp-block-gallery has-nested-images columns-default is-cropped wp-block-gallery-5 is-layout-flex wp-block-gallery-is-layout-flex\">\n<figure class=\"wp-block-image size-large\"><img decoding=\"async\" data-id=\"5713\" src=\"https:\/\/prazskaparizska.cz\/wp-content\/uploads\/2025\/11\/550517428_1350558149969331_8820963648057614427_n-1-819x1024.jpeg\" alt=\"Trend Moto Boho. Kdy\u017e se romantika potk\u00e1 s rebeli\u00ed\" class=\"wp-image-5713\" \/><figcaption class=\"wp-element-caption\">Isabel Marant, 2025<\/figcaption><\/figure>\n\n\n\n<figure class=\"wp-block-image size-large\"><img decoding=\"async\" data-id=\"5723\" src=\"https:\/\/prazskaparizska.cz\/wp-content\/uploads\/2025\/11\/547766341_1209234944579517_5736032786444522871_n-819x1024.jpeg\" alt=\"Trend Moto Boho. Kdy\u017e se romantika potk\u00e1 s rebeli\u00ed\" class=\"wp-image-5723\" \/><\/figure>\n<\/figure>\n\n\n\n<div style=\"height:49px\" class=\"wp-block-spacer\"><\/div>\n\n\n\n<p class=\"has-medium-font-size\">Vrstven\u00ed a textury hraj\u00ed kl\u00ed\u010dovou roli: p\u0159es jemn\u00e9, romantick\u00e9 \u0161aty lze obl\u00e9ct ko\u017eenou bikerku, pod kab\u00e1t d\u00e1t pletenou vesti\u010dku nebo korzetov\u00fd top a doplnit robustn\u00edmi botami \u010di p\u00e1sky. T\u0159\u00e1sn\u011b, st\u0159apce a flitry dod\u00e1vaj\u00ed pohybu a dynamiku, zat\u00edmco kovov\u00e9 detaily a vintage knofl\u00edky p\u016fsob\u00ed sv\u016fdn\u011b i rebelsky. <\/p>\n\n\n\n<h4 class=\"wp-block-heading\"><strong>Tipy nejen pro sv\u00e1te\u010dn\u00ed look<\/strong><\/h4>\n\n\n\n<ul class=\"wp-block-list\">\n<li class=\"has-medium-font-size\"><strong>Party ready:<\/strong> romantick\u00e1 sukn\u011b s vle\u010dkou + ko\u017een\u00e1 bikerka + vysok\u00e9 koza\u010dky nebo lodi\u010dky + \u010dern\u00e9 slune\u010dn\u00ed br\u00fdle<\/li>\n\n\n\n<li class=\"has-medium-font-size\"><strong>Den ve m\u011bst\u011b:<\/strong> h\u00e1\u010dkovan\u00e9 \u0161aty + semi\u0161ov\u00e9 boty + vintage kabelka<\/li>\n\n\n\n<li class=\"has-medium-font-size\"><strong>Office + ve\u010der:<\/strong> ko\u017een\u00e1 vesta p\u0159es krajkov\u00e9 \u0161aty + robustn\u00ed p\u00e1sky + metalick\u00e1 linka o\u010d\u00ed<\/li>\n<\/ul>\n\n\n\n<div style=\"height:40px\" class=\"wp-block-spacer\"><\/div>\n\n\n\n<figure class=\"wp-block-gallery has-nested-images columns-default is-cropped wp-block-gallery-7 is-layout-flex wp-block-gallery-is-layout-flex\">\n<figure class=\"wp-block-image size-large\"><img decoding=\"async\" data-id=\"5716\" src=\"https:\/\/prazskaparizska.cz\/wp-content\/uploads\/2025\/11\/532499140_1340159587677385_1354988456590974582_n-819x1024.jpeg\" alt=\"Trend Moto Boho. Kdy\u017e se romantika potk\u00e1 s rebeli\u00ed\" class=\"wp-image-5716\" \/><figcaption class=\"wp-element-caption\">Saint Laurent, 2025<\/figcaption><\/figure>\n\n\n\n<figure class=\"wp-block-image size-large\"><img decoding=\"async\" data-id=\"5717\" src=\"https:\/\/prazskaparizska.cz\/wp-content\/uploads\/2025\/11\/539781459_1351838609842816_4138953986121115799_n-1024x1024.jpeg\" alt=\"Trend Moto Boho. Kdy\u017e se romantika potk\u00e1 s rebeli\u00ed\" class=\"wp-image-5717\" \/><\/figure>\n<\/figure>\n\n\n\n<div style=\"height:40px\" class=\"wp-block-spacer\"><\/div>\n\n\n\n<p>Moto Boho je v\u00edc ne\u017e jen styl \u2013 je to postoj. Umo\u017e\u0148uje \u017een\u011b b\u00fdt romantick\u00e1 i drsn\u00e1, hrav\u00e1 i sebev\u011bdom\u00e1. D\u00e1v\u00e1 prostor pro vyj\u00e1d\u0159en\u00ed osobnosti, fantazie a svobody pohybu.<\/p>\n\n\n\n<div style=\"height:100px\" class=\"wp-block-spacer\"><\/div>\n\n\n\n<figure class=\"wp-block-gallery has-nested-images columns-default is-cropped wp-block-gallery-9 is-layout-flex wp-block-gallery-is-layout-flex\">\n<figure class=\"wp-block-image size-large\"><img decoding=\"async\" data-id=\"5723\" src=\"https:\/\/prazskaparizska.cz\/wp-content\/uploads\/2025\/11\/547766341_1209234944579517_5736032786444522871_n-819x1024.jpeg\" alt=\"Trend Moto Boho. Kdy\u017e se romantika potk\u00e1 s rebeli\u00ed\" class=\"wp-image-5723\" \/><\/figure>\n\n\n\n<figure class=\"wp-block-image size-large\"><img decoding=\"async\" data-id=\"5717\" src=\"https:\/\/prazskaparizska.cz\/wp-content\/uploads\/2025\/11\/539781459_1351838609842816_4138953986121115799_n-1024x1024.jpeg\" alt=\"Trend Moto Boho. Kdy\u017e se romantika potk\u00e1 s rebeli\u00ed\" class=\"wp-image-5717\" \/><\/figure>\n\n\n\n<figure class=\"wp-block-image size-large\"><img decoding=\"async\" data-id=\"5716\" src=\"https:\/\/prazskaparizska.cz\/wp-content\/uploads\/2025\/11\/532499140_1340159587677385_1354988456590974582_n-819x1024.jpeg\" alt=\"Trend Moto Boho. Kdy\u017e se romantika potk\u00e1 s rebeli\u00ed\" class=\"wp-image-5716\" \/><\/figure>\n\n\n\n<figure class=\"wp-block-image size-large\"><img decoding=\"async\" data-id=\"5715\" src=\"https:\/\/prazskaparizska.cz\/wp-content\/uploads\/2025\/11\/533293006_1340159551010722_830362979614335269_n-1024x576.jpeg\" alt=\"Trend Moto Boho. Kdy\u017e se romantika potk\u00e1 s rebeli\u00ed\" class=\"wp-image-5715\" \/><\/figure>\n\n\n\n<figure class=\"wp-block-image size-large\"><img decoding=\"async\" data-id=\"5713\" src=\"https:\/\/prazskaparizska.cz\/wp-content\/uploads\/2025\/11\/550517428_1350558149969331_8820963648057614427_n-1-819x1024.jpeg\" alt=\"Trend Moto Boho. Kdy\u017e se romantika potk\u00e1 s rebeli\u00ed\" class=\"wp-image-5713\" \/><\/figure>\n\n\n\n<figure class=\"wp-block-image size-large\"><img decoding=\"async\" data-id=\"5708\" src=\"https:\/\/prazskaparizska.cz\/wp-content\/uploads\/2025\/11\/525471963_1164466569056355_5632299349428595103_n-819x1024.jpeg\" alt=\"Trend Moto Boho. Kdy\u017e se romantika potk\u00e1 s rebeli\u00ed\" class=\"wp-image-5708\" \/><\/figure>\n\n\n\n<figure class=\"wp-block-image size-large\"><img decoding=\"async\" data-id=\"5707\" src=\"https:\/\/prazskaparizska.cz\/wp-content\/uploads\/2025\/11\/525687737_1166092905560388_1105511657186571808_n-819x1024.jpeg\" alt=\"Trend Moto Boho. Kdy\u017e se romantika potk\u00e1 s rebeli\u00ed\" class=\"wp-image-5707\" \/><\/figure>\n\n\n\n<figure class=\"wp-block-image size-large\"><img decoding=\"async\" data-id=\"5702\" src=\"https:\/\/prazskaparizska.cz\/wp-content\/uploads\/2025\/11\/571460141_18535308565059618_6191234295797004666_n-821x1024.jpeg\" alt=\"Trend Moto Boho. Kdy\u017e se romantika potk\u00e1 s rebeli\u00ed\" class=\"wp-image-5702\" \/><\/figure>\n\n\n\n<figure class=\"wp-block-image size-large\"><img decoding=\"async\" data-id=\"5701\" src=\"https:\/\/prazskaparizska.cz\/wp-content\/uploads\/2025\/11\/573980835_18534972535059618_712775961933172030_n-822x1024.jpeg\" alt=\"Trend Moto Boho. Kdy\u017e se romantika potk\u00e1 s rebeli\u00ed\" class=\"wp-image-5701\" \/><\/figure>\n\n\n\n<figure class=\"wp-block-image size-large\"><img decoding=\"async\" data-id=\"5700\" src=\"https:\/\/prazskaparizska.cz\/wp-content\/uploads\/2025\/11\/572651423_18534567922059618_1817700583309570969_n-821x1024.jpeg\" alt=\"Trend Moto Boho. Kdy\u017e se romantika potk\u00e1 s rebeli\u00ed\" class=\"wp-image-5700\" \/><\/figure>\n\n\n\n<figure class=\"wp-block-image size-large\"><img decoding=\"async\" data-id=\"5697\" src=\"https:\/\/prazskaparizska.cz\/wp-content\/uploads\/2025\/11\/573478887_1389970426028103_5933084142934973689_n-819x1024.jpeg\" alt=\"Trend Moto Boho. Kdy\u017e se romantika potk\u00e1 s rebeli\u00ed\" class=\"wp-image-5697\" \/><\/figure>\n<\/figure>\n\n\n\n<div style=\"height:100px\" class=\"wp-block-spacer\"><\/div>\n\n\n\n<p class=\"has-medium-font-size\"><strong>Zdroj foto<\/strong>: Balmain, Isabel Marant, Chloe, Saint Laurent <\/p>\n","protected":false},"excerpt":{"rendered":"<p>M\u00f3da miluje kontrasty. A pr\u00e1v\u011b z nich se rod\u00ed nov\u00e9 ikony stylu. Leto\u0161n\u00ed sezona p\u0159in\u00e1\u0161\u00ed ne\u010dekan\u00e9 spojen\u00ed dvou sv\u011bt\u016f: svobodomysln\u00e9ho boho a drsn\u00e9ho motork\u00e1\u0159sk\u00e9ho stylu. Trend \u201eMoto Boho\u201c stav\u00ed na nap\u011bt\u00ed mezi \u017eenskost\u00ed a s\u00edlou, jemnost\u00ed a syrovost\u00ed, nostalgi\u00ed a futurismem. Z\u00e1kladem jsou ko\u017een\u00e9 bundy, korzety, mini sukn\u011b a vintage topy, kter\u00e9 se kombinuj\u00ed s [&hellip;]<\/p>\n","protected":false},"author":10,"featured_media":7717,"comment_status":"closed","ping_status":"closed","sticky":false,"template":"","format":"standard","meta":{"_mi_skip_tracking":false,"_monsterinsights_sitenote_active":false,"_monsterinsights_sitenote_note":"","_monsterinsights_sitenote_category":0,"footnotes":""},"categories":[3,2],"tags":[195,240,212,234],"yoast_head":"<!-- This site is optimized with the Yoast SEO plugin v21.4 - https:\/\/yoast.com\/wordpress\/plugins\/seo\/ -->\n<title>Trend Moto Boho. Kdy\u017e se romantika potk\u00e1 s rebeli\u00ed - LUXURYMAGAZINE.cz<\/title>\n<meta name=\"description\" content=\"Leto\u0161n\u00ed sezona p\u0159in\u00e1\u0161\u00ed ne\u010dekan\u00e9 spojen\u00ed dvou sv\u011bt\u016f. Svobodomysln\u00e9ho boho a drsn\u00e9ho motork\u00e1\u0159sk\u00e9ho stylu. Inspirujte se i vy!\" \/>\n<meta name=\"robots\" content=\"index, follow, max-snippet:-1, max-image-preview:large, max-video-preview:-1\" \/>\n<link rel=\"canonical\" href=\"https:\/\/luxurymagazine.cz\/index.php\/2026\/01\/22\/trend-moto-boho-kdyz-se-romantika-potka-s-rebelii\/\" \/>\n<meta property=\"og:locale\" content=\"cs_CZ\" \/>\n<meta property=\"og:type\" content=\"article\" \/>\n<meta property=\"og:title\" content=\"Trend Moto Boho. Kdy\u017e se romantika potk\u00e1 s rebeli\u00ed - LUXURYMAGAZINE.cz\" \/>\n<meta property=\"og:description\" content=\"Leto\u0161n\u00ed sezona p\u0159in\u00e1\u0161\u00ed ne\u010dekan\u00e9 spojen\u00ed dvou sv\u011bt\u016f. Svobodomysln\u00e9ho boho a drsn\u00e9ho motork\u00e1\u0159sk\u00e9ho stylu. Inspirujte se i vy!\" \/>\n<meta property=\"og:url\" content=\"https:\/\/luxurymagazine.cz\/index.php\/2026\/01\/22\/trend-moto-boho-kdyz-se-romantika-potka-s-rebelii\/\" \/>\n<meta property=\"og:site_name\" content=\"LUXURYMAGAZINE.cz\" \/>\n<meta property=\"article:published_time\" content=\"2026-01-21T23:01:06+00:00\" \/>\n<meta property=\"article:modified_time\" content=\"2026-04-05T19:00:11+00:00\" \/>\n<meta property=\"og:image\" content=\"https:\/\/luxurymagazine.cz\/wp-content\/uploads\/2025\/11\/533293006_1340159551010722_830362979614335269_n.jpeg\" \/>\n\t<meta property=\"og:image:width\" content=\"2048\" \/>\n\t<meta property=\"og:image:height\" content=\"1152\" \/>\n\t<meta property=\"og:image:type\" content=\"image\/jpeg\" \/>\n<meta name=\"author\" content=\"Nela Slivkov\u00e1\" \/>\n<meta name=\"twitter:card\" content=\"summary_large_image\" \/>\n<meta name=\"twitter:label1\" content=\"Napsal(a)\" \/>\n\t<meta name=\"twitter:data1\" content=\"Nela Slivkov\u00e1\" \/>\n\t<meta name=\"twitter:label2\" content=\"Odhadovan\u00e1 doba \u010dten\u00ed\" \/>\n\t<meta name=\"twitter:data2\" content=\"6 minut\" \/>\n<script type=\"application\/ld+json\" class=\"yoast-schema-graph\">{\"@context\":\"https:\/\/schema.org\",\"@graph\":[{\"@type\":\"Article\",\"@id\":\"https:\/\/luxurymagazine.cz\/index.php\/2026\/01\/22\/trend-moto-boho-kdyz-se-romantika-potka-s-rebelii\/#article\",\"isPartOf\":{\"@id\":\"https:\/\/luxurymagazine.cz\/index.php\/2026\/01\/22\/trend-moto-boho-kdyz-se-romantika-potka-s-rebelii\/\"},\"author\":{\"name\":\"Nela Slivkov\u00e1\",\"@id\":\"https:\/\/luxurymagazine.cz\/#\/schema\/person\/eaf86e18094591d8fe554880db7d072d\"},\"headline\":\"Trend Moto Boho. Kdy\u017e se romantika potk\u00e1 s rebeli\u00ed\",\"datePublished\":\"2026-01-21T23:01:06+00:00\",\"dateModified\":\"2026-04-05T19:00:11+00:00\",\"mainEntityOfPage\":{\"@id\":\"https:\/\/luxurymagazine.cz\/index.php\/2026\/01\/22\/trend-moto-boho-kdyz-se-romantika-potka-s-rebelii\/\"},\"wordCount\":394,\"publisher\":{\"@id\":\"https:\/\/luxurymagazine.cz\/#organization\"},\"keywords\":[\"fashion\",\"lifestyle\",\"m\u00f3da\",\"trendy\"],\"articleSection\":[\"M\u00d3DA\",\"NEWS\"],\"inLanguage\":\"cs\"},{\"@type\":\"WebPage\",\"@id\":\"https:\/\/luxurymagazine.cz\/index.php\/2026\/01\/22\/trend-moto-boho-kdyz-se-romantika-potka-s-rebelii\/\",\"url\":\"https:\/\/luxurymagazine.cz\/index.php\/2026\/01\/22\/trend-moto-boho-kdyz-se-romantika-potka-s-rebelii\/\",\"name\":\"Trend Moto Boho. Kdy\u017e se romantika potk\u00e1 s rebeli\u00ed - LUXURYMAGAZINE.cz\",\"isPartOf\":{\"@id\":\"https:\/\/luxurymagazine.cz\/#website\"},\"datePublished\":\"2026-01-21T23:01:06+00:00\",\"dateModified\":\"2026-04-05T19:00:11+00:00\",\"description\":\"Leto\u0161n\u00ed sezona p\u0159in\u00e1\u0161\u00ed ne\u010dekan\u00e9 spojen\u00ed dvou sv\u011bt\u016f. Svobodomysln\u00e9ho boho a drsn\u00e9ho motork\u00e1\u0159sk\u00e9ho stylu. Inspirujte se i vy!\",\"breadcrumb\":{\"@id\":\"https:\/\/luxurymagazine.cz\/index.php\/2026\/01\/22\/trend-moto-boho-kdyz-se-romantika-potka-s-rebelii\/#breadcrumb\"},\"inLanguage\":\"cs\",\"potentialAction\":[{\"@type\":\"ReadAction\",\"target\":[\"https:\/\/luxurymagazine.cz\/index.php\/2026\/01\/22\/trend-moto-boho-kdyz-se-romantika-potka-s-rebelii\/\"]}]},{\"@type\":\"BreadcrumbList\",\"@id\":\"https:\/\/luxurymagazine.cz\/index.php\/2026\/01\/22\/trend-moto-boho-kdyz-se-romantika-potka-s-rebelii\/#breadcrumb\",\"itemListElement\":[{\"@type\":\"ListItem\",\"position\":1,\"name\":\"Dom\u016f\",\"item\":\"https:\/\/luxurymagazine.cz\/\"},{\"@type\":\"ListItem\",\"position\":2,\"name\":\"Trend Moto Boho. Kdy\u017e se romantika potk\u00e1 s rebeli\u00ed\"}]},{\"@type\":\"WebSite\",\"@id\":\"https:\/\/luxurymagazine.cz\/#website\",\"url\":\"https:\/\/luxurymagazine.cz\/\",\"name\":\"LUXURYMAGAZINE.cz\",\"description\":\"Port\u00e1l v\u00fdhradn\u011b o luxusu...\",\"publisher\":{\"@id\":\"https:\/\/luxurymagazine.cz\/#organization\"},\"potentialAction\":[{\"@type\":\"SearchAction\",\"target\":{\"@type\":\"EntryPoint\",\"urlTemplate\":\"https:\/\/luxurymagazine.cz\/?s={search_term_string}\"},\"query-input\":\"required name=search_term_string\"}],\"inLanguage\":\"cs\"},{\"@type\":\"Organization\",\"@id\":\"https:\/\/luxurymagazine.cz\/#organization\",\"name\":\"LUXURYMAGAZINE.cz\",\"url\":\"https:\/\/luxurymagazine.cz\/\",\"logo\":{\"@type\":\"ImageObject\",\"inLanguage\":\"cs\",\"@id\":\"https:\/\/luxurymagazine.cz\/#\/schema\/logo\/image\/\",\"url\":\"https:\/\/luxurymagazine.cz\/wp-content\/uploads\/2024\/12\/cropped-Logo_LuxuryMagazine-1.jpg\",\"contentUrl\":\"https:\/\/luxurymagazine.cz\/wp-content\/uploads\/2024\/12\/cropped-Logo_LuxuryMagazine-1.jpg\",\"width\":934,\"height\":509,\"caption\":\"LUXURYMAGAZINE.cz\"},\"image\":{\"@id\":\"https:\/\/luxurymagazine.cz\/#\/schema\/logo\/image\/\"}},{\"@type\":\"Person\",\"@id\":\"https:\/\/luxurymagazine.cz\/#\/schema\/person\/eaf86e18094591d8fe554880db7d072d\",\"name\":\"Nela Slivkov\u00e1\",\"image\":{\"@type\":\"ImageObject\",\"inLanguage\":\"cs\",\"@id\":\"https:\/\/luxurymagazine.cz\/#\/schema\/person\/image\/\",\"url\":\"https:\/\/secure.gravatar.com\/avatar\/ab3633d3d1b2954691cbe0859eeeb644?s=96&d=mm&r=g\",\"contentUrl\":\"https:\/\/secure.gravatar.com\/avatar\/ab3633d3d1b2954691cbe0859eeeb644?s=96&d=mm&r=g\",\"caption\":\"Nela Slivkov\u00e1\"},\"sameAs\":[\"http:\/\/LUXURYMAGAZINE.cz\"],\"url\":\"https:\/\/luxurymagazine.cz\/index.php\/author\/nelasliv\/\"}]}<\/script>\n<!-- \/ Yoast SEO plugin. -->","yoast_head_json":{"title":"Trend Moto Boho. Kdy\u017e se romantika potk\u00e1 s rebeli\u00ed - LUXURYMAGAZINE.cz","description":"Leto\u0161n\u00ed sezona p\u0159in\u00e1\u0161\u00ed ne\u010dekan\u00e9 spojen\u00ed dvou sv\u011bt\u016f. Svobodomysln\u00e9ho boho a drsn\u00e9ho motork\u00e1\u0159sk\u00e9ho stylu. Inspirujte se i vy!","robots":{"index":"index","follow":"follow","max-snippet":"max-snippet:-1","max-image-preview":"max-image-preview:large","max-video-preview":"max-video-preview:-1"},"canonical":"https:\/\/luxurymagazine.cz\/index.php\/2026\/01\/22\/trend-moto-boho-kdyz-se-romantika-potka-s-rebelii\/","og_locale":"cs_CZ","og_type":"article","og_title":"Trend Moto Boho. Kdy\u017e se romantika potk\u00e1 s rebeli\u00ed - LUXURYMAGAZINE.cz","og_description":"Leto\u0161n\u00ed sezona p\u0159in\u00e1\u0161\u00ed ne\u010dekan\u00e9 spojen\u00ed dvou sv\u011bt\u016f. Svobodomysln\u00e9ho boho a drsn\u00e9ho motork\u00e1\u0159sk\u00e9ho stylu. Inspirujte se i vy!","og_url":"https:\/\/luxurymagazine.cz\/index.php\/2026\/01\/22\/trend-moto-boho-kdyz-se-romantika-potka-s-rebelii\/","og_site_name":"LUXURYMAGAZINE.cz","article_published_time":"2026-01-21T23:01:06+00:00","article_modified_time":"2026-04-05T19:00:11+00:00","og_image":[{"width":2048,"height":1152,"url":"https:\/\/luxurymagazine.cz\/wp-content\/uploads\/2025\/11\/533293006_1340159551010722_830362979614335269_n.jpeg","type":"image\/jpeg"}],"author":"Nela Slivkov\u00e1","twitter_card":"summary_large_image","twitter_misc":{"Napsal(a)":"Nela Slivkov\u00e1","Odhadovan\u00e1 doba \u010dten\u00ed":"6 minut"},"schema":{"@context":"https:\/\/schema.org","@graph":[{"@type":"Article","@id":"https:\/\/luxurymagazine.cz\/index.php\/2026\/01\/22\/trend-moto-boho-kdyz-se-romantika-potka-s-rebelii\/#article","isPartOf":{"@id":"https:\/\/luxurymagazine.cz\/index.php\/2026\/01\/22\/trend-moto-boho-kdyz-se-romantika-potka-s-rebelii\/"},"author":{"name":"Nela Slivkov\u00e1","@id":"https:\/\/luxurymagazine.cz\/#\/schema\/person\/eaf86e18094591d8fe554880db7d072d"},"headline":"Trend Moto Boho. Kdy\u017e se romantika potk\u00e1 s rebeli\u00ed","datePublished":"2026-01-21T23:01:06+00:00","dateModified":"2026-04-05T19:00:11+00:00","mainEntityOfPage":{"@id":"https:\/\/luxurymagazine.cz\/index.php\/2026\/01\/22\/trend-moto-boho-kdyz-se-romantika-potka-s-rebelii\/"},"wordCount":394,"publisher":{"@id":"https:\/\/luxurymagazine.cz\/#organization"},"keywords":["fashion","lifestyle","m\u00f3da","trendy"],"articleSection":["M\u00d3DA","NEWS"],"inLanguage":"cs"},{"@type":"WebPage","@id":"https:\/\/luxurymagazine.cz\/index.php\/2026\/01\/22\/trend-moto-boho-kdyz-se-romantika-potka-s-rebelii\/","url":"https:\/\/luxurymagazine.cz\/index.php\/2026\/01\/22\/trend-moto-boho-kdyz-se-romantika-potka-s-rebelii\/","name":"Trend Moto Boho. Kdy\u017e se romantika potk\u00e1 s rebeli\u00ed - LUXURYMAGAZINE.cz","isPartOf":{"@id":"https:\/\/luxurymagazine.cz\/#website"},"datePublished":"2026-01-21T23:01:06+00:00","dateModified":"2026-04-05T19:00:11+00:00","description":"Leto\u0161n\u00ed sezona p\u0159in\u00e1\u0161\u00ed ne\u010dekan\u00e9 spojen\u00ed dvou sv\u011bt\u016f. Svobodomysln\u00e9ho boho a drsn\u00e9ho motork\u00e1\u0159sk\u00e9ho stylu. Inspirujte se i vy!","breadcrumb":{"@id":"https:\/\/luxurymagazine.cz\/index.php\/2026\/01\/22\/trend-moto-boho-kdyz-se-romantika-potka-s-rebelii\/#breadcrumb"},"inLanguage":"cs","potentialAction":[{"@type":"ReadAction","target":["https:\/\/luxurymagazine.cz\/index.php\/2026\/01\/22\/trend-moto-boho-kdyz-se-romantika-potka-s-rebelii\/"]}]},{"@type":"BreadcrumbList","@id":"https:\/\/luxurymagazine.cz\/index.php\/2026\/01\/22\/trend-moto-boho-kdyz-se-romantika-potka-s-rebelii\/#breadcrumb","itemListElement":[{"@type":"ListItem","position":1,"name":"Dom\u016f","item":"https:\/\/luxurymagazine.cz\/"},{"@type":"ListItem","position":2,"name":"Trend Moto Boho. Kdy\u017e se romantika potk\u00e1 s rebeli\u00ed"}]},{"@type":"WebSite","@id":"https:\/\/luxurymagazine.cz\/#website","url":"https:\/\/luxurymagazine.cz\/","name":"LUXURYMAGAZINE.cz","description":"Port\u00e1l v\u00fdhradn\u011b o luxusu...","publisher":{"@id":"https:\/\/luxurymagazine.cz\/#organization"},"potentialAction":[{"@type":"SearchAction","target":{"@type":"EntryPoint","urlTemplate":"https:\/\/luxurymagazine.cz\/?s={search_term_string}"},"query-input":"required name=search_term_string"}],"inLanguage":"cs"},{"@type":"Organization","@id":"https:\/\/luxurymagazine.cz\/#organization","name":"LUXURYMAGAZINE.cz","url":"https:\/\/luxurymagazine.cz\/","logo":{"@type":"ImageObject","inLanguage":"cs","@id":"https:\/\/luxurymagazine.cz\/#\/schema\/logo\/image\/","url":"https:\/\/luxurymagazine.cz\/wp-content\/uploads\/2024\/12\/cropped-Logo_LuxuryMagazine-1.jpg","contentUrl":"https:\/\/luxurymagazine.cz\/wp-content\/uploads\/2024\/12\/cropped-Logo_LuxuryMagazine-1.jpg","width":934,"height":509,"caption":"LUXURYMAGAZINE.cz"},"image":{"@id":"https:\/\/luxurymagazine.cz\/#\/schema\/logo\/image\/"}},{"@type":"Person","@id":"https:\/\/luxurymagazine.cz\/#\/schema\/person\/eaf86e18094591d8fe554880db7d072d","name":"Nela Slivkov\u00e1","image":{"@type":"ImageObject","inLanguage":"cs","@id":"https:\/\/luxurymagazine.cz\/#\/schema\/person\/image\/","url":"https:\/\/secure.gravatar.com\/avatar\/ab3633d3d1b2954691cbe0859eeeb644?s=96&d=mm&r=g","contentUrl":"https:\/\/secure.gravatar.com\/avatar\/ab3633d3d1b2954691cbe0859eeeb644?s=96&d=mm&r=g","caption":"Nela Slivkov\u00e1"},"sameAs":["http:\/\/LUXURYMAGAZINE.cz"],"url":"https:\/\/luxurymagazine.cz\/index.php\/author\/nelasliv\/"}]}},"_links":{"self":[{"href":"https:\/\/luxurymagazine.cz\/index.php\/wp-json\/wp\/v2\/posts\/7716"}],"collection":[{"href":"https:\/\/luxurymagazine.cz\/index.php\/wp-json\/wp\/v2\/posts"}],"about":[{"href":"https:\/\/luxurymagazine.cz\/index.php\/wp-json\/wp\/v2\/types\/post"}],"author":[{"embeddable":true,"href":"https:\/\/luxurymagazine.cz\/index.php\/wp-json\/wp\/v2\/users\/10"}],"replies":[{"embeddable":true,"href":"https:\/\/luxurymagazine.cz\/index.php\/wp-json\/wp\/v2\/comments?post=7716"}],"version-history":[{"count":-3,"href":"https:\/\/luxurymagazine.cz\/index.php\/wp-json\/wp\/v2\/posts\/7716\/revisions"}],"wp:featuredmedia":[{"embeddable":true,"href":"https:\/\/luxurymagazine.cz\/index.php\/wp-json\/wp\/v2\/media\/7717"}],"wp:attachment":[{"href":"https:\/\/luxurymagazine.cz\/index.php\/wp-json\/wp\/v2\/media?parent=7716"}],"wp:term":[{"taxonomy":"category","embeddable":true,"href":"https:\/\/luxurymagazine.cz\/index.php\/wp-json\/wp\/v2\/categories?post=7716"},{"taxonomy":"post_tag","embeddable":true,"href":"https:\/\/luxurymagazine.cz\/index.php\/wp-json\/wp\/v2\/tags?post=7716"}],"curies":[{"name":"wp","href":"https:\/\/api.w.org\/{rel}","templated":true}]}}