{"id":7749,"date":"2025-12-03T00:01:00","date_gmt":"2025-12-02T23:01:00","guid":{"rendered":"https:\/\/luxurymagazine.cz\/?p=7749"},"modified":"2026-01-31T01:28:20","modified_gmt":"2026-01-31T00:28:20","slug":"nissan-na-e-salonu-2025-premiera-nove-micry-ev","status":"publish","type":"post","link":"https:\/\/luxurymagazine.cz\/index.php\/2025\/12\/03\/nissan-na-e-salonu-2025-premiera-nove-micry-ev\/","title":{"rendered":"Nissan na e-Salonu 2025: Premi\u00e9ra nov\u00e9 Micry EV"},"content":{"rendered":"\n<div style=\"height:45px\" aria-hidden=\"true\" class=\"wp-block-spacer\"><\/div>\n\n\n\n<p class=\"has-medium-font-size\"><strong>Na leto\u0161n\u00edm ro\u010dn\u00edku veletrhu e-Salon 2025 se Nissan p\u0159edstavil ve velk\u00e9m stylu s unik\u00e1tn\u00edm st\u00e1nkem GranTurnismo, kter\u00fd spojuje sv\u011bt motorsportu, hern\u00ed kultury a automobilov\u00fdch inovac\u00ed. V r\u00e1mci expozice se uskute\u010dnila premi\u00e9ra zcela nov\u00e9ho modelu Nissan Micra \u2013 poprv\u00e9 jako pln\u011b elektrick\u00e9ho vozu. Slavnostn\u00edho odhalen\u00ed se osobn\u011b z\u00fa\u010dastnil Antoine Corre, Country Director Grand Automotive Central Europe v \u010cesk\u00e9 republice.<\/strong><\/p>\n\n\n\n<div style=\"height:45px\" aria-hidden=\"true\" class=\"wp-block-spacer\"><\/div>\n\n\n<div class=\"wp-block-image\">\n<figure class=\"aligncenter size-large\"><img decoding=\"async\" loading=\"lazy\" width=\"1024\" height=\"683\" src=\"https:\/\/luxurymagazine.cz\/wp-content\/uploads\/2025\/11\/DSC05724-1024x683.jpg\" alt=\"Nissan\" class=\"wp-image-7753\" srcset=\"https:\/\/luxurymagazine.cz\/wp-content\/uploads\/2025\/11\/DSC05724-1024x683.jpg 1024w, https:\/\/luxurymagazine.cz\/wp-content\/uploads\/2025\/11\/DSC05724-300x200.jpg 300w, https:\/\/luxurymagazine.cz\/wp-content\/uploads\/2025\/11\/DSC05724-768x512.jpg 768w, https:\/\/luxurymagazine.cz\/wp-content\/uploads\/2025\/11\/DSC05724-1536x1024.jpg 1536w, https:\/\/luxurymagazine.cz\/wp-content\/uploads\/2025\/11\/DSC05724-2048x1366.jpg 2048w\" sizes=\"(max-width: 1024px) 100vw, 1024px\" \/><\/figure><\/div>\n\n\n<div style=\"height:45px\" aria-hidden=\"true\" class=\"wp-block-spacer\"><\/div>\n\n\n\n<h2 class=\"wp-block-heading\">GranTurnismo: kdy\u017e se sv\u011bt her a elektromobility setk\u00e1v\u00e1<\/h2>\n\n\n\n<div style=\"height:21px\" aria-hidden=\"true\" class=\"wp-block-spacer\"><\/div>\n\n\n\n<p class=\"has-medium-font-size\">Expozice Nissanu na e-Salonu 2025 nab\u00eddla n\u00e1v\u0161t\u011bvn\u00edk\u016fm zcela nov\u00fd z\u00e1\u017eitek. Design st\u00e1nku GranTurnismo origin\u00e1ln\u011b odkazoval na ikonickou hern\u00ed s\u00e9rii Gran Turismo i sportovn\u00ed divizi NISMO. Hostesky v z\u00e1vodn\u00edch kombin\u00e9z\u00e1ch, simul\u00e1tor se z\u00e1vodn\u00ed trat\u00ed Suzuka a ikonick\u00fdm Nissanem GT-R vt\u00e1hly n\u00e1v\u0161t\u011bvn\u00edky p\u0159\u00edmo do sv\u011bta virtu\u00e1ln\u00edho z\u00e1vod\u011bn\u00ed.<\/p>\n\n\n\n<div style=\"height:45px\" aria-hidden=\"true\" class=\"wp-block-spacer\"><\/div>\n\n\n<div class=\"wp-block-image\">\n<figure class=\"aligncenter size-large\"><img decoding=\"async\" loading=\"lazy\" width=\"1024\" height=\"683\" src=\"https:\/\/luxurymagazine.cz\/wp-content\/uploads\/2025\/11\/DSC05934-1024x683.jpg\" alt=\"Nissan\" class=\"wp-image-7751\" srcset=\"https:\/\/luxurymagazine.cz\/wp-content\/uploads\/2025\/11\/DSC05934-1024x683.jpg 1024w, https:\/\/luxurymagazine.cz\/wp-content\/uploads\/2025\/11\/DSC05934-300x200.jpg 300w, https:\/\/luxurymagazine.cz\/wp-content\/uploads\/2025\/11\/DSC05934-768x512.jpg 768w, https:\/\/luxurymagazine.cz\/wp-content\/uploads\/2025\/11\/DSC05934-1536x1024.jpg 1536w, https:\/\/luxurymagazine.cz\/wp-content\/uploads\/2025\/11\/DSC05934-2048x1366.jpg 2048w\" sizes=\"(max-width: 1024px) 100vw, 1024px\" \/><\/figure><\/div>\n\n\n<div style=\"height:45px\" aria-hidden=\"true\" class=\"wp-block-spacer\"><\/div>\n\n\n\n<p class=\"has-medium-font-size\">V\u00fdrazn\u00fdm l\u00e1kadlem st\u00e1nku byla tak\u00e9 sportovn\u00ed verze Nissan Ariya NISMO, kterou mohli n\u00e1v\u0161t\u011bvn\u00edci vid\u011bt v\u016fbec poprv\u00e9 v \u010cesk\u00e9 republice. Nissan tak op\u011bt potvrdil sv\u00e9 zam\u011b\u0159en\u00ed na elektromobilitu s d\u016frazem na v\u00fdkon a emoce.<\/p>\n\n\n\n<div style=\"height:45px\" aria-hidden=\"true\" class=\"wp-block-spacer\"><\/div>\n\n\n<div class=\"wp-block-image\">\n<figure class=\"aligncenter size-large\"><img decoding=\"async\" loading=\"lazy\" width=\"1024\" height=\"683\" src=\"https:\/\/luxurymagazine.cz\/wp-content\/uploads\/2025\/11\/DSC05604-1024x683.jpg\" alt=\"Nissan\" class=\"wp-image-7752\" srcset=\"https:\/\/luxurymagazine.cz\/wp-content\/uploads\/2025\/11\/DSC05604-1024x683.jpg 1024w, https:\/\/luxurymagazine.cz\/wp-content\/uploads\/2025\/11\/DSC05604-300x200.jpg 300w, https:\/\/luxurymagazine.cz\/wp-content\/uploads\/2025\/11\/DSC05604-768x512.jpg 768w, https:\/\/luxurymagazine.cz\/wp-content\/uploads\/2025\/11\/DSC05604-1536x1024.jpg 1536w, https:\/\/luxurymagazine.cz\/wp-content\/uploads\/2025\/11\/DSC05604-2048x1366.jpg 2048w\" sizes=\"(max-width: 1024px) 100vw, 1024px\" \/><\/figure><\/div>\n\n\n<div style=\"height:45px\" aria-hidden=\"true\" class=\"wp-block-spacer\"><\/div>\n\n\n\n<h2 class=\"wp-block-heading\">Premi\u00e9ra nov\u00e9 Micry EV<\/h2>\n\n\n\n<div style=\"height:21px\" aria-hidden=\"true\" class=\"wp-block-spacer\"><\/div>\n\n\n\n<p class=\"has-medium-font-size\">Hlavn\u00ed hv\u011bzdou leto\u0161n\u00edho e-Salonu se v\u0161ak stala zcela nov\u00e1 generace modelu Nissan Micra, kter\u00e1 se po v\u00edce ne\u017e \u010dty\u0159iceti letech historie p\u0159edstavuje poprv\u00e9 jako pln\u011b elektrick\u00fd v\u016fz. Nov\u00e1 Micra je navr\u017eena s d\u016frazem na evropsk\u00e9 z\u00e1kazn\u00edky \u2013 spojuje odv\u00e1\u017en\u00fd design, agiln\u00ed v\u00fdkon, intuitivn\u00ed technologie a bezemisn\u00ed provoz.<\/p>\n\n\n\n<p class=\"has-medium-font-size\">Model bude k dispozici se dv\u011bma variantami baterie \u2013 40 kWh a 52 kWh, p\u0159i\u010dem\u017e dojezd dosahuje a\u017e 408 km (WLTP). Rychl\u00e9 nab\u00edjen\u00ed z 15 % na 80 % trv\u00e1 p\u0159ibli\u017en\u011b 30 minut, a d\u00edky technologii V2L (Vehicle-to-Load) lze energii z baterie vyu\u017e\u00edt i k nap\u00e1jen\u00ed extern\u00edch za\u0159\u00edzen\u00ed.<\/p>\n\n\n\n<p class=\"has-medium-font-size\">Interi\u00e9r stav\u00ed na jednoduch\u00e9 eleganci s modern\u00edmi displeji a pr\u00e9miov\u00fdm zpracov\u00e1n\u00edm. Nab\u00edz\u00ed prostorn\u00fd interi\u00e9r, zavazadlov\u00fd prostor 326 litr\u016f, a to v\u0161e v kompaktn\u00ed karoserii dlouh\u00e9 necel\u00e9 \u010dty\u0159i metry.<\/p>\n\n\n\n<div style=\"height:45px\" aria-hidden=\"true\" class=\"wp-block-spacer\"><\/div>\n\n\n<div class=\"wp-block-image\">\n<figure class=\"aligncenter size-large\"><img decoding=\"async\" loading=\"lazy\" width=\"1024\" height=\"683\" src=\"https:\/\/luxurymagazine.cz\/wp-content\/uploads\/2025\/11\/DSC05649-1024x683.jpg\" alt=\"Nissan\" class=\"wp-image-7750\" srcset=\"https:\/\/luxurymagazine.cz\/wp-content\/uploads\/2025\/11\/DSC05649-1024x683.jpg 1024w, https:\/\/luxurymagazine.cz\/wp-content\/uploads\/2025\/11\/DSC05649-300x200.jpg 300w, https:\/\/luxurymagazine.cz\/wp-content\/uploads\/2025\/11\/DSC05649-768x512.jpg 768w, https:\/\/luxurymagazine.cz\/wp-content\/uploads\/2025\/11\/DSC05649-1536x1024.jpg 1536w, https:\/\/luxurymagazine.cz\/wp-content\/uploads\/2025\/11\/DSC05649-2048x1366.jpg 2048w\" sizes=\"(max-width: 1024px) 100vw, 1024px\" \/><\/figure><\/div>\n\n\n<div style=\"height:45px\" aria-hidden=\"true\" class=\"wp-block-spacer\"><\/div>\n\n\n\n<p class=\"has-medium-font-size\">\u201eNov\u00fd Nissan Micra je symbolem nov\u00e9 \u00e9ry \u2013 spojuje styl, udr\u017eitelnost a inovace v jednom kompaktn\u00edm balen\u00ed,\u201c uvedl p\u0159i p\u0159edstaven\u00ed novinky <strong>Antoine Corre<\/strong>.<\/p>\n\n\n\n<p class=\"has-medium-font-size\">C\u00edlem st\u00e1nku GranTurnismo v\u0161ak nebylo pouze prezentovat elektromobily a hybridy v kontextu nulov\u00fdch emis\u00ed a ekologie. Nissan chce uk\u00e1zat, \u017ee \u0159\u00edzen\u00ed m\u016f\u017ee b\u00fdt st\u00e1le z\u00e1bavn\u00e9 \u2013 a to i v \u00e9\u0159e elektrick\u00fdch voz\u016f. Elektromobilita nemus\u00ed znamenat kompromis, ale naopak nov\u00fd rozm\u011br z\u00e1\u017eitku z j\u00edzdy, kter\u00fd m\u00e1 co nab\u00eddnout i nad\u0161enc\u016fm \u0159\u00edzen\u00ed.<\/p>\n\n\n\n<div style=\"height:45px\" aria-hidden=\"true\" class=\"wp-block-spacer\"><\/div>\n\n\n\n<figure class=\"wp-block-gallery has-nested-images columns-2 is-cropped wp-block-gallery-1 is-layout-flex wp-block-gallery-is-layout-flex\">\n<figure class=\"wp-block-image size-large\"><img decoding=\"async\" loading=\"lazy\" width=\"1024\" height=\"683\" data-id=\"7753\" src=\"https:\/\/luxurymagazine.cz\/wp-content\/uploads\/2025\/11\/DSC05724-1024x683.jpg\" alt=\"Nissan\" class=\"wp-image-7753\" srcset=\"https:\/\/luxurymagazine.cz\/wp-content\/uploads\/2025\/11\/DSC05724-1024x683.jpg 1024w, https:\/\/luxurymagazine.cz\/wp-content\/uploads\/2025\/11\/DSC05724-300x200.jpg 300w, https:\/\/luxurymagazine.cz\/wp-content\/uploads\/2025\/11\/DSC05724-768x512.jpg 768w, https:\/\/luxurymagazine.cz\/wp-content\/uploads\/2025\/11\/DSC05724-1536x1024.jpg 1536w, https:\/\/luxurymagazine.cz\/wp-content\/uploads\/2025\/11\/DSC05724-2048x1366.jpg 2048w\" sizes=\"(max-width: 1024px) 100vw, 1024px\" \/><\/figure>\n\n\n\n<figure class=\"wp-block-image size-large\"><img decoding=\"async\" loading=\"lazy\" width=\"1024\" height=\"683\" data-id=\"7752\" src=\"https:\/\/luxurymagazine.cz\/wp-content\/uploads\/2025\/11\/DSC05604-1024x683.jpg\" alt=\"Nissan\" class=\"wp-image-7752\" srcset=\"https:\/\/luxurymagazine.cz\/wp-content\/uploads\/2025\/11\/DSC05604-1024x683.jpg 1024w, https:\/\/luxurymagazine.cz\/wp-content\/uploads\/2025\/11\/DSC05604-300x200.jpg 300w, https:\/\/luxurymagazine.cz\/wp-content\/uploads\/2025\/11\/DSC05604-768x512.jpg 768w, https:\/\/luxurymagazine.cz\/wp-content\/uploads\/2025\/11\/DSC05604-1536x1024.jpg 1536w, https:\/\/luxurymagazine.cz\/wp-content\/uploads\/2025\/11\/DSC05604-2048x1366.jpg 2048w\" sizes=\"(max-width: 1024px) 100vw, 1024px\" \/><\/figure>\n\n\n\n<figure class=\"wp-block-image size-large\"><img decoding=\"async\" loading=\"lazy\" width=\"1024\" height=\"683\" data-id=\"7750\" src=\"https:\/\/luxurymagazine.cz\/wp-content\/uploads\/2025\/11\/DSC05649-1024x683.jpg\" alt=\"Nissan\" class=\"wp-image-7750\" srcset=\"https:\/\/luxurymagazine.cz\/wp-content\/uploads\/2025\/11\/DSC05649-1024x683.jpg 1024w, https:\/\/luxurymagazine.cz\/wp-content\/uploads\/2025\/11\/DSC05649-300x200.jpg 300w, https:\/\/luxurymagazine.cz\/wp-content\/uploads\/2025\/11\/DSC05649-768x512.jpg 768w, https:\/\/luxurymagazine.cz\/wp-content\/uploads\/2025\/11\/DSC05649-1536x1024.jpg 1536w, https:\/\/luxurymagazine.cz\/wp-content\/uploads\/2025\/11\/DSC05649-2048x1366.jpg 2048w\" sizes=\"(max-width: 1024px) 100vw, 1024px\" \/><\/figure>\n\n\n\n<figure class=\"wp-block-image size-large\"><img decoding=\"async\" loading=\"lazy\" width=\"1024\" height=\"683\" data-id=\"7751\" src=\"https:\/\/luxurymagazine.cz\/wp-content\/uploads\/2025\/11\/DSC05934-1024x683.jpg\" alt=\"Nissan\" class=\"wp-image-7751\" srcset=\"https:\/\/luxurymagazine.cz\/wp-content\/uploads\/2025\/11\/DSC05934-1024x683.jpg 1024w, https:\/\/luxurymagazine.cz\/wp-content\/uploads\/2025\/11\/DSC05934-300x200.jpg 300w, https:\/\/luxurymagazine.cz\/wp-content\/uploads\/2025\/11\/DSC05934-768x512.jpg 768w, https:\/\/luxurymagazine.cz\/wp-content\/uploads\/2025\/11\/DSC05934-1536x1024.jpg 1536w, https:\/\/luxurymagazine.cz\/wp-content\/uploads\/2025\/11\/DSC05934-2048x1366.jpg 2048w\" sizes=\"(max-width: 1024px) 100vw, 1024px\" \/><\/figure>\n<\/figure>\n\n\n\n<div style=\"height:45px\" aria-hidden=\"true\" class=\"wp-block-spacer\"><\/div>\n\n\n\n<p class=\"has-medium-font-size\"><strong>Zdroj foto:<\/strong>\u00a0Nissan<\/p>\n\n\n\n<div style=\"height:45px\" aria-hidden=\"true\" class=\"wp-block-spacer\"><\/div>\n","protected":false},"excerpt":{"rendered":"<p>Na leto\u0161n\u00edm ro\u010dn\u00edku veletrhu e-Salon 2025 se Nissan p\u0159edstavil ve velk\u00e9m stylu s unik\u00e1tn\u00edm st\u00e1nkem GranTurnismo, kter\u00fd spojuje sv\u011bt motorsportu, hern\u00ed kultury a automobilov\u00fdch inovac\u00ed. V r\u00e1mci expozice se uskute\u010dnila premi\u00e9ra zcela nov\u00e9ho modelu Nissan Micra \u2013 poprv\u00e9 jako pln\u011b elektrick\u00e9ho vozu. Slavnostn\u00edho odhalen\u00ed se osobn\u011b z\u00fa\u010dastnil Antoine Corre, Country Director Grand Automotive Central Europe [&hellip;]<\/p>\n","protected":false},"author":11,"featured_media":7753,"comment_status":"closed","ping_status":"closed","sticky":false,"template":"","format":"standard","meta":{"_mi_skip_tracking":false,"_monsterinsights_sitenote_active":false,"_monsterinsights_sitenote_note":"","_monsterinsights_sitenote_category":0,"footnotes":""},"categories":[8,15,2,9,13],"tags":[],"yoast_head":"<!-- This site is optimized with the Yoast SEO plugin v21.4 - https:\/\/yoast.com\/wordpress\/plugins\/seo\/ -->\n<title>Nissan na e-Salonu 2025: Premi\u00e9ra nov\u00e9 Micry EV - LUXURYMAGAZINE.cz<\/title>\n<meta name=\"description\" content=\"Na leto\u0161n\u00edm ro\u010dn\u00edku veletrhu e-Salon 2025 se Nissan p\u0159edstavil ve velk\u00e9m stylu s unik\u00e1tn\u00edm st\u00e1nkem GranTurnismo.\" \/>\n<meta name=\"robots\" content=\"index, follow, max-snippet:-1, max-image-preview:large, max-video-preview:-1\" \/>\n<link rel=\"canonical\" href=\"https:\/\/luxurymagazine.cz\/index.php\/2025\/12\/03\/nissan-na-e-salonu-2025-premiera-nove-micry-ev\/\" \/>\n<meta property=\"og:locale\" content=\"cs_CZ\" \/>\n<meta property=\"og:type\" content=\"article\" \/>\n<meta property=\"og:title\" content=\"Nissan na e-Salonu 2025: Premi\u00e9ra nov\u00e9 Micry EV - LUXURYMAGAZINE.cz\" \/>\n<meta property=\"og:description\" content=\"Na leto\u0161n\u00edm ro\u010dn\u00edku veletrhu e-Salon 2025 se Nissan p\u0159edstavil ve velk\u00e9m stylu s unik\u00e1tn\u00edm st\u00e1nkem GranTurnismo.\" \/>\n<meta property=\"og:url\" content=\"https:\/\/luxurymagazine.cz\/index.php\/2025\/12\/03\/nissan-na-e-salonu-2025-premiera-nove-micry-ev\/\" \/>\n<meta property=\"og:site_name\" content=\"LUXURYMAGAZINE.cz\" \/>\n<meta property=\"article:published_time\" content=\"2025-12-02T23:01:00+00:00\" \/>\n<meta property=\"article:modified_time\" content=\"2026-01-31T00:28:20+00:00\" \/>\n<meta property=\"og:image\" content=\"https:\/\/luxurymagazine.cz\/wp-content\/uploads\/2025\/11\/DSC05724-scaled.jpg\" \/>\n\t<meta property=\"og:image:width\" content=\"2560\" \/>\n\t<meta property=\"og:image:height\" content=\"1707\" \/>\n\t<meta property=\"og:image:type\" content=\"image\/jpeg\" \/>\n<meta name=\"author\" content=\"Martin Pechold\" \/>\n<meta name=\"twitter:card\" content=\"summary_large_image\" \/>\n<meta name=\"twitter:label1\" content=\"Napsal(a)\" \/>\n\t<meta name=\"twitter:data1\" content=\"Martin Pechold\" \/>\n\t<meta name=\"twitter:label2\" content=\"Odhadovan\u00e1 doba \u010dten\u00ed\" \/>\n\t<meta name=\"twitter:data2\" content=\"4 minuty\" \/>\n<script type=\"application\/ld+json\" class=\"yoast-schema-graph\">{\"@context\":\"https:\/\/schema.org\",\"@graph\":[{\"@type\":\"Article\",\"@id\":\"https:\/\/luxurymagazine.cz\/index.php\/2025\/12\/03\/nissan-na-e-salonu-2025-premiera-nove-micry-ev\/#article\",\"isPartOf\":{\"@id\":\"https:\/\/luxurymagazine.cz\/index.php\/2025\/12\/03\/nissan-na-e-salonu-2025-premiera-nove-micry-ev\/\"},\"author\":{\"name\":\"Martin Pechold\",\"@id\":\"https:\/\/luxurymagazine.cz\/#\/schema\/person\/ea97ee8763209724cba6da979986708a\"},\"headline\":\"Nissan na e-Salonu 2025: Premi\u00e9ra nov\u00e9 Micry EV\",\"datePublished\":\"2025-12-02T23:01:00+00:00\",\"dateModified\":\"2026-01-31T00:28:20+00:00\",\"mainEntityOfPage\":{\"@id\":\"https:\/\/luxurymagazine.cz\/index.php\/2025\/12\/03\/nissan-na-e-salonu-2025-premiera-nove-micry-ev\/\"},\"wordCount\":459,\"publisher\":{\"@id\":\"https:\/\/luxurymagazine.cz\/#organization\"},\"articleSection\":[\"AUTO &amp; MOTO &amp; LOD\u011a\",\"BUSINESS\",\"NEWS\",\"TECHNIKA &amp; SPOT\u0158EBI\u010cE\",\"TIPY &amp; TRENDY\"],\"inLanguage\":\"cs\"},{\"@type\":\"WebPage\",\"@id\":\"https:\/\/luxurymagazine.cz\/index.php\/2025\/12\/03\/nissan-na-e-salonu-2025-premiera-nove-micry-ev\/\",\"url\":\"https:\/\/luxurymagazine.cz\/index.php\/2025\/12\/03\/nissan-na-e-salonu-2025-premiera-nove-micry-ev\/\",\"name\":\"Nissan na e-Salonu 2025: Premi\u00e9ra nov\u00e9 Micry EV - LUXURYMAGAZINE.cz\",\"isPartOf\":{\"@id\":\"https:\/\/luxurymagazine.cz\/#website\"},\"datePublished\":\"2025-12-02T23:01:00+00:00\",\"dateModified\":\"2026-01-31T00:28:20+00:00\",\"description\":\"Na leto\u0161n\u00edm ro\u010dn\u00edku veletrhu e-Salon 2025 se Nissan p\u0159edstavil ve velk\u00e9m stylu s unik\u00e1tn\u00edm st\u00e1nkem GranTurnismo.\",\"breadcrumb\":{\"@id\":\"https:\/\/luxurymagazine.cz\/index.php\/2025\/12\/03\/nissan-na-e-salonu-2025-premiera-nove-micry-ev\/#breadcrumb\"},\"inLanguage\":\"cs\",\"potentialAction\":[{\"@type\":\"ReadAction\",\"target\":[\"https:\/\/luxurymagazine.cz\/index.php\/2025\/12\/03\/nissan-na-e-salonu-2025-premiera-nove-micry-ev\/\"]}]},{\"@type\":\"BreadcrumbList\",\"@id\":\"https:\/\/luxurymagazine.cz\/index.php\/2025\/12\/03\/nissan-na-e-salonu-2025-premiera-nove-micry-ev\/#breadcrumb\",\"itemListElement\":[{\"@type\":\"ListItem\",\"position\":1,\"name\":\"Dom\u016f\",\"item\":\"https:\/\/luxurymagazine.cz\/\"},{\"@type\":\"ListItem\",\"position\":2,\"name\":\"Nissan na e-Salonu 2025: Premi\u00e9ra nov\u00e9 Micry EV\"}]},{\"@type\":\"WebSite\",\"@id\":\"https:\/\/luxurymagazine.cz\/#website\",\"url\":\"https:\/\/luxurymagazine.cz\/\",\"name\":\"LUXURYMAGAZINE.cz\",\"description\":\"Port\u00e1l v\u00fdhradn\u011b o luxusu...\",\"publisher\":{\"@id\":\"https:\/\/luxurymagazine.cz\/#organization\"},\"potentialAction\":[{\"@type\":\"SearchAction\",\"target\":{\"@type\":\"EntryPoint\",\"urlTemplate\":\"https:\/\/luxurymagazine.cz\/?s={search_term_string}\"},\"query-input\":\"required name=search_term_string\"}],\"inLanguage\":\"cs\"},{\"@type\":\"Organization\",\"@id\":\"https:\/\/luxurymagazine.cz\/#organization\",\"name\":\"LUXURYMAGAZINE.cz\",\"url\":\"https:\/\/luxurymagazine.cz\/\",\"logo\":{\"@type\":\"ImageObject\",\"inLanguage\":\"cs\",\"@id\":\"https:\/\/luxurymagazine.cz\/#\/schema\/logo\/image\/\",\"url\":\"https:\/\/luxurymagazine.cz\/wp-content\/uploads\/2024\/12\/cropped-Logo_LuxuryMagazine-1.jpg\",\"contentUrl\":\"https:\/\/luxurymagazine.cz\/wp-content\/uploads\/2024\/12\/cropped-Logo_LuxuryMagazine-1.jpg\",\"width\":934,\"height\":509,\"caption\":\"LUXURYMAGAZINE.cz\"},\"image\":{\"@id\":\"https:\/\/luxurymagazine.cz\/#\/schema\/logo\/image\/\"}},{\"@type\":\"Person\",\"@id\":\"https:\/\/luxurymagazine.cz\/#\/schema\/person\/ea97ee8763209724cba6da979986708a\",\"name\":\"Martin Pechold\",\"image\":{\"@type\":\"ImageObject\",\"inLanguage\":\"cs\",\"@id\":\"https:\/\/luxurymagazine.cz\/#\/schema\/person\/image\/\",\"url\":\"https:\/\/secure.gravatar.com\/avatar\/c09f01eecbcd6a23f9833128067d058d?s=96&d=mm&r=g\",\"contentUrl\":\"https:\/\/secure.gravatar.com\/avatar\/c09f01eecbcd6a23f9833128067d058d?s=96&d=mm&r=g\",\"caption\":\"Martin Pechold\"},\"sameAs\":[\"http:\/\/LUXURYMAGAZINE.cz\"],\"url\":\"https:\/\/luxurymagazine.cz\/index.php\/author\/marp\/\"}]}<\/script>\n<!-- \/ Yoast SEO plugin. -->","yoast_head_json":{"title":"Nissan na e-Salonu 2025: Premi\u00e9ra nov\u00e9 Micry EV - LUXURYMAGAZINE.cz","description":"Na leto\u0161n\u00edm ro\u010dn\u00edku veletrhu e-Salon 2025 se Nissan p\u0159edstavil ve velk\u00e9m stylu s unik\u00e1tn\u00edm st\u00e1nkem GranTurnismo.","robots":{"index":"index","follow":"follow","max-snippet":"max-snippet:-1","max-image-preview":"max-image-preview:large","max-video-preview":"max-video-preview:-1"},"canonical":"https:\/\/luxurymagazine.cz\/index.php\/2025\/12\/03\/nissan-na-e-salonu-2025-premiera-nove-micry-ev\/","og_locale":"cs_CZ","og_type":"article","og_title":"Nissan na e-Salonu 2025: Premi\u00e9ra nov\u00e9 Micry EV - LUXURYMAGAZINE.cz","og_description":"Na leto\u0161n\u00edm ro\u010dn\u00edku veletrhu e-Salon 2025 se Nissan p\u0159edstavil ve velk\u00e9m stylu s unik\u00e1tn\u00edm st\u00e1nkem GranTurnismo.","og_url":"https:\/\/luxurymagazine.cz\/index.php\/2025\/12\/03\/nissan-na-e-salonu-2025-premiera-nove-micry-ev\/","og_site_name":"LUXURYMAGAZINE.cz","article_published_time":"2025-12-02T23:01:00+00:00","article_modified_time":"2026-01-31T00:28:20+00:00","og_image":[{"width":2560,"height":1707,"url":"https:\/\/luxurymagazine.cz\/wp-content\/uploads\/2025\/11\/DSC05724-scaled.jpg","type":"image\/jpeg"}],"author":"Martin Pechold","twitter_card":"summary_large_image","twitter_misc":{"Napsal(a)":"Martin Pechold","Odhadovan\u00e1 doba \u010dten\u00ed":"4 minuty"},"schema":{"@context":"https:\/\/schema.org","@graph":[{"@type":"Article","@id":"https:\/\/luxurymagazine.cz\/index.php\/2025\/12\/03\/nissan-na-e-salonu-2025-premiera-nove-micry-ev\/#article","isPartOf":{"@id":"https:\/\/luxurymagazine.cz\/index.php\/2025\/12\/03\/nissan-na-e-salonu-2025-premiera-nove-micry-ev\/"},"author":{"name":"Martin Pechold","@id":"https:\/\/luxurymagazine.cz\/#\/schema\/person\/ea97ee8763209724cba6da979986708a"},"headline":"Nissan na e-Salonu 2025: Premi\u00e9ra nov\u00e9 Micry EV","datePublished":"2025-12-02T23:01:00+00:00","dateModified":"2026-01-31T00:28:20+00:00","mainEntityOfPage":{"@id":"https:\/\/luxurymagazine.cz\/index.php\/2025\/12\/03\/nissan-na-e-salonu-2025-premiera-nove-micry-ev\/"},"wordCount":459,"publisher":{"@id":"https:\/\/luxurymagazine.cz\/#organization"},"articleSection":["AUTO &amp; MOTO &amp; LOD\u011a","BUSINESS","NEWS","TECHNIKA &amp; SPOT\u0158EBI\u010cE","TIPY &amp; TRENDY"],"inLanguage":"cs"},{"@type":"WebPage","@id":"https:\/\/luxurymagazine.cz\/index.php\/2025\/12\/03\/nissan-na-e-salonu-2025-premiera-nove-micry-ev\/","url":"https:\/\/luxurymagazine.cz\/index.php\/2025\/12\/03\/nissan-na-e-salonu-2025-premiera-nove-micry-ev\/","name":"Nissan na e-Salonu 2025: Premi\u00e9ra nov\u00e9 Micry EV - LUXURYMAGAZINE.cz","isPartOf":{"@id":"https:\/\/luxurymagazine.cz\/#website"},"datePublished":"2025-12-02T23:01:00+00:00","dateModified":"2026-01-31T00:28:20+00:00","description":"Na leto\u0161n\u00edm ro\u010dn\u00edku veletrhu e-Salon 2025 se Nissan p\u0159edstavil ve velk\u00e9m stylu s unik\u00e1tn\u00edm st\u00e1nkem GranTurnismo.","breadcrumb":{"@id":"https:\/\/luxurymagazine.cz\/index.php\/2025\/12\/03\/nissan-na-e-salonu-2025-premiera-nove-micry-ev\/#breadcrumb"},"inLanguage":"cs","potentialAction":[{"@type":"ReadAction","target":["https:\/\/luxurymagazine.cz\/index.php\/2025\/12\/03\/nissan-na-e-salonu-2025-premiera-nove-micry-ev\/"]}]},{"@type":"BreadcrumbList","@id":"https:\/\/luxurymagazine.cz\/index.php\/2025\/12\/03\/nissan-na-e-salonu-2025-premiera-nove-micry-ev\/#breadcrumb","itemListElement":[{"@type":"ListItem","position":1,"name":"Dom\u016f","item":"https:\/\/luxurymagazine.cz\/"},{"@type":"ListItem","position":2,"name":"Nissan na e-Salonu 2025: Premi\u00e9ra nov\u00e9 Micry EV"}]},{"@type":"WebSite","@id":"https:\/\/luxurymagazine.cz\/#website","url":"https:\/\/luxurymagazine.cz\/","name":"LUXURYMAGAZINE.cz","description":"Port\u00e1l v\u00fdhradn\u011b o luxusu...","publisher":{"@id":"https:\/\/luxurymagazine.cz\/#organization"},"potentialAction":[{"@type":"SearchAction","target":{"@type":"EntryPoint","urlTemplate":"https:\/\/luxurymagazine.cz\/?s={search_term_string}"},"query-input":"required name=search_term_string"}],"inLanguage":"cs"},{"@type":"Organization","@id":"https:\/\/luxurymagazine.cz\/#organization","name":"LUXURYMAGAZINE.cz","url":"https:\/\/luxurymagazine.cz\/","logo":{"@type":"ImageObject","inLanguage":"cs","@id":"https:\/\/luxurymagazine.cz\/#\/schema\/logo\/image\/","url":"https:\/\/luxurymagazine.cz\/wp-content\/uploads\/2024\/12\/cropped-Logo_LuxuryMagazine-1.jpg","contentUrl":"https:\/\/luxurymagazine.cz\/wp-content\/uploads\/2024\/12\/cropped-Logo_LuxuryMagazine-1.jpg","width":934,"height":509,"caption":"LUXURYMAGAZINE.cz"},"image":{"@id":"https:\/\/luxurymagazine.cz\/#\/schema\/logo\/image\/"}},{"@type":"Person","@id":"https:\/\/luxurymagazine.cz\/#\/schema\/person\/ea97ee8763209724cba6da979986708a","name":"Martin Pechold","image":{"@type":"ImageObject","inLanguage":"cs","@id":"https:\/\/luxurymagazine.cz\/#\/schema\/person\/image\/","url":"https:\/\/secure.gravatar.com\/avatar\/c09f01eecbcd6a23f9833128067d058d?s=96&d=mm&r=g","contentUrl":"https:\/\/secure.gravatar.com\/avatar\/c09f01eecbcd6a23f9833128067d058d?s=96&d=mm&r=g","caption":"Martin Pechold"},"sameAs":["http:\/\/LUXURYMAGAZINE.cz"],"url":"https:\/\/luxurymagazine.cz\/index.php\/author\/marp\/"}]}},"_links":{"self":[{"href":"https:\/\/luxurymagazine.cz\/index.php\/wp-json\/wp\/v2\/posts\/7749"}],"collection":[{"href":"https:\/\/luxurymagazine.cz\/index.php\/wp-json\/wp\/v2\/posts"}],"about":[{"href":"https:\/\/luxurymagazine.cz\/index.php\/wp-json\/wp\/v2\/types\/post"}],"author":[{"embeddable":true,"href":"https:\/\/luxurymagazine.cz\/index.php\/wp-json\/wp\/v2\/users\/11"}],"replies":[{"embeddable":true,"href":"https:\/\/luxurymagazine.cz\/index.php\/wp-json\/wp\/v2\/comments?post=7749"}],"version-history":[{"count":-4,"href":"https:\/\/luxurymagazine.cz\/index.php\/wp-json\/wp\/v2\/posts\/7749\/revisions"}],"wp:featuredmedia":[{"embeddable":true,"href":"https:\/\/luxurymagazine.cz\/index.php\/wp-json\/wp\/v2\/media\/7753"}],"wp:attachment":[{"href":"https:\/\/luxurymagazine.cz\/index.php\/wp-json\/wp\/v2\/media?parent=7749"}],"wp:term":[{"taxonomy":"category","embeddable":true,"href":"https:\/\/luxurymagazine.cz\/index.php\/wp-json\/wp\/v2\/categories?post=7749"},{"taxonomy":"post_tag","embeddable":true,"href":"https:\/\/luxurymagazine.cz\/index.php\/wp-json\/wp\/v2\/tags?post=7749"}],"curies":[{"name":"wp","href":"https:\/\/api.w.org\/{rel}","templated":true}]}}