{"id":7779,"date":"2026-01-02T00:01:00","date_gmt":"2026-01-01T23:01:00","guid":{"rendered":"https:\/\/luxurymagazine.cz\/?p=7779"},"modified":"2026-02-19T20:54:58","modified_gmt":"2026-02-19T19:54:58","slug":"cervena-jako-statement-silvestrovska-moda-v-zare-se-neboji-divokosti","status":"publish","type":"post","link":"https:\/\/luxurymagazine.cz\/index.php\/2026\/01\/02\/cervena-jako-statement-silvestrovska-moda-v-zare-se-neboji-divokosti\/","title":{"rendered":"\u010cerven\u00e1 jako statement. Silvestrovsk\u00e1 m\u00f3da v Za\u0159e se neboj\u00ed divokosti"},"content":{"rendered":"\n<div style=\"height:40px\" aria-hidden=\"true\" class=\"wp-block-spacer\"><\/div>\n\n\n\n<p class=\"has-medium-font-size\"><strong>Silvestrovsk\u00e1 noc si \u017e\u00e1d\u00e1 drama. A Zara letos p\u0159ich\u00e1z\u00ed s party kolekc\u00ed, kter\u00e1 p\u0159esn\u011b ch\u00e1pe, jak vypad\u00e1 modern\u00ed ve\u010d\u00edrkov\u00e1 extravagance &#8211; sv\u016fdn\u00e9 slip \u0161aty s krajkou, elektrizuj\u00edc\u00ed \u010derven\u00e9 pun\u010dochy a dynamick\u00e9 siluety. Kolekce je odv\u00e1\u017en\u00e1, \u017eensk\u00e1 a z\u00e1rove\u0148 hrav\u011b sofistikovan\u00e1. P\u0159esn\u011b to, co pot\u0159ebujete, pokud chcete p\u0159iv\u00edtat nov\u00fd rok ve velk\u00e9m stylu.<\/strong><\/p>\n\n\n\n<div style=\"height:40px\" aria-hidden=\"true\" class=\"wp-block-spacer\"><\/div>\n\n\n\n<figure class=\"wp-block-image size-large\"><img decoding=\"async\" loading=\"lazy\" width=\"1024\" height=\"668\" src=\"https:\/\/luxurymagazine.cz\/wp-content\/uploads\/2025\/12\/590236358_1406046854888808_6680811644581879534_n-1024x668.jpeg\" alt=\"\u010cerven\u00e1 jako statement. Silvestrovsk\u00e1 m\u00f3da v Za\u0159e se neboj\u00ed divokosti\" class=\"wp-image-7780\" srcset=\"https:\/\/luxurymagazine.cz\/wp-content\/uploads\/2025\/12\/590236358_1406046854888808_6680811644581879534_n-1024x668.jpeg 1024w, https:\/\/luxurymagazine.cz\/wp-content\/uploads\/2025\/12\/590236358_1406046854888808_6680811644581879534_n-300x196.jpeg 300w, https:\/\/luxurymagazine.cz\/wp-content\/uploads\/2025\/12\/590236358_1406046854888808_6680811644581879534_n-768x501.jpeg 768w, https:\/\/luxurymagazine.cz\/wp-content\/uploads\/2025\/12\/590236358_1406046854888808_6680811644581879534_n-1536x1002.jpeg 1536w, https:\/\/luxurymagazine.cz\/wp-content\/uploads\/2025\/12\/590236358_1406046854888808_6680811644581879534_n.jpeg 2048w\" sizes=\"(max-width: 1024px) 100vw, 1024px\" \/><\/figure>\n\n\n\n<div style=\"height:40px\" aria-hidden=\"true\" class=\"wp-block-spacer\"><\/div>\n\n\n\n<p class=\"has-medium-font-size\">Kolekce stav\u00ed na jednom v\u00fdrazn\u00e9m barevn\u00e9m akcentu: intenzivn\u00ed \u010derveni. Nejde ale o jemnou v\u00ednovou, ale o \u010dist\u00fd rud\u00fd provokativn\u00ed t\u00f3n, kter\u00fd okam\u017eit\u011b p\u0159itahuje pozornost. V kombinaci s \u010dernou, b\u00edlou \u010di slonovinovou p\u016fsob\u00ed jako m\u00f3dn\u00ed kontrast, kter\u00fd rozz\u00e1\u0159\u00ed cel\u00fd v\u00e1\u0161 look.<\/p>\n\n\n\n<p class=\"has-medium-font-size\">\u010cerven\u00e9 pun\u010dochy se st\u00e1vaj\u00ed kl\u00ed\u010dov\u00fdm stylingov\u00fdm prvkem \u2014 trochu retro, trochu avantgarda, ale maxim\u00e1ln\u011b efektn\u00ed. Pr\u00e1v\u011b d\u00edky nim z\u00edsk\u00e1v\u00e1 cel\u00e1 kolekce energii, kterou od silvestrovsk\u00e9 m\u00f3dy \u010dek\u00e1me.<\/p>\n\n\n\n<div style=\"height:40px\" class=\"wp-block-spacer\"><\/div>\n\n\n\n<figure class=\"wp-block-gallery has-nested-images columns-1 is-cropped wp-block-gallery-1 is-layout-flex wp-block-gallery-is-layout-flex\">\n<figure class=\"wp-block-image size-large\"><img decoding=\"async\" data-id=\"18966\" src=\"https:\/\/prazskeprikopy.cz\/wp-content\/uploads\/2025\/12\/590901415_1406046891555471_3273736755304340432_n-1024x683.jpeg\" alt=\"\u010cerven\u00e1 jako statement. Silvestrovsk\u00e1 m\u00f3da v ZA\u0158E se neboj\u00ed divokosti\" class=\"wp-image-18966\" \/><\/figure>\n\n\n\n<figure class=\"wp-block-image size-large\"><img decoding=\"async\" data-id=\"18969\" src=\"https:\/\/prazskeprikopy.cz\/wp-content\/uploads\/2025\/12\/589422956_1406046728222154_2366600636135381613_n-1024x683.jpeg\" alt=\"\u010cerven\u00e1 jako statement. Silvestrovsk\u00e1 m\u00f3da v ZA\u0158E se neboj\u00ed divokosti\" class=\"wp-image-18969\" \/><\/figure>\n<\/figure>\n\n\n\n<div style=\"height:40px\" class=\"wp-block-spacer\"><\/div>\n\n\n\n<h2 class=\"wp-block-heading\">Slip dress moment: krajka, transparentnost, 90s atmosf\u00e9ra<\/h2>\n\n\n\n<div style=\"height:39px\" class=\"wp-block-spacer\"><\/div>\n\n\n\n<p class=\"has-medium-font-size\">Dal\u0161\u00ed \u010d\u00e1st\u00ed kolekce jsou mini a midi slip \u0161aty. Jemn\u00e9 sat\u00e9nov\u00e9 povrchy, zakon\u010den\u00ed luxusn\u00ed krajkou, tenk\u00e1 ram\u00ednka a lehce asymetrick\u00e9 st\u0159ihy vytv\u00e1\u0159ej\u00ed siluetu, kter\u00e1 je sv\u016fdn\u00e1 i bez n\u00e1mahy.<\/p>\n\n\n\n<p class=\"has-medium-font-size\">Kombinace s \u010derven\u00fdmi pun\u010dochami dod\u00e1v\u00e1 \u0161at\u016fm \u00fapln\u011b nov\u00fd rozm\u011br \u2014 z minimalismu 90. let se st\u00e1v\u00e1 modern\u00ed party glamour. \u010cern\u00e1 i b\u00edl\u00e1 varianta vypadaj\u00ed na fotk\u00e1ch i ve skute\u010dnosti jako couture moment, i kdy\u017e mluv\u00edme o high-street kolekci.<\/p>\n\n\n\n<div style=\"height:40px\" class=\"wp-block-spacer\"><\/div>\n\n\n\n<h2 class=\"wp-block-heading\">Pohyb jako sou\u010d\u00e1st designu<\/h2>\n\n\n\n<div style=\"height:41px\" class=\"wp-block-spacer\"><\/div>\n\n\n\n<p class=\"has-medium-font-size\">Druh\u00e1 \u010d\u00e1st kolekce stav\u00ed na kontrastu: objemn\u00e9 sat\u00e9nov\u00e9 maxi sukn\u011b, kter\u00e9 s v\u00e1mi &#8222;protancuj\u00ed&#8220; i tu nejdivo\u010dej\u0161\u00ed noc. Materi\u00e1l m\u00e1 vysok\u00fd lesk a vytv\u00e1\u0159\u00ed doslova kinetick\u00fd efekt \u2014 \u017e\u00e1dn\u00e9 statick\u00e9 ve\u010dern\u00ed outfity, ale \u017eiv\u00e9, dramatick\u00e9 vrstvy, kter\u00e9 vypadaj\u00ed skv\u011ble na videu i fotce.<\/p>\n\n\n\n<div style=\"height:41px\" class=\"wp-block-spacer\"><\/div>\n\n\n\n<figure class=\"wp-block-image size-large\"><img decoding=\"async\" src=\"https:\/\/prazskeprikopy.cz\/wp-content\/uploads\/2025\/12\/589286390_1406046998222127_7020509199981475173_n-1024x683.jpeg\" alt=\"\u010cerven\u00e1 jako statement. Silvestrovsk\u00e1 m\u00f3da v ZA\u0158E se neboj\u00ed divokosti\" class=\"wp-image-18967\" \/><\/figure>\n\n\n\n<div style=\"height:41px\" class=\"wp-block-spacer\"><\/div>\n\n\n\n<p class=\"has-medium-font-size\">K nim ZARA p\u0159id\u00e1v\u00e1 kontrastn\u00ed stretch topy v \u010derven\u00e9 a purpurov\u00e9, kter\u00e9 opticky ze\u0161t\u00edhluj\u00ed horn\u00ed polovinu t\u011bla a nech\u00e1vaj\u00ed vyniknout v\u00fdrazn\u00e9 sukn\u011b. Kombinace sat\u00e9nu a jemn\u00e9ho \u00fapletu je p\u0159itom jedn\u00edm z nejv\u011bt\u0161\u00edch trend\u016f sezony.<\/p>\n\n\n\n<div style=\"height:40px\" class=\"wp-block-spacer\"><\/div>\n\n\n\n<h2 class=\"wp-block-heading\">Materi\u00e1ly, kter\u00e9 hraj\u00ed: sat\u00e9n, krajka, mikro\u00faplet<\/h2>\n\n\n\n<div style=\"height:40px\" class=\"wp-block-spacer\"><\/div>\n\n\n\n<p class=\"has-medium-font-size\">Cel\u00e1 kolekce stoj\u00ed na textur\u00e1ch:<\/p>\n\n\n\n<ul class=\"wp-block-list\">\n<li class=\"has-medium-font-size\"><strong>leskl\u00fd sat\u00e9n<\/strong> \u2013 pro efektn\u00ed pohyb a luxusn\u00ed look<\/li>\n\n\n\n<li class=\"has-medium-font-size\"><strong>jemn\u00e1 krajka<\/strong> \u2013 dod\u00e1v\u00e1 romantiku i ve\u010dern\u00ed jemnost<\/li>\n\n\n\n<li class=\"has-medium-font-size\"><strong>transparentn\u00ed \u00faplet<\/strong> \u2013 modern\u00ed prvek, kter\u00fd dr\u017e\u00ed krok s runway trendy<\/li>\n<\/ul>\n\n\n\n<p class=\"has-medium-font-size\">Tyto materi\u00e1ly spole\u010dn\u011b vytv\u00e1\u0159ej\u00ed estetiku, kter\u00e1 je elegantn\u00ed a z\u00e1rove\u0148 pln\u00e1 mladistv\u00e9 energie.<\/p>\n\n\n\n<div style=\"height:41px\" class=\"wp-block-spacer\"><\/div>\n\n\n\n<figure class=\"wp-block-image size-large\"><img decoding=\"async\" src=\"https:\/\/prazskeprikopy.cz\/wp-content\/uploads\/2025\/12\/589893129_1406046648222162_3537140302222053624_n-1024x686.jpeg\" alt=\"\u010cerven\u00e1 jako statement. Silvestrovsk\u00e1 m\u00f3da v ZA\u0158E se neboj\u00ed divokosti\" class=\"wp-image-18968\" \/><\/figure>\n\n\n\n<div style=\"height:40px\" class=\"wp-block-spacer\"><\/div>\n\n\n\n<h3 class=\"wp-block-heading\"><strong>Jak kolekci nosit na Silvestra<\/strong>? <\/h3>\n\n\n\n<div style=\"height:40px\" class=\"wp-block-spacer\"><\/div>\n\n\n\n<ul class=\"wp-block-list\">\n<li class=\"has-medium-font-size\"><strong>slip dress + \u010derven\u00e9 pun\u010dochy<\/strong> &#8211; nejv\u00edc ikonick\u00fd outfit kolekce<\/li>\n\n\n\n<li class=\"has-medium-font-size\"><strong>maxi sat\u00e9nov\u00e1 sukn\u011b + \u010derven\u00fd top<\/strong> &#8211; vysokodynamick\u00fd look, ide\u00e1ln\u00ed na velkou party<\/li>\n\n\n\n<li class=\"has-medium-font-size\"><strong>statement n\u00e1u\u0161nice a jednoduch\u00e9 p\u00e1skov\u00e9 sand\u00e1ly<\/strong><\/li>\n<\/ul>\n\n\n\n<div style=\"height:40px\" class=\"wp-block-spacer\"><\/div>\n\n\n\n<p class=\"has-medium-font-size\">Tahle kolekce nen\u00ed o p\u0159em\u00fd\u0161len\u00ed, ale o emoc\u00edch a dravosti. O radosti z pohybu, sv\u011btla, barev. P\u0159esn\u011b tak chce Zara vstoupit do roku 2025 \u2014 a dovoluje i v\u00e1m ud\u011blat to ve velk\u00e9m.<\/p>\n\n\n\n<div style=\"height:100px\" class=\"wp-block-spacer\"><\/div>\n\n\n\n<figure class=\"wp-block-gallery has-nested-images columns-2 is-cropped wp-block-gallery-3 is-layout-flex wp-block-gallery-is-layout-flex\">\n<figure class=\"wp-block-image size-large\"><img decoding=\"async\" data-id=\"18966\" src=\"https:\/\/prazskeprikopy.cz\/wp-content\/uploads\/2025\/12\/590901415_1406046891555471_3273736755304340432_n-1024x683.jpeg\" alt=\"\u010cerven\u00e1 jako statement. Silvestrovsk\u00e1 m\u00f3da v ZA\u0158E se neboj\u00ed divokosti\" class=\"wp-image-18966\" \/><\/figure>\n\n\n\n<figure class=\"wp-block-image size-large\"><img decoding=\"async\" data-id=\"18967\" src=\"https:\/\/prazskeprikopy.cz\/wp-content\/uploads\/2025\/12\/589286390_1406046998222127_7020509199981475173_n-1024x683.jpeg\" alt=\"\u010cerven\u00e1 jako statement. Silvestrovsk\u00e1 m\u00f3da v ZA\u0158E se neboj\u00ed divokosti\" class=\"wp-image-18967\" \/><\/figure>\n\n\n\n<figure class=\"wp-block-image size-large\"><img decoding=\"async\" data-id=\"18968\" src=\"https:\/\/prazskeprikopy.cz\/wp-content\/uploads\/2025\/12\/589893129_1406046648222162_3537140302222053624_n-1024x686.jpeg\" alt=\"\u010cerven\u00e1 jako statement. Silvestrovsk\u00e1 m\u00f3da v ZA\u0158E se neboj\u00ed divokosti\" class=\"wp-image-18968\" \/><\/figure>\n\n\n\n<figure class=\"wp-block-image size-large\"><img decoding=\"async\" data-id=\"18969\" src=\"https:\/\/prazskeprikopy.cz\/wp-content\/uploads\/2025\/12\/589422956_1406046728222154_2366600636135381613_n-1024x683.jpeg\" alt=\"\u010cerven\u00e1 jako statement. Silvestrovsk\u00e1 m\u00f3da v ZA\u0158E se neboj\u00ed divokosti\" class=\"wp-image-18969\" \/><\/figure>\n\n\n\n<figure class=\"wp-block-image size-large\"><img decoding=\"async\" data-id=\"18970\" src=\"https:\/\/prazskeprikopy.cz\/wp-content\/uploads\/2025\/12\/590236358_1406046854888808_6680811644581879534_n-1024x668.jpeg\" alt=\"\u010cerven\u00e1 jako statement. Silvestrovsk\u00e1 m\u00f3da v ZA\u0158E se neboj\u00ed divokosti\" class=\"wp-image-18970\" \/><\/figure>\n\n\n\n<figure class=\"wp-block-image size-large\"><img decoding=\"async\" data-id=\"18971\" src=\"https:\/\/prazskeprikopy.cz\/wp-content\/uploads\/2025\/12\/590297414_1406046724888821_8104958020094073930_n-1024x705.jpeg\" alt=\"\u010cerven\u00e1 jako statement. Silvestrovsk\u00e1 m\u00f3da v ZA\u0158E se neboj\u00ed divokosti\" class=\"wp-image-18971\" \/><\/figure>\n<\/figure>\n\n\n\n<div style=\"height:100px\" class=\"wp-block-spacer\"><\/div>\n\n\n\n<p class=\"has-medium-font-size\"><strong>Zdroj foto<\/strong>: Zara<\/p>\n\n\n\n<p><\/p>\n","protected":false},"excerpt":{"rendered":"<p>Silvestrovsk\u00e1 noc si \u017e\u00e1d\u00e1 drama. A Zara letos p\u0159ich\u00e1z\u00ed s party kolekc\u00ed, kter\u00e1 p\u0159esn\u011b ch\u00e1pe, jak vypad\u00e1 modern\u00ed ve\u010d\u00edrkov\u00e1 extravagance &#8211; sv\u016fdn\u00e9 slip \u0161aty s krajkou, elektrizuj\u00edc\u00ed \u010derven\u00e9 pun\u010dochy a dynamick\u00e9 siluety. Kolekce je odv\u00e1\u017en\u00e1, \u017eensk\u00e1 a z\u00e1rove\u0148 hrav\u011b sofistikovan\u00e1. P\u0159esn\u011b to, co pot\u0159ebujete, pokud chcete p\u0159iv\u00edtat nov\u00fd rok ve velk\u00e9m stylu. Kolekce stav\u00ed na [&hellip;]<\/p>\n","protected":false},"author":10,"featured_media":7780,"comment_status":"closed","ping_status":"closed","sticky":false,"template":"","format":"standard","meta":{"_mi_skip_tracking":false,"_monsterinsights_sitenote_active":false,"_monsterinsights_sitenote_note":"","_monsterinsights_sitenote_category":0,"footnotes":""},"categories":[3,2],"tags":[195,38,148,201],"yoast_head":"<!-- This site is optimized with the Yoast SEO plugin v21.4 - https:\/\/yoast.com\/wordpress\/plugins\/seo\/ -->\n<title>\u010cerven\u00e1 jako statement. Silvestrovsk\u00e1 m\u00f3da v Za\u0159e se neboj\u00ed divokosti - LUXURYMAGAZINE.cz<\/title>\n<meta name=\"description\" content=\"ZARA party kolekce p\u0159in\u00e1\u0161\u00ed odv\u00e1\u017en\u00e9 mini\u0161aty, t\u0159pytiv\u00e9 materi\u00e1ly, asymetrie i modern\u00ed metalick\u00e9 kousky, kter\u00e9 se perfektn\u011b hod\u00ed na konec roku.\" \/>\n<meta name=\"robots\" content=\"index, follow, max-snippet:-1, max-image-preview:large, max-video-preview:-1\" \/>\n<link rel=\"canonical\" href=\"https:\/\/luxurymagazine.cz\/index.php\/2026\/01\/02\/cervena-jako-statement-silvestrovska-moda-v-zare-se-neboji-divokosti\/\" \/>\n<meta property=\"og:locale\" content=\"cs_CZ\" \/>\n<meta property=\"og:type\" content=\"article\" \/>\n<meta property=\"og:title\" content=\"\u010cerven\u00e1 jako statement. Silvestrovsk\u00e1 m\u00f3da v Za\u0159e se neboj\u00ed divokosti - LUXURYMAGAZINE.cz\" \/>\n<meta property=\"og:description\" content=\"ZARA party kolekce p\u0159in\u00e1\u0161\u00ed odv\u00e1\u017en\u00e9 mini\u0161aty, t\u0159pytiv\u00e9 materi\u00e1ly, asymetrie i modern\u00ed metalick\u00e9 kousky, kter\u00e9 se perfektn\u011b hod\u00ed na konec roku.\" \/>\n<meta property=\"og:url\" content=\"https:\/\/luxurymagazine.cz\/index.php\/2026\/01\/02\/cervena-jako-statement-silvestrovska-moda-v-zare-se-neboji-divokosti\/\" \/>\n<meta property=\"og:site_name\" content=\"LUXURYMAGAZINE.cz\" \/>\n<meta property=\"article:published_time\" content=\"2026-01-01T23:01:00+00:00\" \/>\n<meta property=\"article:modified_time\" content=\"2026-02-19T19:54:58+00:00\" \/>\n<meta property=\"og:image\" content=\"https:\/\/luxurymagazine.cz\/wp-content\/uploads\/2025\/12\/590236358_1406046854888808_6680811644581879534_n.jpeg\" \/>\n\t<meta property=\"og:image:width\" content=\"2048\" \/>\n\t<meta property=\"og:image:height\" content=\"1336\" \/>\n\t<meta property=\"og:image:type\" content=\"image\/jpeg\" \/>\n<meta name=\"author\" content=\"Nela Slivkov\u00e1\" \/>\n<meta name=\"twitter:card\" content=\"summary_large_image\" \/>\n<meta name=\"twitter:label1\" content=\"Napsal(a)\" \/>\n\t<meta name=\"twitter:data1\" content=\"Nela Slivkov\u00e1\" \/>\n\t<meta name=\"twitter:label2\" content=\"Odhadovan\u00e1 doba \u010dten\u00ed\" \/>\n\t<meta name=\"twitter:data2\" content=\"5 minut\" \/>\n<script type=\"application\/ld+json\" class=\"yoast-schema-graph\">{\"@context\":\"https:\/\/schema.org\",\"@graph\":[{\"@type\":\"Article\",\"@id\":\"https:\/\/luxurymagazine.cz\/index.php\/2026\/01\/02\/cervena-jako-statement-silvestrovska-moda-v-zare-se-neboji-divokosti\/#article\",\"isPartOf\":{\"@id\":\"https:\/\/luxurymagazine.cz\/index.php\/2026\/01\/02\/cervena-jako-statement-silvestrovska-moda-v-zare-se-neboji-divokosti\/\"},\"author\":{\"name\":\"Nela Slivkov\u00e1\",\"@id\":\"https:\/\/luxurymagazine.cz\/#\/schema\/person\/eaf86e18094591d8fe554880db7d072d\"},\"headline\":\"\u010cerven\u00e1 jako statement. Silvestrovsk\u00e1 m\u00f3da v Za\u0159e se neboj\u00ed divokosti\",\"datePublished\":\"2026-01-01T23:01:00+00:00\",\"dateModified\":\"2026-02-19T19:54:58+00:00\",\"mainEntityOfPage\":{\"@id\":\"https:\/\/luxurymagazine.cz\/index.php\/2026\/01\/02\/cervena-jako-statement-silvestrovska-moda-v-zare-se-neboji-divokosti\/\"},\"wordCount\":499,\"publisher\":{\"@id\":\"https:\/\/luxurymagazine.cz\/#organization\"},\"keywords\":[\"fashion\",\"Pra\u017esk\u00e9 P\u0159\u00edkopy\",\"V centru Prahy\",\"ZARA\"],\"articleSection\":[\"M\u00d3DA\",\"NEWS\"],\"inLanguage\":\"cs\"},{\"@type\":\"WebPage\",\"@id\":\"https:\/\/luxurymagazine.cz\/index.php\/2026\/01\/02\/cervena-jako-statement-silvestrovska-moda-v-zare-se-neboji-divokosti\/\",\"url\":\"https:\/\/luxurymagazine.cz\/index.php\/2026\/01\/02\/cervena-jako-statement-silvestrovska-moda-v-zare-se-neboji-divokosti\/\",\"name\":\"\u010cerven\u00e1 jako statement. Silvestrovsk\u00e1 m\u00f3da v Za\u0159e se neboj\u00ed divokosti - LUXURYMAGAZINE.cz\",\"isPartOf\":{\"@id\":\"https:\/\/luxurymagazine.cz\/#website\"},\"datePublished\":\"2026-01-01T23:01:00+00:00\",\"dateModified\":\"2026-02-19T19:54:58+00:00\",\"description\":\"ZARA party kolekce p\u0159in\u00e1\u0161\u00ed odv\u00e1\u017en\u00e9 mini\u0161aty, t\u0159pytiv\u00e9 materi\u00e1ly, asymetrie i modern\u00ed metalick\u00e9 kousky, kter\u00e9 se perfektn\u011b hod\u00ed na konec roku.\",\"breadcrumb\":{\"@id\":\"https:\/\/luxurymagazine.cz\/index.php\/2026\/01\/02\/cervena-jako-statement-silvestrovska-moda-v-zare-se-neboji-divokosti\/#breadcrumb\"},\"inLanguage\":\"cs\",\"potentialAction\":[{\"@type\":\"ReadAction\",\"target\":[\"https:\/\/luxurymagazine.cz\/index.php\/2026\/01\/02\/cervena-jako-statement-silvestrovska-moda-v-zare-se-neboji-divokosti\/\"]}]},{\"@type\":\"BreadcrumbList\",\"@id\":\"https:\/\/luxurymagazine.cz\/index.php\/2026\/01\/02\/cervena-jako-statement-silvestrovska-moda-v-zare-se-neboji-divokosti\/#breadcrumb\",\"itemListElement\":[{\"@type\":\"ListItem\",\"position\":1,\"name\":\"Dom\u016f\",\"item\":\"https:\/\/luxurymagazine.cz\/\"},{\"@type\":\"ListItem\",\"position\":2,\"name\":\"\u010cerven\u00e1 jako statement. Silvestrovsk\u00e1 m\u00f3da v Za\u0159e se neboj\u00ed divokosti\"}]},{\"@type\":\"WebSite\",\"@id\":\"https:\/\/luxurymagazine.cz\/#website\",\"url\":\"https:\/\/luxurymagazine.cz\/\",\"name\":\"LUXURYMAGAZINE.cz\",\"description\":\"Port\u00e1l v\u00fdhradn\u011b o luxusu...\",\"publisher\":{\"@id\":\"https:\/\/luxurymagazine.cz\/#organization\"},\"potentialAction\":[{\"@type\":\"SearchAction\",\"target\":{\"@type\":\"EntryPoint\",\"urlTemplate\":\"https:\/\/luxurymagazine.cz\/?s={search_term_string}\"},\"query-input\":\"required name=search_term_string\"}],\"inLanguage\":\"cs\"},{\"@type\":\"Organization\",\"@id\":\"https:\/\/luxurymagazine.cz\/#organization\",\"name\":\"LUXURYMAGAZINE.cz\",\"url\":\"https:\/\/luxurymagazine.cz\/\",\"logo\":{\"@type\":\"ImageObject\",\"inLanguage\":\"cs\",\"@id\":\"https:\/\/luxurymagazine.cz\/#\/schema\/logo\/image\/\",\"url\":\"https:\/\/luxurymagazine.cz\/wp-content\/uploads\/2024\/12\/cropped-Logo_LuxuryMagazine-1.jpg\",\"contentUrl\":\"https:\/\/luxurymagazine.cz\/wp-content\/uploads\/2024\/12\/cropped-Logo_LuxuryMagazine-1.jpg\",\"width\":934,\"height\":509,\"caption\":\"LUXURYMAGAZINE.cz\"},\"image\":{\"@id\":\"https:\/\/luxurymagazine.cz\/#\/schema\/logo\/image\/\"}},{\"@type\":\"Person\",\"@id\":\"https:\/\/luxurymagazine.cz\/#\/schema\/person\/eaf86e18094591d8fe554880db7d072d\",\"name\":\"Nela Slivkov\u00e1\",\"image\":{\"@type\":\"ImageObject\",\"inLanguage\":\"cs\",\"@id\":\"https:\/\/luxurymagazine.cz\/#\/schema\/person\/image\/\",\"url\":\"https:\/\/secure.gravatar.com\/avatar\/ab3633d3d1b2954691cbe0859eeeb644?s=96&d=mm&r=g\",\"contentUrl\":\"https:\/\/secure.gravatar.com\/avatar\/ab3633d3d1b2954691cbe0859eeeb644?s=96&d=mm&r=g\",\"caption\":\"Nela Slivkov\u00e1\"},\"sameAs\":[\"http:\/\/LUXURYMAGAZINE.cz\"],\"url\":\"https:\/\/luxurymagazine.cz\/index.php\/author\/nelasliv\/\"}]}<\/script>\n<!-- \/ Yoast SEO plugin. -->","yoast_head_json":{"title":"\u010cerven\u00e1 jako statement. Silvestrovsk\u00e1 m\u00f3da v Za\u0159e se neboj\u00ed divokosti - LUXURYMAGAZINE.cz","description":"ZARA party kolekce p\u0159in\u00e1\u0161\u00ed odv\u00e1\u017en\u00e9 mini\u0161aty, t\u0159pytiv\u00e9 materi\u00e1ly, asymetrie i modern\u00ed metalick\u00e9 kousky, kter\u00e9 se perfektn\u011b hod\u00ed na konec roku.","robots":{"index":"index","follow":"follow","max-snippet":"max-snippet:-1","max-image-preview":"max-image-preview:large","max-video-preview":"max-video-preview:-1"},"canonical":"https:\/\/luxurymagazine.cz\/index.php\/2026\/01\/02\/cervena-jako-statement-silvestrovska-moda-v-zare-se-neboji-divokosti\/","og_locale":"cs_CZ","og_type":"article","og_title":"\u010cerven\u00e1 jako statement. Silvestrovsk\u00e1 m\u00f3da v Za\u0159e se neboj\u00ed divokosti - LUXURYMAGAZINE.cz","og_description":"ZARA party kolekce p\u0159in\u00e1\u0161\u00ed odv\u00e1\u017en\u00e9 mini\u0161aty, t\u0159pytiv\u00e9 materi\u00e1ly, asymetrie i modern\u00ed metalick\u00e9 kousky, kter\u00e9 se perfektn\u011b hod\u00ed na konec roku.","og_url":"https:\/\/luxurymagazine.cz\/index.php\/2026\/01\/02\/cervena-jako-statement-silvestrovska-moda-v-zare-se-neboji-divokosti\/","og_site_name":"LUXURYMAGAZINE.cz","article_published_time":"2026-01-01T23:01:00+00:00","article_modified_time":"2026-02-19T19:54:58+00:00","og_image":[{"width":2048,"height":1336,"url":"https:\/\/luxurymagazine.cz\/wp-content\/uploads\/2025\/12\/590236358_1406046854888808_6680811644581879534_n.jpeg","type":"image\/jpeg"}],"author":"Nela Slivkov\u00e1","twitter_card":"summary_large_image","twitter_misc":{"Napsal(a)":"Nela Slivkov\u00e1","Odhadovan\u00e1 doba \u010dten\u00ed":"5 minut"},"schema":{"@context":"https:\/\/schema.org","@graph":[{"@type":"Article","@id":"https:\/\/luxurymagazine.cz\/index.php\/2026\/01\/02\/cervena-jako-statement-silvestrovska-moda-v-zare-se-neboji-divokosti\/#article","isPartOf":{"@id":"https:\/\/luxurymagazine.cz\/index.php\/2026\/01\/02\/cervena-jako-statement-silvestrovska-moda-v-zare-se-neboji-divokosti\/"},"author":{"name":"Nela Slivkov\u00e1","@id":"https:\/\/luxurymagazine.cz\/#\/schema\/person\/eaf86e18094591d8fe554880db7d072d"},"headline":"\u010cerven\u00e1 jako statement. Silvestrovsk\u00e1 m\u00f3da v Za\u0159e se neboj\u00ed divokosti","datePublished":"2026-01-01T23:01:00+00:00","dateModified":"2026-02-19T19:54:58+00:00","mainEntityOfPage":{"@id":"https:\/\/luxurymagazine.cz\/index.php\/2026\/01\/02\/cervena-jako-statement-silvestrovska-moda-v-zare-se-neboji-divokosti\/"},"wordCount":499,"publisher":{"@id":"https:\/\/luxurymagazine.cz\/#organization"},"keywords":["fashion","Pra\u017esk\u00e9 P\u0159\u00edkopy","V centru Prahy","ZARA"],"articleSection":["M\u00d3DA","NEWS"],"inLanguage":"cs"},{"@type":"WebPage","@id":"https:\/\/luxurymagazine.cz\/index.php\/2026\/01\/02\/cervena-jako-statement-silvestrovska-moda-v-zare-se-neboji-divokosti\/","url":"https:\/\/luxurymagazine.cz\/index.php\/2026\/01\/02\/cervena-jako-statement-silvestrovska-moda-v-zare-se-neboji-divokosti\/","name":"\u010cerven\u00e1 jako statement. Silvestrovsk\u00e1 m\u00f3da v Za\u0159e se neboj\u00ed divokosti - LUXURYMAGAZINE.cz","isPartOf":{"@id":"https:\/\/luxurymagazine.cz\/#website"},"datePublished":"2026-01-01T23:01:00+00:00","dateModified":"2026-02-19T19:54:58+00:00","description":"ZARA party kolekce p\u0159in\u00e1\u0161\u00ed odv\u00e1\u017en\u00e9 mini\u0161aty, t\u0159pytiv\u00e9 materi\u00e1ly, asymetrie i modern\u00ed metalick\u00e9 kousky, kter\u00e9 se perfektn\u011b hod\u00ed na konec roku.","breadcrumb":{"@id":"https:\/\/luxurymagazine.cz\/index.php\/2026\/01\/02\/cervena-jako-statement-silvestrovska-moda-v-zare-se-neboji-divokosti\/#breadcrumb"},"inLanguage":"cs","potentialAction":[{"@type":"ReadAction","target":["https:\/\/luxurymagazine.cz\/index.php\/2026\/01\/02\/cervena-jako-statement-silvestrovska-moda-v-zare-se-neboji-divokosti\/"]}]},{"@type":"BreadcrumbList","@id":"https:\/\/luxurymagazine.cz\/index.php\/2026\/01\/02\/cervena-jako-statement-silvestrovska-moda-v-zare-se-neboji-divokosti\/#breadcrumb","itemListElement":[{"@type":"ListItem","position":1,"name":"Dom\u016f","item":"https:\/\/luxurymagazine.cz\/"},{"@type":"ListItem","position":2,"name":"\u010cerven\u00e1 jako statement. Silvestrovsk\u00e1 m\u00f3da v Za\u0159e se neboj\u00ed divokosti"}]},{"@type":"WebSite","@id":"https:\/\/luxurymagazine.cz\/#website","url":"https:\/\/luxurymagazine.cz\/","name":"LUXURYMAGAZINE.cz","description":"Port\u00e1l v\u00fdhradn\u011b o luxusu...","publisher":{"@id":"https:\/\/luxurymagazine.cz\/#organization"},"potentialAction":[{"@type":"SearchAction","target":{"@type":"EntryPoint","urlTemplate":"https:\/\/luxurymagazine.cz\/?s={search_term_string}"},"query-input":"required name=search_term_string"}],"inLanguage":"cs"},{"@type":"Organization","@id":"https:\/\/luxurymagazine.cz\/#organization","name":"LUXURYMAGAZINE.cz","url":"https:\/\/luxurymagazine.cz\/","logo":{"@type":"ImageObject","inLanguage":"cs","@id":"https:\/\/luxurymagazine.cz\/#\/schema\/logo\/image\/","url":"https:\/\/luxurymagazine.cz\/wp-content\/uploads\/2024\/12\/cropped-Logo_LuxuryMagazine-1.jpg","contentUrl":"https:\/\/luxurymagazine.cz\/wp-content\/uploads\/2024\/12\/cropped-Logo_LuxuryMagazine-1.jpg","width":934,"height":509,"caption":"LUXURYMAGAZINE.cz"},"image":{"@id":"https:\/\/luxurymagazine.cz\/#\/schema\/logo\/image\/"}},{"@type":"Person","@id":"https:\/\/luxurymagazine.cz\/#\/schema\/person\/eaf86e18094591d8fe554880db7d072d","name":"Nela Slivkov\u00e1","image":{"@type":"ImageObject","inLanguage":"cs","@id":"https:\/\/luxurymagazine.cz\/#\/schema\/person\/image\/","url":"https:\/\/secure.gravatar.com\/avatar\/ab3633d3d1b2954691cbe0859eeeb644?s=96&d=mm&r=g","contentUrl":"https:\/\/secure.gravatar.com\/avatar\/ab3633d3d1b2954691cbe0859eeeb644?s=96&d=mm&r=g","caption":"Nela Slivkov\u00e1"},"sameAs":["http:\/\/LUXURYMAGAZINE.cz"],"url":"https:\/\/luxurymagazine.cz\/index.php\/author\/nelasliv\/"}]}},"_links":{"self":[{"href":"https:\/\/luxurymagazine.cz\/index.php\/wp-json\/wp\/v2\/posts\/7779"}],"collection":[{"href":"https:\/\/luxurymagazine.cz\/index.php\/wp-json\/wp\/v2\/posts"}],"about":[{"href":"https:\/\/luxurymagazine.cz\/index.php\/wp-json\/wp\/v2\/types\/post"}],"author":[{"embeddable":true,"href":"https:\/\/luxurymagazine.cz\/index.php\/wp-json\/wp\/v2\/users\/10"}],"replies":[{"embeddable":true,"href":"https:\/\/luxurymagazine.cz\/index.php\/wp-json\/wp\/v2\/comments?post=7779"}],"version-history":[{"count":-4,"href":"https:\/\/luxurymagazine.cz\/index.php\/wp-json\/wp\/v2\/posts\/7779\/revisions"}],"wp:featuredmedia":[{"embeddable":true,"href":"https:\/\/luxurymagazine.cz\/index.php\/wp-json\/wp\/v2\/media\/7780"}],"wp:attachment":[{"href":"https:\/\/luxurymagazine.cz\/index.php\/wp-json\/wp\/v2\/media?parent=7779"}],"wp:term":[{"taxonomy":"category","embeddable":true,"href":"https:\/\/luxurymagazine.cz\/index.php\/wp-json\/wp\/v2\/categories?post=7779"},{"taxonomy":"post_tag","embeddable":true,"href":"https:\/\/luxurymagazine.cz\/index.php\/wp-json\/wp\/v2\/tags?post=7779"}],"curies":[{"name":"wp","href":"https:\/\/api.w.org\/{rel}","templated":true}]}}