{"id":7805,"date":"2026-01-27T00:01:00","date_gmt":"2026-01-26T23:01:00","guid":{"rendered":"https:\/\/luxurymagazine.cz\/?p=7805"},"modified":"2026-04-27T03:39:06","modified_gmt":"2026-04-27T01:39:06","slug":"skoda-muzeum-otevira-novy-depozitar-v-historicke-hale","status":"publish","type":"post","link":"https:\/\/luxurymagazine.cz\/index.php\/2026\/01\/27\/skoda-muzeum-otevira-novy-depozitar-v-historicke-hale\/","title":{"rendered":"\u0160koda Muzeum otev\u00edr\u00e1 nov\u00fd depozit\u00e1\u0159 v historick\u00e9 hale"},"content":{"rendered":"\n<div style=\"height:45px\" aria-hidden=\"true\" class=\"wp-block-spacer\"><\/div>\n\n\n\n<p class=\"has-medium-font-size\"><strong>\u0160koda Muzeum zp\u0159\u00edstup\u0148uje ve\u0159ejnosti sv\u016fj nov\u00fd depozit\u00e1\u0159 s&nbsp;historick\u00fdmi vozy. Celkem 23&nbsp;exempl\u00e1\u0159\u016f prim\u00e1rn\u011b v&nbsp;n\u00e1lezov\u00e9m stavu je k&nbsp;vid\u011bn\u00ed v&nbsp;unik\u00e1tn\u00edch prostor\u00e1ch p\u016fvodn\u00ed tov\u00e1rn\u00ed haly v&nbsp;z\u00e1vod\u011b v&nbsp;Mlad\u00e9 Boleslavi, postaven\u00e9 v&nbsp;roce 1906. P\u016flhodinov\u00e9 prohl\u00eddky prob\u00edhaj\u00ed v&nbsp;doprovodu pr\u016fvodce a&nbsp;rezervuj\u00ed se dop\u0159edu.<\/strong><\/p>\n\n\n\n<div style=\"height:45px\" aria-hidden=\"true\" class=\"wp-block-spacer\"><\/div>\n\n\n<div class=\"wp-block-image\">\n<figure class=\"aligncenter size-large\"><img decoding=\"async\" src=\"http:\/\/hmgmagazine.cz\/wp-content\/uploads\/2025\/12\/dsc_5776_727c5e14-1024x683.jpg\" alt=\"\u0160koda Muzeum\" class=\"wp-image-4253\" \/><\/figure><\/div>\n\n\n<div style=\"height:45px\" aria-hidden=\"true\" class=\"wp-block-spacer\"><\/div>\n\n\n\n<h2 class=\"wp-block-heading\">Pohled za oponu \u0160koda Muzea<\/h2>\n\n\n\n<div style=\"height:21px\" aria-hidden=\"true\" class=\"wp-block-spacer\"><\/div>\n\n\n\n<p class=\"has-medium-font-size\">V prostor\u00e1ch historick\u00e9 tov\u00e1rn\u00ed haly, v&nbsp;n\u00ed\u017e od roku 1907 byla z\u0159\u00edzena kov\u00e1rna, \u0160koda Muzeum od 1.&nbsp;prosince&nbsp;2025 otv\u00edr\u00e1 ve\u0159ejnosti sv\u016fj nov\u00fd depozit\u00e1\u0159 historick\u00fdch voz\u016f. Z&nbsp;23&nbsp;vystaven\u00fdch expon\u00e1t\u016f je velk\u00e1 v\u011bt\u0161ina v&nbsp;n\u00e1lezov\u00e9m stavu, tak jak se po des\u00edtk\u00e1ch let vozy objevily v&nbsp;r\u016fzn\u00fdch zapomenut\u00fdch koutech \u010di stodol\u00e1ch a&nbsp;byly z\u00edsk\u00e1ny do sb\u00edrek muzea. \u201eV&nbsp;r\u00e1mci leto\u0161n\u00edch oslav 130&nbsp;let od polo\u017een\u00ed z\u00e1klad\u016f automobilky \u0160koda n\u00e1v\u0161t\u011bvn\u00edk\u016fm na\u0161eho muzea zp\u0159\u00edstup\u0148ujeme nov\u00e9 atraktivn\u00ed v\u00fdstavn\u00ed prostory. V\u00edce ne\u017e dvac\u00edtka historick\u00fdch voz\u016f sah\u00e1 a\u017e k&nbsp;samotn\u00fdm ko\u0159en\u016fm v\u00fdroby automobil\u016f v&nbsp;Mlad\u00e9 Boleslavi, jejich p\u016fvodn\u00ed stav pak na n\u00e1v\u0161t\u011bvn\u00edky d\u00fdchne origin\u00e1ln\u00edm kouzlem a&nbsp;patinou,\u201c \u0159\u00edk\u00e1 Andrea Frydlov\u00e1, vedouc\u00ed \u0160koda Muzea.<\/p>\n\n\n\n<p class=\"has-medium-font-size\">K jedine\u010dn\u00e9mu n\u00e1v\u0161t\u011bvnick\u00e9mu z\u00e1\u017eitku p\u0159isp\u00edv\u00e1 um\u00edst\u011bn\u00ed nov\u00e9 expozice do prostor, kter\u00e9 samy o&nbsp;sob\u011b psaly historii. Tov\u00e1rn\u00ed hala s&nbsp;dne\u0161n\u00edm ozna\u010den\u00edm V4 byla postavena roku 1906 a&nbsp;od roku 1907 vyu\u017e\u00edv\u00e1na jako kov\u00e1rna v&nbsp;r\u00e1mci v\u00fdrazn\u00e9ho roz\u0161\u00ed\u0159en\u00ed a&nbsp;modernizace v\u00fdroby voz\u016f Laurin&nbsp;&amp;&nbsp;Klement. V&nbsp;t\u00e9to budov\u011b byl vedle klasick\u00fdch kovadlin a&nbsp;pece um\u00edst\u011bn velk\u00fd buchar umo\u017e\u0148uj\u00edc\u00ed hromadnou v\u00fdrobu velk\u00fdch kovov\u00fdch sou\u010d\u00e1st\u00ed a&nbsp;tak\u00e9 brzda motor\u016f, na n\u00ed\u017e se m\u011b\u0159il v\u00fdkon a&nbsp;chov\u00e1n\u00ed pohonn\u00e9 jednotky p\u0159ed t\u00edm, ne\u017e se montovala do podvozku.<\/p>\n\n\n\n<div style=\"height:45px\" aria-hidden=\"true\" class=\"wp-block-spacer\"><\/div>\n\n\n<div class=\"wp-block-image\">\n<figure class=\"aligncenter size-large\"><img decoding=\"async\" src=\"http:\/\/hmgmagazine.cz\/wp-content\/uploads\/2025\/12\/dsc_2937_d7bf176b-1024x683.jpg\" alt=\"\u0160koda Muzeum\" class=\"wp-image-4254\" \/><\/figure><\/div>\n\n\n<div style=\"height:45px\" aria-hidden=\"true\" class=\"wp-block-spacer\"><\/div>\n\n\n\n<h2 class=\"wp-block-heading\">Sp\u00edc\u00ed kr\u00e1sa: Cenn\u00e9 vozy \u010dekaj\u00edc\u00ed na renovaci<\/h2>\n\n\n\n<div style=\"height:21px\" aria-hidden=\"true\" class=\"wp-block-spacer\"><\/div>\n\n\n\n<p class=\"has-medium-font-size\">Celkem 23 historick\u00fdch automobil\u016f v&nbsp;n\u00e1lezov\u00e9m stavu, pop\u0159. ve stavu po \u010d\u00e1ste\u010dn\u00e9 renovaci, je prezentov\u00e1no atraktivn\u00edm muzejn\u00edm konceptem \u201egar\u00e1\u017eov\u00e9ho stylu\u201c. D\u016fraz, kter\u00fd je kladen na historickou hodnotu vystaven\u00fdch voz\u016f, je d\u00edky tomu umocn\u011bn i&nbsp;charakterem budovy a&nbsp;v\u00fdstavn\u00edho prostoru. U&nbsp;ka\u017ed\u00e9ho exempl\u00e1\u0159e je jeho stru\u010dn\u00fd popis, bli\u017e\u0161\u00ed detaily pak n\u00e1v\u0161t\u011bvn\u00edk z\u00edsk\u00e1 naskenov\u00e1n\u00edm QR&nbsp;k\u00f3du. Podobn\u011b jako v&nbsp;hlavn\u00ed expozici muzea se i&nbsp;v&nbsp;nov\u00e9ho depozit\u00e1\u0159i po\u010d\u00edt\u00e1 s&nbsp;ur\u010ditou obm\u011bnou vystaven\u00fdch voz\u016f. P\u016flhodinov\u00e1 prohl\u00eddka prob\u00edh\u00e1 v\u017edy v&nbsp;doprovodu pr\u016fvodce \u0160koda Muzea a&nbsp;je nutn\u00e9 si ji p\u0159edem rezervovat. Do konce leto\u0161n\u00edho roku je zdarma, n\u00e1sledn\u011b bude zpoplatn\u011bna formou stokorunov\u00e9ho p\u0159\u00edplatku k&nbsp;jak\u00e9mukoliv typu vstupenky do \u0160koda Muzea. Zp\u0159\u00edstupn\u011bn\u00ed depozit\u00e1\u0159e je sou\u010d\u00e1st\u00ed v\u011bt\u0161\u00edho pl\u00e1nu, j\u00edm\u017e se chce \u0160koda Muzeum d\u00e1le otev\u0159\u00edt ve\u0159ejnosti a&nbsp;fanou\u0161k\u016fm automobilov\u00e9 historie. V&nbsp;roce 2026 automobilka nav\u00e1\u017ee druh\u00fdm krokem v&nbsp;podob\u011b haly, v&nbsp;n\u00ed\u017e budou moc n\u00e1v\u0161t\u011bvn\u00edci obdivovat prototypy, designov\u00e9 studie a&nbsp;koncepty od 50.&nbsp;let minul\u00e9ho stolet\u00ed do sou\u010dasnosti.<\/p>\n\n\n\n<p class=\"has-medium-font-size\">\u0160koda Muzeum v&nbsp;Mlad\u00e9 Boleslavi prov\u00e1z\u00ed n\u00e1v\u0161t\u011bvn\u00edky 130&nbsp;lety historie spole\u010dnosti, od nejran\u011bj\u0161\u00edch vozidel Laurin&nbsp;&amp;&nbsp;Klement a\u017e po sou\u010dasn\u00e9 modely \u010di designov\u00e9 studie. Muzeum bylo otev\u0159eno v&nbsp;roce 1995 v&nbsp;p\u016fvodn\u00edch tov\u00e1rn\u00edch hal\u00e1ch a&nbsp;v&nbsp;roce 2012 pro\u0161lo kompletn\u00ed rekonstrukc\u00ed, p\u0159i kter\u00e9 byla historick\u00e1 autenticita spojena s&nbsp;modern\u00edmi v\u00fdstavn\u00edmi technikami. Na plo\u0161e 1&nbsp;800&nbsp;m? p\u0159edstavuje kolem 360&nbsp;expon\u00e1t\u016f, v\u010detn\u011b s\u00e9riov\u00fdch voz\u016f, prototyp\u016f, rallye voz\u016f, motocykl\u016f, a&nbsp;dokonce i&nbsp;j\u00edzdn\u00edho kola Slavia z&nbsp;roku 1899, nejstar\u0161\u00edho expon\u00e1tu v&nbsp;kolekci. N\u00e1v\u0161t\u011bvu muzea je tak\u00e9 mo\u017en\u00e9 kombinovat s&nbsp;prohl\u00eddkou v\u00fdrobn\u00edho z\u00e1vodu \u0160koda v&nbsp;Mlad\u00e9 Boleslavi, p\u0159\u00edpadn\u011b z\u00e1vodu ve Vrchlab\u00ed \u010di Kvasin\u00e1ch, stejn\u011b jako s&nbsp;v\u00fdletem do Rodn\u00e9ho domu Ferdinanda Porsche v&nbsp;Liberci-Vratislavic\u00edch.<a href=\"https:\/\/www.skoda-storyboard.com\/cs\/tiskove-zpravy-archiv\/spici-krasa-skoda-muzeum-otevira-novy-depozitar-v-historicke-hale\/#\"><\/a><\/p>\n\n\n\n<div style=\"height:45px\" aria-hidden=\"true\" class=\"wp-block-spacer\"><\/div>\n\n\n<div class=\"wp-block-image\">\n<figure class=\"aligncenter size-large\"><img decoding=\"async\" src=\"http:\/\/hmgmagazine.cz\/wp-content\/uploads\/2025\/12\/dsc_5811_9f571597-1024x683.jpg\" alt=\"\u0160koda Muzeum\" class=\"wp-image-4251\" \/><\/figure><\/div>\n\n\n<div style=\"height:45px\" aria-hidden=\"true\" class=\"wp-block-spacer\"><\/div>\n\n\n\n<h2 class=\"wp-block-heading\"><a href=\"https:\/\/www.skoda-storyboard.com\/cs\/tiskove-zpravy-archiv\/spici-krasa-skoda-muzeum-otevira-novy-depozitar-v-historicke-hale\/#\"><\/a>Profily voz\u016f v nov\u00e9m depozit\u00e1\u0159i<\/h2>\n\n\n\n<div style=\"height:21px\" aria-hidden=\"true\" class=\"wp-block-spacer\"><\/div>\n\n\n\n<p class=\"has-medium-font-size\"><strong>L&amp;K Sd (1913)<\/strong><br>V\u016fz vyroben\u00fd v \u0159\u00edjnu 1913 pro zastoupen\u00ed L&amp;K v&nbsp;Petrohradu byl do sb\u00edrek zakoupen v&nbsp;polovin\u011b 60.&nbsp;let od \u010desk\u00e9ho sb\u011bratele. Stal se tehdy jedn\u00edm z&nbsp;prvn\u00edch expon\u00e1t\u016f nov\u011b vznikaj\u00edc\u00edho \u0160koda Muzea.<\/p>\n\n\n\n<p class=\"has-medium-font-size\"><strong>L&amp;K 210 (1924)<\/strong><br>Automobil z konce roku 1924 vyroben\u00fd pro Ministerstvo n\u00e1rodn\u00ed obrany m\u00e1 karoserii phaeton a&nbsp;do sb\u00edrek \u0160koda Muzea se dostal v&nbsp;roce 1971. Je jedn\u00edm z&nbsp;324&nbsp;kus\u016f t\u00e9to modelov\u00e9 \u0159ady vyroben\u00fdch v&nbsp;r\u016fzn\u00fdch proveden\u00edch \u2013 phaeton, limuz\u00edna nebo coup\u00e9.<\/p>\n\n\n\n<p class=\"has-medium-font-size\"><strong>L&amp;K 105 (1924)<\/strong><br>Jeden z posledn\u00edch typ\u016f vyroben\u00fdch pod zna\u010dkou Laurin&nbsp;&amp;&nbsp;Klement opustil tov\u00e1rnu v&nbsp;Mlad\u00e9 Boleslavi na podzim roku 1924, a&nbsp;to s&nbsp;kombinovanou karoseri\u00ed. Pozd\u011bji byl p\u0159estav\u011bn na n\u00e1kladn\u00ed v\u016fz a&nbsp;sou\u010d\u00e1st\u00ed sb\u00edrky \u0160koda Muzea je od roku 1975.<\/p>\n\n\n\n<p class=\"has-medium-font-size\"><strong>L&amp;K \u0160koda 120 (1926) sanita<\/strong><br>Pro z\u00e1kazn\u00edka z Rab\u00ed v \u0161umavsk\u00e9m podh\u016f\u0159\u00ed byl tento automobil s&nbsp;n\u00e1kladn\u00ed valn\u00edkovou karoseri\u00ed vyroben v&nbsp;roce 1926. V&nbsp;pozd\u011bj\u0161\u00edch letech do\u0161lo k&nbsp;p\u0159estavb\u011b na sanitn\u00ed v\u016fz a&nbsp;jako takov\u00fd jej v&nbsp;roce 1995 \u0160koda Muzeum z\u00edskalo do sv\u00e9ho depozit\u00e1\u0159e.<\/p>\n\n\n\n<p class=\"has-medium-font-size\"><strong>L&amp;K \u0160koda 150 (1927)<\/strong><br>Jedn\u00e1 se o jeden z posledn\u00edch vyroben\u00fdch voz\u016f z&nbsp;celkov\u00e9ho po\u010dtu pouh\u00fdch 52&nbsp;kus\u016f. Tov\u00e1rnu v&nbsp;Mlad\u00e9 Boleslavi opustil tento automobil s&nbsp;karoseri\u00ed phaeton na podzim 1927 a&nbsp;n\u00e1sledn\u011b slou\u017eil z\u00e1kazn\u00edkovi panu Ladislavu S\u00fdkorovi z&nbsp;Ko\u0161ic. Do sb\u00edrky \u0160koda Muzea se dostal v&nbsp;roce 1968.<\/p>\n\n\n\n<p class=\"has-medium-font-size\"><strong>L&amp;K \u0160koda 110 (1927)<\/strong><br>Tento konkr\u00e9tn\u00ed exempl\u00e1\u0159 poch\u00e1z\u00ed z roku 1927, kdy byl vyroben s&nbsp;otev\u0159enou karoseri\u00ed a&nbsp;dod\u00e1n zna\u010dkov\u00e9 prodejn\u011b R.J.Star\u00fd v&nbsp;Uhersk\u00e9m Hradi\u0161ti. Pro nat\u00e1\u010den\u00ed filmu D\u011bde\u010dek automobil podle knihy Adolfa Branalda byl v&nbsp;polovin\u011b 50.&nbsp;let p\u0159estav\u011bn do podoby z\u00e1vodn\u00edho speci\u00e1lu.<\/p>\n\n\n\n<p class=\"has-medium-font-size\"><strong>L&amp;K \u0160koda 110 Coup\u00e9 (1928)<\/strong><br>V\u016fz opustil tov\u00e1rnu v Mlad\u00e9 Boleslavi v&nbsp;roce 1928 se sportovn\u00ed otev\u0159enou karoseri\u00ed pro z\u00e1kazn\u00edka v&nbsp;\u010cesk\u00e9m Krumlov\u011b, av\u0161ak v&nbsp;polovin\u011b 30.&nbsp;let byl jihlavskou karos\u00e1rnou p\u0159estav\u011bn na Coup\u00e9. Ve sb\u00edrce \u0160koda Muzea figuruje od roku 1973.<\/p>\n\n\n\n<p class=\"has-medium-font-size\"><strong>\u0160koda 4R (1928)<\/strong><br>Automobil poch\u00e1z\u00ed z prvn\u00ed s\u00e9rie a vznikl v prosinci 1928 jako limuz\u00edna s&nbsp;karoseri\u00ed, kter\u00e1 m\u011bla \u0161est oken. Prvn\u00edm majitelem se stal pan F.&nbsp;V.&nbsp;Steinreich z&nbsp;Prahy a&nbsp;v&nbsp;pozd\u011bj\u0161\u00edch letech byl v\u016fz p\u0159estav\u011bn na u\u017eitkov\u00fd s&nbsp;n\u00e1kladn\u00ed plo\u0161inou. Ve sb\u00edrk\u00e1ch \u0160koda Muzea od roku 1975.<\/p>\n\n\n\n<p class=\"has-medium-font-size\"><strong>\u0160koda 6R (1929)<\/strong><br>Tento exempl\u00e1\u0159 byl vyroben v&nbsp;b\u0159eznu 1929 pro St\u0159edomoravskou elektr\u00e1rnu v&nbsp;P\u0159erov\u011b. Sou\u010d\u00e1st\u00ed sb\u00edrky \u0160koda Muzea se stal v&nbsp;roce 1968, a&nbsp;je ve stavu \u010d\u00e1ste\u010dn\u00e9 renovace, tak\u017ee je patrn\u00e1 d\u0159ev\u011bn\u00e1 kostra karoserie pokryt\u00e1 plechov\u00fdmi panely.<\/p>\n\n\n\n<p class=\"has-medium-font-size\"><strong>\u0160koda 6R (1929)<\/strong><br>Automobil vyroben\u00fd v b\u0159eznu 1929 p\u016fvodn\u011b jako limuz\u00edna pro pana M.&nbsp;J.&nbsp;Wintera z&nbsp;Prahy pro\u0161el v&nbsp;pozd\u011bj\u0161\u00edch letech \u00fapravou na hasi\u010dsk\u00fd v\u016fz a&nbsp;slou\u017eil v&nbsp;obci Dob\u0159\u00edv u&nbsp;Rokycan. Do sb\u00edrky \u0160koda Muzea byl po\u0159\u00edzen v&nbsp;roce 1970.<\/p>\n\n\n\n<p class=\"has-medium-font-size\"><strong>\u0160koda 860 (1930)<\/strong><br>V\u016fz v proveden\u00ed limuz\u00edna vyrobila automobilka \u0160koda v&nbsp;roce 1930 a&nbsp;v\u016fz u\u017e\u00edval Dr.&nbsp;Bou\u010dek z&nbsp;Prahy, pozd\u011bji Spole\u010dnost pro zpen\u011b\u017een\u00ed lihu. B\u011bhem druh\u00e9 sv\u011btov\u00e9 v\u00e1lky se v\u016fz do\u010dkal \u00fapravy na pohon d\u0159evoplynem, pozd\u011bji do n\u011bj dokonce majitel zabudoval i&nbsp;motor jin\u00e9 zna\u010dky. \u0160koda Muzeum jej z\u00edskalo v&nbsp;roce 1968.<\/p>\n\n\n\n<p class=\"has-medium-font-size\"><strong>\u0160koda 422 (1931)<\/strong><br>Br\u00e1ny mladoboleslavsk\u00e9 automobilky opustil tento v\u016fz s&nbsp;uzav\u0159enou karoseri\u00ed typu sedan v&nbsp;b\u0159eznu 1931 a&nbsp;o&nbsp;dva m\u011bs\u00edce pozd\u011bji si jej p\u0159evzala firma Brat\u0159\u00ed Kabrielov\u00e9 z&nbsp;Ml\u010dechvost. Sb\u00edrku \u0160koda Muzea obohatil v&nbsp;roce 1993.<\/p>\n\n\n\n<p class=\"has-medium-font-size\"><strong>\u0160koda 430 Cabriolet (1930)<\/strong><br>Exempl\u00e1\u0159 s otev\u0159enou karoseri\u00ed poch\u00e1z\u00ed z&nbsp;ledna 1930 a&nbsp;v&nbsp;\u010dervnu 1932 byl p\u0159ekarosov\u00e1n na verzi Cabriolet. N\u00e1sledn\u011b si ho zakoupil prvn\u00ed z\u00e1kazn\u00edk z&nbsp;Liberce \u2013 Doub\u00ed. \u0160koda Muzeum jej ve v\u00fdjime\u010dn\u00e9m p\u016fvodn\u00edm udr\u017eovan\u00e9m stavu z\u00edskalo v&nbsp;roce 1973.<\/p>\n\n\n\n<p class=\"has-medium-font-size\"><strong>\u0160koda 860 (1933)<\/strong><br>V\u016fz s karoseri\u00ed limuz\u00edna byl vyroben v&nbsp;b\u0159eznu 1933 a&nbsp;slou\u017eil jako v\u00fdstavn\u00ed exempl\u00e1\u0159 v&nbsp;n\u011bkolika prodejn\u00edch zastoupen\u00ed automobilky. Do depozit\u00e1\u0159e \u0160koda Muzea se dostal v&nbsp;roce 2004.<\/p>\n\n\n\n<p class=\"has-medium-font-size\"><strong>\u0160koda 215 (1933)<\/strong><br>Prototyp m\u011bstsk\u00e9ho miniauta, kter\u00e9 se nedo\u010dkalo s\u00e9riov\u00e9 produkce, poch\u00e1z\u00ed z&nbsp;roku 1933. O&nbsp;dva roky pozd\u011bji byl po zkou\u0161k\u00e1ch prod\u00e1n jako ojet\u00fd, p\u0159i\u010dem\u017e prvn\u00edm majitelem se stal \u00fa\u0159edn\u00edk automobilky pan Kre\u0161l. Ve sb\u00edrce \u0160koda Muzea je od roku 1969.<\/p>\n\n\n\n<p class=\"has-medium-font-size\"><strong>\u0160koda Popular Sport Coup\u00e9 (1934)<\/strong><br>Automobil poch\u00e1z\u00ed ze s\u00e9rie pouh\u00fdch p\u011bti aerodynamick\u00fdch kup\u00e9 s&nbsp;hlin\u00edkovou karoseri\u00ed, ur\u010den\u00fdch pro sportovn\u00ed a&nbsp;propaga\u010dn\u00ed \u00fa\u010dely. Tento exempl\u00e1\u0159 byl do sb\u00edrky \u0160koda Muzea po\u0159\u00edzen teprve v polovin\u011b roku 2024 ve stavu \u201estodoln\u00edho n\u00e1lezu\u201c.<\/p>\n\n\n\n<p class=\"has-medium-font-size\"><strong>\u0160koda Popular Tudor Special (1936)<\/strong><br>Z velmi mal\u00e9 s\u00e9rie 12 kup\u00e9 a&nbsp;11&nbsp;dvoudve\u0159ov\u00fdch sedan\u016f poch\u00e1z\u00ed tento v\u016fz, jeho\u017e prvn\u00edm majitelem se stal v&nbsp;roce 1936 Anton\u00edn Gr\u00e1c ze Zl\u00edna. V&nbsp;n\u00e1lezov\u00e9m stavu byl tento historicky v\u00fdjime\u010dn\u00fd automobil zakoupen do sb\u00edrky \u0160koda Muzea v&nbsp;roce 1969.<\/p>\n\n\n\n<p class=\"has-medium-font-size\"><strong>\u0160koda Popular Monte Carlo (1936)<\/strong><br>V\u016fz ze speci\u00e1ln\u00ed limitovan\u00e9 edice 70&nbsp;kus\u016f sjel z&nbsp;v\u00fdrobn\u00ed linky v&nbsp;\u0159\u00edjnu 1936 a&nbsp;automobilka jej prezentovala na sv\u00e9m st\u00e1nku na pra\u017esk\u00e9 Automobilov\u00e9 v\u00fdstav\u011b. Jeho prvn\u00edm majitelem se stal rada Hypobanky pan Petr Pol\u00e1k. Ve sb\u00edrk\u00e1ch \u0160koda Muzea figuruje od roku 2018.<\/p>\n\n\n\n<p class=\"has-medium-font-size\"><strong>\u0160koda Rapid II (1937)<\/strong><br>Tento automobil byl vyroben v&nbsp;roce 1937 s&nbsp;karoseri\u00ed Cabriolet a&nbsp;prvn\u00ed z\u00e1kazn\u00edk pan P\u00e1nek z&nbsp;Prahy si ho p\u0159evzal v&nbsp;\u010dervnu 1939. Sou\u010d\u00e1st\u00ed sb\u00edrky \u0160koda Muzeu je od roku 1973.<\/p>\n\n\n\n<p class=\"has-medium-font-size\"><strong>\u0160koda 104\/II (1937)<\/strong><br>V\u016fz ve stavu prob\u00edhaj\u00edc\u00ed renovace se do majetku \u0160koda Muzea dostal v&nbsp;roce 2022. P\u016fvodn\u011b byl vyroben pro pra\u017eskou spole\u010dnost pro zpracov\u00e1n\u00ed masa Zemka.<\/p>\n\n\n\n<p class=\"has-medium-font-size\"><strong>\u0160koda Favorit 2000 OHV (1938)<\/strong><br>Exempl\u00e1\u0159 dochovan\u00fd v&nbsp;p\u016fvodn\u00edm nerenovovan\u00e9m stavu se stal jedn\u00edm z&nbsp;prvn\u00edch voz\u016f vybaven\u00fdch motorem OHV a&nbsp;v&nbsp;automobilce slou\u017eil pro testov\u00e1n\u00ed. Pozd\u011bji byl jako ojet\u00fd v\u016fz odprod\u00e1n a&nbsp;v&nbsp;roce 1973 se stal sou\u010d\u00e1st\u00ed sb\u00edrky \u0160koda Muzea.<\/p>\n\n\n\n<p class=\"has-medium-font-size\"><strong>\u0160koda Rapid OHV (1+939)<\/strong><br>Tento konkr\u00e9tn\u00ed v\u016fz si v \u010dervnu 1939 p\u0159evzal pan Kry\u0161tof z Mlad\u00e9 Boleslavi. Jednalo se o jeden z 1783 vyroben\u00fdch kus\u016f vybaven\u00fdch v\u011bt\u0161\u00edm motorem o objemu 1564 cm? s ventilov\u00fdm rozvodem OHV. V depozit\u00e1\u0159i \u0160koda Muzea je tento kus od roku 1976.<\/p>\n\n\n\n<p class=\"has-medium-font-size\"><strong>\u0160koda Superb (1936)<\/strong><br>Prvn\u00edm majitelem luxusn\u00ed \u0161estisedadlov\u00e9 limuz\u00edny \u0160koda Superb byla stavebn\u00ed firma Ing. O.&nbsp;Podh\u00e1jsk\u00fd z&nbsp;Prahy, v&nbsp;roce 2010 se stala sou\u010d\u00e1st\u00ed sb\u00edrky \u0160koda Muzea. Rozs\u00e1hl\u00e1 renovace byla dokon\u010dena v&nbsp;roce 2020.<\/p>\n\n\n\n<div style=\"height:45px\" aria-hidden=\"true\" class=\"wp-block-spacer\"><\/div>\n\n\n\n<figure class=\"wp-block-gallery has-nested-images columns-2 is-cropped wp-block-gallery-1 is-layout-flex wp-block-gallery-is-layout-flex\">\n<figure class=\"wp-block-image size-large\"><img decoding=\"async\" data-id=\"4253\" src=\"https:\/\/hmgmagazine.cz\/wp-content\/uploads\/2025\/12\/dsc_5776_727c5e14-1024x683.jpg\" alt=\"\u0160koda Muzeum\" class=\"wp-image-4253\" \/><\/figure>\n\n\n\n<figure class=\"wp-block-image size-large\"><img decoding=\"async\" data-id=\"4254\" src=\"https:\/\/hmgmagazine.cz\/wp-content\/uploads\/2025\/12\/dsc_2937_d7bf176b-1024x683.jpg\" alt=\"\u0160koda Muzeum\" class=\"wp-image-4254\" \/><\/figure>\n\n\n\n<figure class=\"wp-block-image size-large\"><img decoding=\"async\" data-id=\"4258\" src=\"https:\/\/hmgmagazine.cz\/wp-content\/uploads\/2025\/12\/dsc_2977ok_77df35e7-1024x683.jpg\" alt=\"\u0160koda Muzeum\" class=\"wp-image-4258\" \/><\/figure>\n\n\n\n<figure class=\"wp-block-image size-large\"><img decoding=\"async\" data-id=\"4255\" src=\"https:\/\/hmgmagazine.cz\/wp-content\/uploads\/2025\/12\/dsc_5770ok_9f05a44f-1024x683.jpg\" alt=\"\u0160koda Muzeum\" class=\"wp-image-4255\" \/><\/figure>\n\n\n\n<figure class=\"wp-block-image size-large\"><img decoding=\"async\" data-id=\"4257\" src=\"https:\/\/hmgmagazine.cz\/wp-content\/uploads\/2025\/12\/dsc_2956_0139aea9-1024x683.jpg\" alt=\"\u0160koda Muzeum\" class=\"wp-image-4257\" \/><\/figure>\n\n\n\n<figure class=\"wp-block-image size-large\"><img decoding=\"async\" data-id=\"4256\" src=\"https:\/\/hmgmagazine.cz\/wp-content\/uploads\/2025\/12\/dsc_3057_94e13c35-1024x683.jpg\" alt=\"\u0160koda Muzeum\" class=\"wp-image-4256\" \/><\/figure>\n\n\n\n<figure class=\"wp-block-image size-large\"><img decoding=\"async\" data-id=\"4252\" src=\"https:\/\/hmgmagazine.cz\/wp-content\/uploads\/2025\/12\/dsc_5789_7d87132e-1024x683.jpg\" alt=\"\u0160koda Muzeum\" class=\"wp-image-4252\" \/><\/figure>\n\n\n\n<figure class=\"wp-block-image size-large\"><img decoding=\"async\" data-id=\"4251\" src=\"https:\/\/hmgmagazine.cz\/wp-content\/uploads\/2025\/12\/dsc_5811_9f571597-1024x683.jpg\" alt=\"\u0160koda Muzeum\" class=\"wp-image-4251\" \/><\/figure>\n<\/figure>\n\n\n\n<div style=\"height:45px\" aria-hidden=\"true\" class=\"wp-block-spacer\"><\/div>\n\n\n\n<p class=\"has-medium-font-size\"><strong>Zdroj foto:<\/strong>&nbsp;\u0160koda Muzeum<\/p>\n\n\n\n<div style=\"height:45px\" aria-hidden=\"true\" class=\"wp-block-spacer\"><\/div>\n","protected":false},"excerpt":{"rendered":"<p>\u0160koda Muzeum zp\u0159\u00edstup\u0148uje ve\u0159ejnosti sv\u016fj nov\u00fd depozit\u00e1\u0159 s&nbsp;historick\u00fdmi vozy. Celkem 23&nbsp;exempl\u00e1\u0159\u016f prim\u00e1rn\u011b v&nbsp;n\u00e1lezov\u00e9m stavu je k&nbsp;vid\u011bn\u00ed v&nbsp;unik\u00e1tn\u00edch prostor\u00e1ch p\u016fvodn\u00ed tov\u00e1rn\u00ed haly v&nbsp;z\u00e1vod\u011b v&nbsp;Mlad\u00e9 Boleslavi, postaven\u00e9 v&nbsp;roce 1906. P\u016flhodinov\u00e9 prohl\u00eddky prob\u00edhaj\u00ed v&nbsp;doprovodu pr\u016fvodce a&nbsp;rezervuj\u00ed se dop\u0159edu. Pohled za oponu \u0160koda Muzea V prostor\u00e1ch historick\u00e9 tov\u00e1rn\u00ed haly, v&nbsp;n\u00ed\u017e od roku 1907 byla z\u0159\u00edzena kov\u00e1rna, \u0160koda Muzeum od [&hellip;]<\/p>\n","protected":false},"author":11,"featured_media":7808,"comment_status":"closed","ping_status":"closed","sticky":false,"template":"","format":"standard","meta":{"_mi_skip_tracking":false,"_monsterinsights_sitenote_active":false,"_monsterinsights_sitenote_note":"","_monsterinsights_sitenote_category":0,"footnotes":""},"categories":[8,2,9,13],"tags":[],"yoast_head":"<!-- This site is optimized with the Yoast SEO plugin v21.4 - https:\/\/yoast.com\/wordpress\/plugins\/seo\/ -->\n<title>\u0160koda Muzeum otev\u00edr\u00e1 nov\u00fd depozit\u00e1\u0159 v historick\u00e9 hale - LUXURYMAGAZINE.cz<\/title>\n<meta name=\"description\" content=\"\u0160koda Muzeum zp\u0159\u00edstup\u0148uje ve\u0159ejnosti sv\u016fj nov\u00fd depozit\u00e1\u0159 s\u00a0historick\u00fdmi vozy. Celkem 23\u00a0exempl\u00e1\u0159\u016f prim\u00e1rn\u011b v\u00a0n\u00e1lezov\u00e9m stavu.\" \/>\n<meta name=\"robots\" content=\"index, follow, max-snippet:-1, max-image-preview:large, max-video-preview:-1\" \/>\n<link rel=\"canonical\" href=\"https:\/\/luxurymagazine.cz\/index.php\/2026\/01\/27\/skoda-muzeum-otevira-novy-depozitar-v-historicke-hale\/\" \/>\n<meta property=\"og:locale\" content=\"cs_CZ\" \/>\n<meta property=\"og:type\" content=\"article\" \/>\n<meta property=\"og:title\" content=\"\u0160koda Muzeum otev\u00edr\u00e1 nov\u00fd depozit\u00e1\u0159 v historick\u00e9 hale - LUXURYMAGAZINE.cz\" \/>\n<meta property=\"og:description\" content=\"\u0160koda Muzeum zp\u0159\u00edstup\u0148uje ve\u0159ejnosti sv\u016fj nov\u00fd depozit\u00e1\u0159 s\u00a0historick\u00fdmi vozy. Celkem 23\u00a0exempl\u00e1\u0159\u016f prim\u00e1rn\u011b v\u00a0n\u00e1lezov\u00e9m stavu.\" \/>\n<meta property=\"og:url\" content=\"https:\/\/luxurymagazine.cz\/index.php\/2026\/01\/27\/skoda-muzeum-otevira-novy-depozitar-v-historicke-hale\/\" \/>\n<meta property=\"og:site_name\" content=\"LUXURYMAGAZINE.cz\" \/>\n<meta property=\"article:published_time\" content=\"2026-01-26T23:01:00+00:00\" \/>\n<meta property=\"article:modified_time\" content=\"2026-04-27T01:39:06+00:00\" \/>\n<meta property=\"og:image\" content=\"https:\/\/luxurymagazine.cz\/wp-content\/uploads\/2025\/12\/dsc_2977ok_77df35e7-scaled.jpg\" \/>\n\t<meta property=\"og:image:width\" content=\"2560\" \/>\n\t<meta property=\"og:image:height\" content=\"1707\" \/>\n\t<meta property=\"og:image:type\" content=\"image\/jpeg\" \/>\n<meta name=\"author\" content=\"Martin Pechold\" \/>\n<meta name=\"twitter:card\" content=\"summary_large_image\" \/>\n<meta name=\"twitter:label1\" content=\"Napsal(a)\" \/>\n\t<meta name=\"twitter:data1\" content=\"Martin Pechold\" \/>\n\t<meta name=\"twitter:label2\" content=\"Odhadovan\u00e1 doba \u010dten\u00ed\" \/>\n\t<meta name=\"twitter:data2\" content=\"11 minut\" \/>\n<script type=\"application\/ld+json\" class=\"yoast-schema-graph\">{\"@context\":\"https:\/\/schema.org\",\"@graph\":[{\"@type\":\"Article\",\"@id\":\"https:\/\/luxurymagazine.cz\/index.php\/2026\/01\/27\/skoda-muzeum-otevira-novy-depozitar-v-historicke-hale\/#article\",\"isPartOf\":{\"@id\":\"https:\/\/luxurymagazine.cz\/index.php\/2026\/01\/27\/skoda-muzeum-otevira-novy-depozitar-v-historicke-hale\/\"},\"author\":{\"name\":\"Martin Pechold\",\"@id\":\"https:\/\/luxurymagazine.cz\/#\/schema\/person\/ea97ee8763209724cba6da979986708a\"},\"headline\":\"\u0160koda Muzeum otev\u00edr\u00e1 nov\u00fd depozit\u00e1\u0159 v historick\u00e9 hale\",\"datePublished\":\"2026-01-26T23:01:00+00:00\",\"dateModified\":\"2026-04-27T01:39:06+00:00\",\"mainEntityOfPage\":{\"@id\":\"https:\/\/luxurymagazine.cz\/index.php\/2026\/01\/27\/skoda-muzeum-otevira-novy-depozitar-v-historicke-hale\/\"},\"wordCount\":2062,\"publisher\":{\"@id\":\"https:\/\/luxurymagazine.cz\/#organization\"},\"articleSection\":[\"AUTO &amp; MOTO &amp; LOD\u011a\",\"NEWS\",\"TECHNIKA &amp; SPOT\u0158EBI\u010cE\",\"TIPY &amp; TRENDY\"],\"inLanguage\":\"cs\"},{\"@type\":\"WebPage\",\"@id\":\"https:\/\/luxurymagazine.cz\/index.php\/2026\/01\/27\/skoda-muzeum-otevira-novy-depozitar-v-historicke-hale\/\",\"url\":\"https:\/\/luxurymagazine.cz\/index.php\/2026\/01\/27\/skoda-muzeum-otevira-novy-depozitar-v-historicke-hale\/\",\"name\":\"\u0160koda Muzeum otev\u00edr\u00e1 nov\u00fd depozit\u00e1\u0159 v historick\u00e9 hale - LUXURYMAGAZINE.cz\",\"isPartOf\":{\"@id\":\"https:\/\/luxurymagazine.cz\/#website\"},\"datePublished\":\"2026-01-26T23:01:00+00:00\",\"dateModified\":\"2026-04-27T01:39:06+00:00\",\"description\":\"\u0160koda Muzeum zp\u0159\u00edstup\u0148uje ve\u0159ejnosti sv\u016fj nov\u00fd depozit\u00e1\u0159 s\u00a0historick\u00fdmi vozy. Celkem 23\u00a0exempl\u00e1\u0159\u016f prim\u00e1rn\u011b v\u00a0n\u00e1lezov\u00e9m stavu.\",\"breadcrumb\":{\"@id\":\"https:\/\/luxurymagazine.cz\/index.php\/2026\/01\/27\/skoda-muzeum-otevira-novy-depozitar-v-historicke-hale\/#breadcrumb\"},\"inLanguage\":\"cs\",\"potentialAction\":[{\"@type\":\"ReadAction\",\"target\":[\"https:\/\/luxurymagazine.cz\/index.php\/2026\/01\/27\/skoda-muzeum-otevira-novy-depozitar-v-historicke-hale\/\"]}]},{\"@type\":\"BreadcrumbList\",\"@id\":\"https:\/\/luxurymagazine.cz\/index.php\/2026\/01\/27\/skoda-muzeum-otevira-novy-depozitar-v-historicke-hale\/#breadcrumb\",\"itemListElement\":[{\"@type\":\"ListItem\",\"position\":1,\"name\":\"Dom\u016f\",\"item\":\"https:\/\/luxurymagazine.cz\/\"},{\"@type\":\"ListItem\",\"position\":2,\"name\":\"\u0160koda Muzeum otev\u00edr\u00e1 nov\u00fd depozit\u00e1\u0159 v historick\u00e9 hale\"}]},{\"@type\":\"WebSite\",\"@id\":\"https:\/\/luxurymagazine.cz\/#website\",\"url\":\"https:\/\/luxurymagazine.cz\/\",\"name\":\"LUXURYMAGAZINE.cz\",\"description\":\"Port\u00e1l v\u00fdhradn\u011b o luxusu...\",\"publisher\":{\"@id\":\"https:\/\/luxurymagazine.cz\/#organization\"},\"potentialAction\":[{\"@type\":\"SearchAction\",\"target\":{\"@type\":\"EntryPoint\",\"urlTemplate\":\"https:\/\/luxurymagazine.cz\/?s={search_term_string}\"},\"query-input\":\"required name=search_term_string\"}],\"inLanguage\":\"cs\"},{\"@type\":\"Organization\",\"@id\":\"https:\/\/luxurymagazine.cz\/#organization\",\"name\":\"LUXURYMAGAZINE.cz\",\"url\":\"https:\/\/luxurymagazine.cz\/\",\"logo\":{\"@type\":\"ImageObject\",\"inLanguage\":\"cs\",\"@id\":\"https:\/\/luxurymagazine.cz\/#\/schema\/logo\/image\/\",\"url\":\"https:\/\/luxurymagazine.cz\/wp-content\/uploads\/2024\/12\/cropped-Logo_LuxuryMagazine-1.jpg\",\"contentUrl\":\"https:\/\/luxurymagazine.cz\/wp-content\/uploads\/2024\/12\/cropped-Logo_LuxuryMagazine-1.jpg\",\"width\":934,\"height\":509,\"caption\":\"LUXURYMAGAZINE.cz\"},\"image\":{\"@id\":\"https:\/\/luxurymagazine.cz\/#\/schema\/logo\/image\/\"}},{\"@type\":\"Person\",\"@id\":\"https:\/\/luxurymagazine.cz\/#\/schema\/person\/ea97ee8763209724cba6da979986708a\",\"name\":\"Martin Pechold\",\"image\":{\"@type\":\"ImageObject\",\"inLanguage\":\"cs\",\"@id\":\"https:\/\/luxurymagazine.cz\/#\/schema\/person\/image\/\",\"url\":\"https:\/\/secure.gravatar.com\/avatar\/c09f01eecbcd6a23f9833128067d058d?s=96&d=mm&r=g\",\"contentUrl\":\"https:\/\/secure.gravatar.com\/avatar\/c09f01eecbcd6a23f9833128067d058d?s=96&d=mm&r=g\",\"caption\":\"Martin Pechold\"},\"sameAs\":[\"http:\/\/LUXURYMAGAZINE.cz\"],\"url\":\"https:\/\/luxurymagazine.cz\/index.php\/author\/marp\/\"}]}<\/script>\n<!-- \/ Yoast SEO plugin. -->","yoast_head_json":{"title":"\u0160koda Muzeum otev\u00edr\u00e1 nov\u00fd depozit\u00e1\u0159 v historick\u00e9 hale - LUXURYMAGAZINE.cz","description":"\u0160koda Muzeum zp\u0159\u00edstup\u0148uje ve\u0159ejnosti sv\u016fj nov\u00fd depozit\u00e1\u0159 s\u00a0historick\u00fdmi vozy. Celkem 23\u00a0exempl\u00e1\u0159\u016f prim\u00e1rn\u011b v\u00a0n\u00e1lezov\u00e9m stavu.","robots":{"index":"index","follow":"follow","max-snippet":"max-snippet:-1","max-image-preview":"max-image-preview:large","max-video-preview":"max-video-preview:-1"},"canonical":"https:\/\/luxurymagazine.cz\/index.php\/2026\/01\/27\/skoda-muzeum-otevira-novy-depozitar-v-historicke-hale\/","og_locale":"cs_CZ","og_type":"article","og_title":"\u0160koda Muzeum otev\u00edr\u00e1 nov\u00fd depozit\u00e1\u0159 v historick\u00e9 hale - LUXURYMAGAZINE.cz","og_description":"\u0160koda Muzeum zp\u0159\u00edstup\u0148uje ve\u0159ejnosti sv\u016fj nov\u00fd depozit\u00e1\u0159 s\u00a0historick\u00fdmi vozy. Celkem 23\u00a0exempl\u00e1\u0159\u016f prim\u00e1rn\u011b v\u00a0n\u00e1lezov\u00e9m stavu.","og_url":"https:\/\/luxurymagazine.cz\/index.php\/2026\/01\/27\/skoda-muzeum-otevira-novy-depozitar-v-historicke-hale\/","og_site_name":"LUXURYMAGAZINE.cz","article_published_time":"2026-01-26T23:01:00+00:00","article_modified_time":"2026-04-27T01:39:06+00:00","og_image":[{"width":2560,"height":1707,"url":"https:\/\/luxurymagazine.cz\/wp-content\/uploads\/2025\/12\/dsc_2977ok_77df35e7-scaled.jpg","type":"image\/jpeg"}],"author":"Martin Pechold","twitter_card":"summary_large_image","twitter_misc":{"Napsal(a)":"Martin Pechold","Odhadovan\u00e1 doba \u010dten\u00ed":"11 minut"},"schema":{"@context":"https:\/\/schema.org","@graph":[{"@type":"Article","@id":"https:\/\/luxurymagazine.cz\/index.php\/2026\/01\/27\/skoda-muzeum-otevira-novy-depozitar-v-historicke-hale\/#article","isPartOf":{"@id":"https:\/\/luxurymagazine.cz\/index.php\/2026\/01\/27\/skoda-muzeum-otevira-novy-depozitar-v-historicke-hale\/"},"author":{"name":"Martin Pechold","@id":"https:\/\/luxurymagazine.cz\/#\/schema\/person\/ea97ee8763209724cba6da979986708a"},"headline":"\u0160koda Muzeum otev\u00edr\u00e1 nov\u00fd depozit\u00e1\u0159 v historick\u00e9 hale","datePublished":"2026-01-26T23:01:00+00:00","dateModified":"2026-04-27T01:39:06+00:00","mainEntityOfPage":{"@id":"https:\/\/luxurymagazine.cz\/index.php\/2026\/01\/27\/skoda-muzeum-otevira-novy-depozitar-v-historicke-hale\/"},"wordCount":2062,"publisher":{"@id":"https:\/\/luxurymagazine.cz\/#organization"},"articleSection":["AUTO &amp; MOTO &amp; LOD\u011a","NEWS","TECHNIKA &amp; SPOT\u0158EBI\u010cE","TIPY &amp; TRENDY"],"inLanguage":"cs"},{"@type":"WebPage","@id":"https:\/\/luxurymagazine.cz\/index.php\/2026\/01\/27\/skoda-muzeum-otevira-novy-depozitar-v-historicke-hale\/","url":"https:\/\/luxurymagazine.cz\/index.php\/2026\/01\/27\/skoda-muzeum-otevira-novy-depozitar-v-historicke-hale\/","name":"\u0160koda Muzeum otev\u00edr\u00e1 nov\u00fd depozit\u00e1\u0159 v historick\u00e9 hale - LUXURYMAGAZINE.cz","isPartOf":{"@id":"https:\/\/luxurymagazine.cz\/#website"},"datePublished":"2026-01-26T23:01:00+00:00","dateModified":"2026-04-27T01:39:06+00:00","description":"\u0160koda Muzeum zp\u0159\u00edstup\u0148uje ve\u0159ejnosti sv\u016fj nov\u00fd depozit\u00e1\u0159 s\u00a0historick\u00fdmi vozy. Celkem 23\u00a0exempl\u00e1\u0159\u016f prim\u00e1rn\u011b v\u00a0n\u00e1lezov\u00e9m stavu.","breadcrumb":{"@id":"https:\/\/luxurymagazine.cz\/index.php\/2026\/01\/27\/skoda-muzeum-otevira-novy-depozitar-v-historicke-hale\/#breadcrumb"},"inLanguage":"cs","potentialAction":[{"@type":"ReadAction","target":["https:\/\/luxurymagazine.cz\/index.php\/2026\/01\/27\/skoda-muzeum-otevira-novy-depozitar-v-historicke-hale\/"]}]},{"@type":"BreadcrumbList","@id":"https:\/\/luxurymagazine.cz\/index.php\/2026\/01\/27\/skoda-muzeum-otevira-novy-depozitar-v-historicke-hale\/#breadcrumb","itemListElement":[{"@type":"ListItem","position":1,"name":"Dom\u016f","item":"https:\/\/luxurymagazine.cz\/"},{"@type":"ListItem","position":2,"name":"\u0160koda Muzeum otev\u00edr\u00e1 nov\u00fd depozit\u00e1\u0159 v historick\u00e9 hale"}]},{"@type":"WebSite","@id":"https:\/\/luxurymagazine.cz\/#website","url":"https:\/\/luxurymagazine.cz\/","name":"LUXURYMAGAZINE.cz","description":"Port\u00e1l v\u00fdhradn\u011b o luxusu...","publisher":{"@id":"https:\/\/luxurymagazine.cz\/#organization"},"potentialAction":[{"@type":"SearchAction","target":{"@type":"EntryPoint","urlTemplate":"https:\/\/luxurymagazine.cz\/?s={search_term_string}"},"query-input":"required name=search_term_string"}],"inLanguage":"cs"},{"@type":"Organization","@id":"https:\/\/luxurymagazine.cz\/#organization","name":"LUXURYMAGAZINE.cz","url":"https:\/\/luxurymagazine.cz\/","logo":{"@type":"ImageObject","inLanguage":"cs","@id":"https:\/\/luxurymagazine.cz\/#\/schema\/logo\/image\/","url":"https:\/\/luxurymagazine.cz\/wp-content\/uploads\/2024\/12\/cropped-Logo_LuxuryMagazine-1.jpg","contentUrl":"https:\/\/luxurymagazine.cz\/wp-content\/uploads\/2024\/12\/cropped-Logo_LuxuryMagazine-1.jpg","width":934,"height":509,"caption":"LUXURYMAGAZINE.cz"},"image":{"@id":"https:\/\/luxurymagazine.cz\/#\/schema\/logo\/image\/"}},{"@type":"Person","@id":"https:\/\/luxurymagazine.cz\/#\/schema\/person\/ea97ee8763209724cba6da979986708a","name":"Martin Pechold","image":{"@type":"ImageObject","inLanguage":"cs","@id":"https:\/\/luxurymagazine.cz\/#\/schema\/person\/image\/","url":"https:\/\/secure.gravatar.com\/avatar\/c09f01eecbcd6a23f9833128067d058d?s=96&d=mm&r=g","contentUrl":"https:\/\/secure.gravatar.com\/avatar\/c09f01eecbcd6a23f9833128067d058d?s=96&d=mm&r=g","caption":"Martin Pechold"},"sameAs":["http:\/\/LUXURYMAGAZINE.cz"],"url":"https:\/\/luxurymagazine.cz\/index.php\/author\/marp\/"}]}},"_links":{"self":[{"href":"https:\/\/luxurymagazine.cz\/index.php\/wp-json\/wp\/v2\/posts\/7805"}],"collection":[{"href":"https:\/\/luxurymagazine.cz\/index.php\/wp-json\/wp\/v2\/posts"}],"about":[{"href":"https:\/\/luxurymagazine.cz\/index.php\/wp-json\/wp\/v2\/types\/post"}],"author":[{"embeddable":true,"href":"https:\/\/luxurymagazine.cz\/index.php\/wp-json\/wp\/v2\/users\/11"}],"replies":[{"embeddable":true,"href":"https:\/\/luxurymagazine.cz\/index.php\/wp-json\/wp\/v2\/comments?post=7805"}],"version-history":[{"count":-3,"href":"https:\/\/luxurymagazine.cz\/index.php\/wp-json\/wp\/v2\/posts\/7805\/revisions"}],"wp:featuredmedia":[{"embeddable":true,"href":"https:\/\/luxurymagazine.cz\/index.php\/wp-json\/wp\/v2\/media\/7808"}],"wp:attachment":[{"href":"https:\/\/luxurymagazine.cz\/index.php\/wp-json\/wp\/v2\/media?parent=7805"}],"wp:term":[{"taxonomy":"category","embeddable":true,"href":"https:\/\/luxurymagazine.cz\/index.php\/wp-json\/wp\/v2\/categories?post=7805"},{"taxonomy":"post_tag","embeddable":true,"href":"https:\/\/luxurymagazine.cz\/index.php\/wp-json\/wp\/v2\/tags?post=7805"}],"curies":[{"name":"wp","href":"https:\/\/api.w.org\/{rel}","templated":true}]}}