{"id":7926,"date":"2026-03-16T02:20:30","date_gmt":"2026-03-16T01:20:30","guid":{"rendered":"https:\/\/luxurymagazine.cz\/?p=7926"},"modified":"2026-04-27T03:37:41","modified_gmt":"2026-04-27T01:37:41","slug":"velikonoce-jarni-trhy-oziji-na-namesti-republiky-pred-palladiem-uz-od-15-brezna","status":"publish","type":"post","link":"https:\/\/luxurymagazine.cz\/index.php\/2026\/03\/16\/velikonoce-jarni-trhy-oziji-na-namesti-republiky-pred-palladiem-uz-od-15-brezna\/","title":{"rendered":"Velikonoce: Jarn\u00ed trhy o\u017eij\u00ed na N\u00e1m\u011bst\u00ed Republiky p\u0159ed Palladiem u\u017e od 15. b\u0159ezna"},"content":{"rendered":"\n<div style=\"height:40px\" aria-hidden=\"true\" class=\"wp-block-spacer\"><\/div>\n\n\n\n<p class=\"has-medium-font-size\"><strong>Velikono\u010dn\u00ed atmosf\u00e9ra letos op\u011bt zaplav\u00ed <a href=\"https:\/\/vcentruprahy.cz\/\" type=\"link\" id=\"https:\/\/vcentruprahy.cz\/\">centrum Prahy<\/a>. Obl\u00edben\u00e9 V\u00e1clavsk\u00e9 Velikonoce, kter\u00e9 jsou ka\u017edoro\u010dn\u011b spojeny s V\u00e1clavsk\u00fdm n\u00e1m\u011bst\u00edm, se tentokr\u00e1t p\u0159esouvaj\u00ed jen o p\u00e1r krok\u016f d\u00e1l. Kv\u016fli revitalizaci horn\u00ed \u010d\u00e1sti n\u00e1m\u011bst\u00ed najdou sv\u00e9 do\u010dasn\u00e9 z\u00e1zem\u00ed na <a href=\"https:\/\/prazskenamestirepubliky.cz\/\" type=\"link\" id=\"https:\/\/prazskenamestirepubliky.cz\/\">pra\u017esk\u00e9m N\u00e1m\u011bst\u00ed Republiky<\/a> p\u0159ed <a href=\"https:\/\/www.palladiumpraha.cz\/\" type=\"link\" id=\"https:\/\/www.palladiumpraha.cz\/\">obchodn\u00edm centrem Palladium<\/a>. <\/strong><\/p>\n\n\n\n<p class=\"has-medium-font-size\"><strong>Velikono\u010dn\u00ed trhy zde za\u010dnou u\u017e 15. b\u0159ezna a potrvaj\u00ed a\u017e do 12. dubna 2026.<\/strong><\/p>\n\n\n\n<p class=\"has-medium-font-size\">Organiz\u00e1to\u0159i slibuj\u00ed tradi\u010dn\u00ed jarn\u00ed atmosf\u00e9ru, \u0159emesln\u00e9 st\u00e1nky, gastronomick\u00e9 speciality, kulturn\u00ed program i charitativn\u00ed projekty. Motto leto\u0161n\u00edho ro\u010dn\u00edku je v\u00fdsti\u017en\u00e9: <strong>\u201eM\u00edsto se m\u011bn\u00ed, tradice z\u016fst\u00e1v\u00e1.\u201c<\/strong> V\u00e1clavsk\u00e9 Velikonoce tak z\u016fst\u00e1vaj\u00ed jednou z nejp\u0159\u00edjemn\u011bj\u0161\u00edch jarn\u00edch zast\u00e1vek p\u0159i proch\u00e1zk\u00e1ch <strong><a href=\"https:\/\/vcentruprahy.cz\/\" type=\"link\" id=\"https:\/\/vcentruprahy.cz\/\">v centru Prahy<\/a><\/strong>.<\/p>\n\n\n\n<div style=\"height:40px\" aria-hidden=\"true\" class=\"wp-block-spacer\"><\/div>\n\n\n<div class=\"wp-block-image is-resized\">\n<figure class=\"aligncenter size-large\"><img decoding=\"async\" src=\"https:\/\/vcentru.cz\/wp-content\/uploads\/2026\/03\/Vaclavske-Velikonoce-2026-neziskovky-1086x1536-1-724x1024.jpg\" alt=\"V\u00e1clavsk\u00e9 Velikonoce: Jarn\u00ed trhy o\u017eij\u00ed na N\u00e1m\u011bst\u00ed Republiky p\u0159ed Palladiem u\u017e od 15. b\u0159ezna\" class=\"wp-image-8173\"\/><\/figure><\/div>\n\n\n<div style=\"height:40px\" aria-hidden=\"true\" class=\"wp-block-spacer\"><\/div>\n\n\n\n<h2 class=\"wp-block-heading\">V\u00e1clavsk\u00e9 Velikonoce p\u0159inesou jaro do centra Prahy<\/h2>\n\n\n\n<div style=\"height:40px\" aria-hidden=\"true\" class=\"wp-block-spacer\"><\/div>\n\n\n\n<p class=\"has-medium-font-size\"><strong>Velikono\u010dn\u00ed trhy <\/strong>na <strong><a href=\"https:\/\/prazskenamestirepubliky.cz\/\" type=\"link\" id=\"https:\/\/prazskenamestirepubliky.cz\/\">pra\u017esk\u00e9m N\u00e1m\u011bst\u00ed Republiky<\/a> <\/strong>nab\u00eddnou v\u0161e, co maj\u00ed n\u00e1v\u0161t\u011bvn\u00edci na tradi\u010dn\u00edch trz\u00edch r\u00e1di. V sam\u00e9m srdci <strong><a href=\"https:\/\/prazskametropole.cz\/\" type=\"link\" id=\"https:\/\/prazskametropole.cz\/\">Pra\u017esk\u00e9 metropole <\/a><\/strong>vznikne m\u00edsto pln\u00e9 barev, v\u016fn\u00ed a jarn\u00ed atmosf\u00e9ry.<\/p>\n\n\n\n<p class=\"has-medium-font-size\">St\u00e1nky nab\u00eddnou velikono\u010dn\u00ed dekorace, ru\u010dn\u011b zdoben\u00e9 kraslice, keramiku, d\u0159ev\u011bn\u00e9 v\u00fdrobky i dal\u0161\u00ed \u0159emesln\u00e9 produkty. Nechyb\u00ed ani obl\u00edben\u00e9 gastronomick\u00e9 speciality \u2013 sladk\u00e9 i slan\u00e9 dobroty, kter\u00e9 ke sv\u00e1tk\u016fm jara neodmysliteln\u011b pat\u0159\u00ed.<\/p>\n\n\n\n<p class=\"has-medium-font-size\">D\u00edky poloze <strong><a href=\"https:\/\/www.palladiumpraha.cz\/\" type=\"link\" id=\"https:\/\/www.palladiumpraha.cz\/\">p\u0159ed obchodn\u00edm centrem Palladium<\/a> <\/strong>se trhy stanou ide\u00e1ln\u00edm m\u00edstem pro zastaven\u00ed b\u011bhem n\u00e1kup\u016f, pracovn\u00ed pauzy i v\u00edkendov\u00fdch proch\u00e1zek po<strong> <a href=\"https:\/\/prazskeprikopy.cz\/\" type=\"link\" id=\"https:\/\/prazskeprikopy.cz\/\">Pra\u017esk\u00fdch P\u0159\u00edkopech<\/a>.<\/strong> N\u00e1v\u0161t\u011bvn\u00edci tak mohou spojit jarn\u00ed atmosf\u00e9ru s objevov\u00e1n\u00edm centra metropole.<\/p>\n\n\n\n<div style=\"height:40px\" aria-hidden=\"true\" class=\"wp-block-spacer\"><\/div>\n\n\n<div class=\"wp-block-image is-resized\">\n<figure class=\"aligncenter size-large\"><img decoding=\"async\" src=\"https:\/\/vcentru.cz\/wp-content\/uploads\/2026\/03\/Vaclavske-Velikonoce-2026-program-1086x1536-1-724x1024.jpg\" alt=\"V\u00e1clavsk\u00e9 Velikonoce: Jarn\u00ed trhy o\u017eij\u00ed na N\u00e1m\u011bst\u00ed Republiky p\u0159ed Palladiem u\u017e od 15. b\u0159ezna\" class=\"wp-image-8174\" style=\"aspect-ratio:0.7070379994830003\"\/><\/figure><\/div>\n\n\n<div style=\"height:40px\" aria-hidden=\"true\" class=\"wp-block-spacer\"><\/div>\n\n\n\n<h2 class=\"wp-block-heading\">Slavnostn\u00ed zah\u00e1jen\u00ed a \u017eiv\u00e1 hudba na p\u00f3diu<\/h2>\n\n\n\n<div style=\"height:40px\" aria-hidden=\"true\" class=\"wp-block-spacer\"><\/div>\n\n\n\n<p class=\"has-medium-font-size\"><strong>Ofici\u00e1ln\u00ed zah\u00e1jen\u00ed Velikono\u010dn\u00edch trh\u016f prob\u011bhne v pond\u011bl\u00ed 16. b\u0159ezna v 16:30 hod.<\/strong> Na slavnostn\u00edm otev\u0159en\u00ed se p\u0159edstav\u00ed z\u00e1stupci m\u011bstsk\u00e9 \u010d\u00e1sti Praha 1 v \u010dele se starostkou Terezi\u00ed Radom\u011b\u0159skou a m\u00edstostarostou Davidem Bode\u010dkem.<\/p>\n\n\n\n<p class=\"has-medium-font-size\">Hudebn\u00ed atmosf\u00e9ru zah\u00e1j\u00ed kapela The Brownies, kter\u00e1 se na p\u00f3diu objev\u00ed tak\u00e9 v dal\u0161\u00edch term\u00ednech b\u011bhem trh\u016f.<\/p>\n\n\n\n<p class=\"has-medium-font-size\">Kulturn\u00ed program nab\u00eddne b\u011bhem n\u011bkolika t\u00fddn\u016f i dal\u0161\u00ed hudebn\u00ed vystoupen\u00ed. Mezi nimi nap\u0159\u00edklad pra\u017eskou rock-popovou kapelu SO FINE, kter\u00e1 zahraje 18. a 24. b\u0159ezna, nebo energickou latino kapelu ATAR\u00c9S, kter\u00e1 vystoup\u00ed 1. a 7. dubna.<\/p>\n\n\n\n<p class=\"has-medium-font-size\">D\u00edky pestr\u00e9mu programu se prostor p\u0159ed Palladiem prom\u011bn\u00ed v \u017eiv\u00e9 centrum jarn\u00edho setk\u00e1v\u00e1n\u00ed. Hudba, dobr\u00e9 j\u00eddlo a velikono\u010dn\u00ed dekorace vytvo\u0159\u00ed atmosf\u00e9ru, kter\u00e1 pat\u0159\u00ed k jaru v Pra\u017esk\u00e9 metropoli.<\/p>\n\n\n\n<div style=\"height:40px\" aria-hidden=\"true\" class=\"wp-block-spacer\"><\/div>\n\n\n\n<h2 class=\"wp-block-heading\">Velikono\u010dn\u00ed program mysl\u00ed tak\u00e9 na d\u011bti<\/h2>\n\n\n\n<div style=\"height:40px\" aria-hidden=\"true\" class=\"wp-block-spacer\"><\/div>\n\n\n\n<p class=\"has-medium-font-size\">Sou\u010d\u00e1st\u00ed <strong><a href=\"https:\/\/www.praha1.cz\/vaclavske-velikonoce-letos-na-namesti-republiky-trhy-zacinaji-uz-15-brezna\/\" type=\"link\" id=\"https:\/\/www.praha1.cz\/vaclavske-velikonoce-letos-na-namesti-republiky-trhy-zacinaji-uz-15-brezna\/\">V\u00e1clavsk\u00fdch Velikonoc<\/a> <\/strong>bude i program zam\u011b\u0159en\u00fd na rodiny s d\u011btmi. Velk\u00fd prostor dostanou d\u011btsk\u00e9 sbory a \u0161koln\u00ed hudebn\u00ed soubory z Prahy.<\/p>\n\n\n\n<p class=\"has-medium-font-size\">Na p\u00f3diu se p\u0159edstav\u00ed nap\u0159\u00edklad \u017e\u00e1ci n\u011bkolika pra\u017esk\u00fdch \u0161kol a hudebn\u00edch soubor\u016f, kte\u0159\u00ed vystoup\u00ed 25. a 31. b\u0159ezna. Cel\u00fdm odpolednem provede n\u00e1v\u0161t\u011bvn\u00edky moder\u00e1torka Lucie Pernetov\u00e1.<\/p>\n\n\n\n<p class=\"has-medium-font-size\">D\u00edky tomu se velikono\u010dn\u00ed trhy stanou nejen m\u00edstem pro n\u00e1kupy a gastronomii, ale tak\u00e9 p\u0159\u00edle\u017eitost\u00ed pro rodinn\u00e9 setk\u00e1v\u00e1n\u00ed a p\u0159\u00edjemn\u00e9 kulturn\u00ed z\u00e1\u017eitky.<\/p>\n\n\n\n<div style=\"height:40px\" aria-hidden=\"true\" class=\"wp-block-spacer\"><\/div>\n\n\n\n<h2 class=\"wp-block-heading\">Velikono\u010dn\u00ed trhy podpo\u0159\u00ed i dobrou v\u011bc<\/h2>\n\n\n\n<div style=\"height:40px\" aria-hidden=\"true\" class=\"wp-block-spacer\"><\/div>\n\n\n\n<p class=\"has-medium-font-size\">Velkou sou\u010d\u00e1st\u00ed leto\u0161n\u00edho ro\u010dn\u00edku bude projekt <strong>Podpo\u0159 dobro<\/strong>, kter\u00fd nab\u00eddne prostor neziskov\u00fdm organizac\u00edm a chr\u00e1n\u011bn\u00fdm d\u00edln\u00e1m.<\/p>\n\n\n\n<p class=\"has-medium-font-size\">N\u00e1v\u0161t\u011bvn\u00edci si zde budou moci zakoupit origin\u00e1ln\u00ed v\u00fdrobky vznikl\u00e9 v soci\u00e1ln\u00edch projektech nebo d\u00edln\u00e1ch zam\u011bstn\u00e1vaj\u00edc\u00edch osoby se zdravotn\u00edm znev\u00fdhodn\u011bn\u00edm. Ka\u017ed\u00fd n\u00e1kup tak m\u016f\u017ee pomoci dobr\u00e9 v\u011bci.<\/p>\n\n\n\n<p class=\"has-medium-font-size\">Postupn\u011b se p\u0159edstav\u00ed nap\u0159\u00edklad organizace Sv\u011bt nemocn\u00fdch d\u011bt\u00ed a Rukod\u011blky, Yourchance o.p.s., chr\u00e1n\u011bn\u00e1 keramick\u00e1 d\u00edlna \u0158\u00e1snovka, Inspirace pro tebe, Jedna Bedna, PROSAZ nebo Kolob\u011bh.<\/p>\n\n\n\n<p class=\"has-medium-font-size\">Velikono\u010dn\u00ed trhy tak propoj\u00ed tradi\u010dn\u00ed \u0159emesla s podporou neziskov\u00e9ho sektoru a nab\u00eddnou n\u00e1v\u0161t\u011bvn\u00edk\u016fm mo\u017enost odn\u00e9st si nejen hezk\u00fd suven\u00fdr, ale i dobr\u00fd pocit.<\/p>\n\n\n\n<div style=\"height:40px\" aria-hidden=\"true\" class=\"wp-block-spacer\"><\/div>\n\n\n<div class=\"wp-block-image\">\n<figure class=\"aligncenter size-large\"><img decoding=\"async\" src=\"https:\/\/vcentru.cz\/wp-content\/uploads\/2026\/03\/DSC_9458_PALLADIUM_Praha_Photo_by_Filip_Vido_svetla-verze_small-1536x1025-1-1024x683.jpg\" alt=\"V\u00e1clavsk\u00e9 Velikonoce: Jarn\u00ed trhy o\u017eij\u00ed na N\u00e1m\u011bst\u00ed Republiky p\u0159ed Palladiem u\u017e od 15. b\u0159ezna\" class=\"wp-image-8176\"\/><\/figure><\/div>\n\n\n<div style=\"height:40px\" aria-hidden=\"true\" class=\"wp-block-spacer\"><\/div>\n\n\n\n<h2 class=\"wp-block-heading\">\u0158emesla, jarn\u00ed speciality a atmosf\u00e9ra Prahy<\/h2>\n\n\n\n<div style=\"height:40px\" aria-hidden=\"true\" class=\"wp-block-spacer\"><\/div>\n\n\n\n<p class=\"has-medium-font-size\">Ned\u00edlnou sou\u010d\u00e1st\u00ed V\u00e1clavsk\u00fdch Velikonoc budou samoz\u0159ejm\u011b tak\u00e9 st\u00e1nky s ob\u010derstven\u00edm. Ty nab\u00eddnou jarn\u00ed speciality i obl\u00edben\u00e9 velikono\u010dn\u00ed dobroty.<\/p>\n\n\n\n<p class=\"has-medium-font-size\">\u0158emesln\u00e9 st\u00e1nky budou otev\u0159eny denn\u011b od 10:00 do 20:00 hodin. Gastronomick\u00e9 st\u00e1nky pak prodlou\u017e\u00ed atmosf\u00e9ru ve\u010dern\u00edho setk\u00e1v\u00e1n\u00ed a\u017e do 22:00 hod.<\/p>\n\n\n\n<p class=\"has-medium-font-size\"><strong>Velikono\u010dn\u00ed trhy na pra\u017esk\u00e9m <a href=\"https:\/\/prazskenamestirepubliky.cz\/\" type=\"link\" id=\"https:\/\/prazskenamestirepubliky.cz\/\">N\u00e1m\u011bst\u00ed Republiky<\/a><\/strong> tak nab\u00eddnou p\u0159\u00edjemn\u00e9 m\u00edsto pro setk\u00e1v\u00e1n\u00ed, zastaven\u00ed b\u011bhem jarn\u00edch proch\u00e1zek centrem Prahy i mo\u017enost nas\u00e1t pravou velikono\u010dn\u00ed atmosf\u00e9ru v srdci Pra\u017esk\u00e9 metropole.<\/p>\n\n\n\n<p class=\"has-medium-font-size\">V\u00edce informac\u00ed o programu a jednotliv\u00fdch vystoupen\u00edch mohou z\u00e1jemci sledovat na webu CentrumPrahy.cz nebo na soci\u00e1ln\u00edch s\u00edt\u00edch V\u00e1clavsk\u00e9ho n\u00e1m\u011bst\u00ed.<\/p>\n\n\n\n<p class=\"has-medium-font-size\">Pokud pl\u00e1nujete jarn\u00ed proch\u00e1zku po <strong><a href=\"https:\/\/prazskeprikopy.cz\/\" type=\"link\" id=\"https:\/\/prazskeprikopy.cz\/\">Pra\u017esk\u00fdch P\u0159\u00edkopech<\/a><\/strong>, leto\u0161n\u00ed Velikono\u010dn\u00ed trhy p\u0159ed <strong><a href=\"https:\/\/www.facebook.com\/PalladiumPraha.cz\" type=\"link\" id=\"https:\/\/www.facebook.com\/PalladiumPraha.cz\">obchodn\u00edm centrem Palladium<\/a><\/strong> budou ide\u00e1ln\u00edm m\u00edstem, kde se na chv\u00edli zastavit, ochutnat n\u011bco dobr\u00e9ho a vychutnat si kouzlo jara <strong><a href=\"https:\/\/vcentruprahy.cz\/\" type=\"link\" id=\"https:\/\/vcentruprahy.cz\/\">v centru Prahy<\/a><\/strong>.<\/p>\n\n\n\n<div style=\"height:111px\" aria-hidden=\"true\" class=\"wp-block-spacer\"><\/div>\n\n\n\n<figure class=\"wp-block-gallery has-nested-images columns-2 is-cropped wp-block-gallery-1 is-layout-flex wp-block-gallery-is-layout-flex\">\n<figure class=\"wp-block-image size-large\"><img decoding=\"async\" data-id=\"8173\" src=\"https:\/\/vcentru.cz\/wp-content\/uploads\/2026\/03\/Vaclavske-Velikonoce-2026-neziskovky-1086x1536-1-724x1024.jpg\" alt=\"V\u00e1clavsk\u00e9 Velikonoce: Jarn\u00ed trhy o\u017eij\u00ed na N\u00e1m\u011bst\u00ed Republiky p\u0159ed Palladiem u\u017e od 15. b\u0159ezna\" class=\"wp-image-8173\"\/><\/figure>\n\n\n\n<figure class=\"wp-block-image size-large\"><img decoding=\"async\" data-id=\"8174\" src=\"https:\/\/vcentru.cz\/wp-content\/uploads\/2026\/03\/Vaclavske-Velikonoce-2026-program-1086x1536-1-724x1024.jpg\" alt=\"V\u00e1clavsk\u00e9 Velikonoce: Jarn\u00ed trhy o\u017eij\u00ed na N\u00e1m\u011bst\u00ed Republiky p\u0159ed Palladiem u\u017e od 15. b\u0159ezna\" class=\"wp-image-8174\"\/><\/figure>\n\n\n\n<figure class=\"wp-block-image size-large\"><img decoding=\"async\" data-id=\"8175\" src=\"https:\/\/vcentru.cz\/wp-content\/uploads\/2026\/03\/Vaclavske-Velikonoce-2026-TTL-1024x652.jpg\" alt=\"V\u00e1clavsk\u00e9 Velikonoce: Jarn\u00ed trhy o\u017eij\u00ed na N\u00e1m\u011bst\u00ed Republiky p\u0159ed Palladiem u\u017e od 15. b\u0159ezna\" class=\"wp-image-8175\"\/><\/figure>\n<\/figure>\n\n\n\n<div style=\"height:39px\" aria-hidden=\"true\" class=\"wp-block-spacer\"><\/div>\n\n\n\n<p class=\"has-medium-font-size\"><strong>Zdroj foto: <\/strong>Palladium, V\u00e1clavsk\u00e9 Velikonoce, Praha 1, SNMP<\/p>\n\n\n\n<div style=\"height:100px\" aria-hidden=\"true\" class=\"wp-block-spacer\"><\/div>\n","protected":false},"excerpt":{"rendered":"<p>Velikono\u010dn\u00ed atmosf\u00e9ra letos op\u011bt zaplav\u00ed centrum Prahy. Obl\u00edben\u00e9 V\u00e1clavsk\u00e9 Velikonoce, kter\u00e9 jsou ka\u017edoro\u010dn\u011b spojeny s V\u00e1clavsk\u00fdm n\u00e1m\u011bst\u00edm, se tentokr\u00e1t p\u0159esouvaj\u00ed jen o p\u00e1r krok\u016f d\u00e1l. Kv\u016fli revitalizaci horn\u00ed \u010d\u00e1sti n\u00e1m\u011bst\u00ed najdou sv\u00e9 do\u010dasn\u00e9 z\u00e1zem\u00ed na pra\u017esk\u00e9m N\u00e1m\u011bst\u00ed Republiky p\u0159ed obchodn\u00edm centrem Palladium. Velikono\u010dn\u00ed trhy zde za\u010dnou u\u017e 15. b\u0159ezna a potrvaj\u00ed a\u017e do 12. dubna [&hellip;]<\/p>\n","protected":false},"author":8,"featured_media":7927,"comment_status":"closed","ping_status":"closed","sticky":false,"template":"","format":"standard","meta":{"_mi_skip_tracking":false,"_monsterinsights_sitenote_active":false,"_monsterinsights_sitenote_note":"","_monsterinsights_sitenote_category":0,"footnotes":""},"categories":[2,13],"tags":[130,38,148],"yoast_head":"<!-- This site is optimized with the Yoast SEO plugin v21.4 - https:\/\/yoast.com\/wordpress\/plugins\/seo\/ -->\n<title>Velikonoce: Jarn\u00ed trhy o\u017eij\u00ed na N\u00e1m\u011bst\u00ed Republiky p\u0159ed Palladiem u\u017e od 15. b\u0159ezna - LUXURYMAGAZINE.cz<\/title>\n<meta name=\"description\" content=\"Velikono\u010dn\u00ed trhy na pra\u017esk\u00e9m N\u00e1m\u011bst\u00ed Republiky nab\u00eddnou v\u0161e, co maj\u00ed n\u00e1v\u0161t\u011bvn\u00edci na tradi\u010dn\u00edch trz\u00edch r\u00e1di.\" \/>\n<meta name=\"robots\" content=\"index, follow, max-snippet:-1, max-image-preview:large, max-video-preview:-1\" \/>\n<link rel=\"canonical\" href=\"https:\/\/luxurymagazine.cz\/index.php\/2026\/03\/16\/velikonoce-jarni-trhy-oziji-na-namesti-republiky-pred-palladiem-uz-od-15-brezna\/\" \/>\n<meta property=\"og:locale\" content=\"cs_CZ\" \/>\n<meta property=\"og:type\" content=\"article\" \/>\n<meta property=\"og:title\" content=\"Velikonoce: Jarn\u00ed trhy o\u017eij\u00ed na N\u00e1m\u011bst\u00ed Republiky p\u0159ed Palladiem u\u017e od 15. b\u0159ezna - LUXURYMAGAZINE.cz\" \/>\n<meta property=\"og:description\" content=\"Velikono\u010dn\u00ed trhy na pra\u017esk\u00e9m N\u00e1m\u011bst\u00ed Republiky nab\u00eddnou v\u0161e, co maj\u00ed n\u00e1v\u0161t\u011bvn\u00edci na tradi\u010dn\u00edch trz\u00edch r\u00e1di.\" \/>\n<meta property=\"og:url\" content=\"https:\/\/luxurymagazine.cz\/index.php\/2026\/03\/16\/velikonoce-jarni-trhy-oziji-na-namesti-republiky-pred-palladiem-uz-od-15-brezna\/\" \/>\n<meta property=\"og:site_name\" content=\"LUXURYMAGAZINE.cz\" \/>\n<meta property=\"article:published_time\" content=\"2026-03-16T01:20:30+00:00\" \/>\n<meta property=\"article:modified_time\" content=\"2026-04-27T01:37:41+00:00\" \/>\n<meta property=\"og:image\" content=\"https:\/\/luxurymagazine.cz\/wp-content\/uploads\/2026\/03\/Vaclavske-Velikonoce-2026-TTL.jpg\" \/>\n\t<meta property=\"og:image:width\" content=\"1086\" \/>\n\t<meta property=\"og:image:height\" content=\"691\" \/>\n\t<meta property=\"og:image:type\" content=\"image\/jpeg\" \/>\n<meta name=\"author\" content=\"Petra Kub\u00edkov\u00e1\" \/>\n<meta name=\"twitter:card\" content=\"summary_large_image\" \/>\n<meta name=\"twitter:label1\" content=\"Napsal(a)\" \/>\n\t<meta name=\"twitter:data1\" content=\"Petra Kub\u00edkov\u00e1\" \/>\n\t<meta name=\"twitter:label2\" content=\"Odhadovan\u00e1 doba \u010dten\u00ed\" \/>\n\t<meta name=\"twitter:data2\" content=\"5 minut\" \/>\n<script type=\"application\/ld+json\" class=\"yoast-schema-graph\">{\"@context\":\"https:\/\/schema.org\",\"@graph\":[{\"@type\":\"Article\",\"@id\":\"https:\/\/luxurymagazine.cz\/index.php\/2026\/03\/16\/velikonoce-jarni-trhy-oziji-na-namesti-republiky-pred-palladiem-uz-od-15-brezna\/#article\",\"isPartOf\":{\"@id\":\"https:\/\/luxurymagazine.cz\/index.php\/2026\/03\/16\/velikonoce-jarni-trhy-oziji-na-namesti-republiky-pred-palladiem-uz-od-15-brezna\/\"},\"author\":{\"name\":\"Petra Kub\u00edkov\u00e1\",\"@id\":\"https:\/\/luxurymagazine.cz\/#\/schema\/person\/f7e3db94e6dbc05dcd6826e2d96c2f2c\"},\"headline\":\"Velikonoce: Jarn\u00ed trhy o\u017eij\u00ed na N\u00e1m\u011bst\u00ed Republiky p\u0159ed Palladiem u\u017e od 15. b\u0159ezna\",\"datePublished\":\"2026-03-16T01:20:30+00:00\",\"dateModified\":\"2026-04-27T01:37:41+00:00\",\"mainEntityOfPage\":{\"@id\":\"https:\/\/luxurymagazine.cz\/index.php\/2026\/03\/16\/velikonoce-jarni-trhy-oziji-na-namesti-republiky-pred-palladiem-uz-od-15-brezna\/\"},\"wordCount\":925,\"publisher\":{\"@id\":\"https:\/\/luxurymagazine.cz\/#organization\"},\"keywords\":[\"Pra\u017esk\u00e1 Metropole\",\"Pra\u017esk\u00e9 P\u0159\u00edkopy\",\"V centru Prahy\"],\"articleSection\":[\"NEWS\",\"TIPY &amp; TRENDY\"],\"inLanguage\":\"cs\"},{\"@type\":\"WebPage\",\"@id\":\"https:\/\/luxurymagazine.cz\/index.php\/2026\/03\/16\/velikonoce-jarni-trhy-oziji-na-namesti-republiky-pred-palladiem-uz-od-15-brezna\/\",\"url\":\"https:\/\/luxurymagazine.cz\/index.php\/2026\/03\/16\/velikonoce-jarni-trhy-oziji-na-namesti-republiky-pred-palladiem-uz-od-15-brezna\/\",\"name\":\"Velikonoce: Jarn\u00ed trhy o\u017eij\u00ed na N\u00e1m\u011bst\u00ed Republiky p\u0159ed Palladiem u\u017e od 15. b\u0159ezna - LUXURYMAGAZINE.cz\",\"isPartOf\":{\"@id\":\"https:\/\/luxurymagazine.cz\/#website\"},\"datePublished\":\"2026-03-16T01:20:30+00:00\",\"dateModified\":\"2026-04-27T01:37:41+00:00\",\"description\":\"Velikono\u010dn\u00ed trhy na pra\u017esk\u00e9m N\u00e1m\u011bst\u00ed Republiky nab\u00eddnou v\u0161e, co maj\u00ed n\u00e1v\u0161t\u011bvn\u00edci na tradi\u010dn\u00edch trz\u00edch r\u00e1di.\",\"breadcrumb\":{\"@id\":\"https:\/\/luxurymagazine.cz\/index.php\/2026\/03\/16\/velikonoce-jarni-trhy-oziji-na-namesti-republiky-pred-palladiem-uz-od-15-brezna\/#breadcrumb\"},\"inLanguage\":\"cs\",\"potentialAction\":[{\"@type\":\"ReadAction\",\"target\":[\"https:\/\/luxurymagazine.cz\/index.php\/2026\/03\/16\/velikonoce-jarni-trhy-oziji-na-namesti-republiky-pred-palladiem-uz-od-15-brezna\/\"]}]},{\"@type\":\"BreadcrumbList\",\"@id\":\"https:\/\/luxurymagazine.cz\/index.php\/2026\/03\/16\/velikonoce-jarni-trhy-oziji-na-namesti-republiky-pred-palladiem-uz-od-15-brezna\/#breadcrumb\",\"itemListElement\":[{\"@type\":\"ListItem\",\"position\":1,\"name\":\"Dom\u016f\",\"item\":\"https:\/\/luxurymagazine.cz\/\"},{\"@type\":\"ListItem\",\"position\":2,\"name\":\"Velikonoce: Jarn\u00ed trhy o\u017eij\u00ed na N\u00e1m\u011bst\u00ed Republiky p\u0159ed Palladiem u\u017e od 15. b\u0159ezna\"}]},{\"@type\":\"WebSite\",\"@id\":\"https:\/\/luxurymagazine.cz\/#website\",\"url\":\"https:\/\/luxurymagazine.cz\/\",\"name\":\"LUXURYMAGAZINE.cz\",\"description\":\"Port\u00e1l v\u00fdhradn\u011b o luxusu...\",\"publisher\":{\"@id\":\"https:\/\/luxurymagazine.cz\/#organization\"},\"potentialAction\":[{\"@type\":\"SearchAction\",\"target\":{\"@type\":\"EntryPoint\",\"urlTemplate\":\"https:\/\/luxurymagazine.cz\/?s={search_term_string}\"},\"query-input\":\"required name=search_term_string\"}],\"inLanguage\":\"cs\"},{\"@type\":\"Organization\",\"@id\":\"https:\/\/luxurymagazine.cz\/#organization\",\"name\":\"LUXURYMAGAZINE.cz\",\"url\":\"https:\/\/luxurymagazine.cz\/\",\"logo\":{\"@type\":\"ImageObject\",\"inLanguage\":\"cs\",\"@id\":\"https:\/\/luxurymagazine.cz\/#\/schema\/logo\/image\/\",\"url\":\"https:\/\/luxurymagazine.cz\/wp-content\/uploads\/2024\/12\/cropped-Logo_LuxuryMagazine-1.jpg\",\"contentUrl\":\"https:\/\/luxurymagazine.cz\/wp-content\/uploads\/2024\/12\/cropped-Logo_LuxuryMagazine-1.jpg\",\"width\":934,\"height\":509,\"caption\":\"LUXURYMAGAZINE.cz\"},\"image\":{\"@id\":\"https:\/\/luxurymagazine.cz\/#\/schema\/logo\/image\/\"}},{\"@type\":\"Person\",\"@id\":\"https:\/\/luxurymagazine.cz\/#\/schema\/person\/f7e3db94e6dbc05dcd6826e2d96c2f2c\",\"name\":\"Petra Kub\u00edkov\u00e1\",\"image\":{\"@type\":\"ImageObject\",\"inLanguage\":\"cs\",\"@id\":\"https:\/\/luxurymagazine.cz\/#\/schema\/person\/image\/\",\"url\":\"https:\/\/secure.gravatar.com\/avatar\/b73acd1265062ae3b93da9908474de40?s=96&d=mm&r=g\",\"contentUrl\":\"https:\/\/secure.gravatar.com\/avatar\/b73acd1265062ae3b93da9908474de40?s=96&d=mm&r=g\",\"caption\":\"Petra Kub\u00edkov\u00e1\"},\"sameAs\":[\"http:\/\/LUXURYMAGAZINE.cz\"],\"url\":\"https:\/\/luxurymagazine.cz\/index.php\/author\/kubp\/\"}]}<\/script>\n<!-- \/ Yoast SEO plugin. -->","yoast_head_json":{"title":"Velikonoce: Jarn\u00ed trhy o\u017eij\u00ed na N\u00e1m\u011bst\u00ed Republiky p\u0159ed Palladiem u\u017e od 15. b\u0159ezna - LUXURYMAGAZINE.cz","description":"Velikono\u010dn\u00ed trhy na pra\u017esk\u00e9m N\u00e1m\u011bst\u00ed Republiky nab\u00eddnou v\u0161e, co maj\u00ed n\u00e1v\u0161t\u011bvn\u00edci na tradi\u010dn\u00edch trz\u00edch r\u00e1di.","robots":{"index":"index","follow":"follow","max-snippet":"max-snippet:-1","max-image-preview":"max-image-preview:large","max-video-preview":"max-video-preview:-1"},"canonical":"https:\/\/luxurymagazine.cz\/index.php\/2026\/03\/16\/velikonoce-jarni-trhy-oziji-na-namesti-republiky-pred-palladiem-uz-od-15-brezna\/","og_locale":"cs_CZ","og_type":"article","og_title":"Velikonoce: Jarn\u00ed trhy o\u017eij\u00ed na N\u00e1m\u011bst\u00ed Republiky p\u0159ed Palladiem u\u017e od 15. b\u0159ezna - LUXURYMAGAZINE.cz","og_description":"Velikono\u010dn\u00ed trhy na pra\u017esk\u00e9m N\u00e1m\u011bst\u00ed Republiky nab\u00eddnou v\u0161e, co maj\u00ed n\u00e1v\u0161t\u011bvn\u00edci na tradi\u010dn\u00edch trz\u00edch r\u00e1di.","og_url":"https:\/\/luxurymagazine.cz\/index.php\/2026\/03\/16\/velikonoce-jarni-trhy-oziji-na-namesti-republiky-pred-palladiem-uz-od-15-brezna\/","og_site_name":"LUXURYMAGAZINE.cz","article_published_time":"2026-03-16T01:20:30+00:00","article_modified_time":"2026-04-27T01:37:41+00:00","og_image":[{"width":1086,"height":691,"url":"https:\/\/luxurymagazine.cz\/wp-content\/uploads\/2026\/03\/Vaclavske-Velikonoce-2026-TTL.jpg","type":"image\/jpeg"}],"author":"Petra Kub\u00edkov\u00e1","twitter_card":"summary_large_image","twitter_misc":{"Napsal(a)":"Petra Kub\u00edkov\u00e1","Odhadovan\u00e1 doba \u010dten\u00ed":"5 minut"},"schema":{"@context":"https:\/\/schema.org","@graph":[{"@type":"Article","@id":"https:\/\/luxurymagazine.cz\/index.php\/2026\/03\/16\/velikonoce-jarni-trhy-oziji-na-namesti-republiky-pred-palladiem-uz-od-15-brezna\/#article","isPartOf":{"@id":"https:\/\/luxurymagazine.cz\/index.php\/2026\/03\/16\/velikonoce-jarni-trhy-oziji-na-namesti-republiky-pred-palladiem-uz-od-15-brezna\/"},"author":{"name":"Petra Kub\u00edkov\u00e1","@id":"https:\/\/luxurymagazine.cz\/#\/schema\/person\/f7e3db94e6dbc05dcd6826e2d96c2f2c"},"headline":"Velikonoce: Jarn\u00ed trhy o\u017eij\u00ed na N\u00e1m\u011bst\u00ed Republiky p\u0159ed Palladiem u\u017e od 15. b\u0159ezna","datePublished":"2026-03-16T01:20:30+00:00","dateModified":"2026-04-27T01:37:41+00:00","mainEntityOfPage":{"@id":"https:\/\/luxurymagazine.cz\/index.php\/2026\/03\/16\/velikonoce-jarni-trhy-oziji-na-namesti-republiky-pred-palladiem-uz-od-15-brezna\/"},"wordCount":925,"publisher":{"@id":"https:\/\/luxurymagazine.cz\/#organization"},"keywords":["Pra\u017esk\u00e1 Metropole","Pra\u017esk\u00e9 P\u0159\u00edkopy","V centru Prahy"],"articleSection":["NEWS","TIPY &amp; TRENDY"],"inLanguage":"cs"},{"@type":"WebPage","@id":"https:\/\/luxurymagazine.cz\/index.php\/2026\/03\/16\/velikonoce-jarni-trhy-oziji-na-namesti-republiky-pred-palladiem-uz-od-15-brezna\/","url":"https:\/\/luxurymagazine.cz\/index.php\/2026\/03\/16\/velikonoce-jarni-trhy-oziji-na-namesti-republiky-pred-palladiem-uz-od-15-brezna\/","name":"Velikonoce: Jarn\u00ed trhy o\u017eij\u00ed na N\u00e1m\u011bst\u00ed Republiky p\u0159ed Palladiem u\u017e od 15. b\u0159ezna - LUXURYMAGAZINE.cz","isPartOf":{"@id":"https:\/\/luxurymagazine.cz\/#website"},"datePublished":"2026-03-16T01:20:30+00:00","dateModified":"2026-04-27T01:37:41+00:00","description":"Velikono\u010dn\u00ed trhy na pra\u017esk\u00e9m N\u00e1m\u011bst\u00ed Republiky nab\u00eddnou v\u0161e, co maj\u00ed n\u00e1v\u0161t\u011bvn\u00edci na tradi\u010dn\u00edch trz\u00edch r\u00e1di.","breadcrumb":{"@id":"https:\/\/luxurymagazine.cz\/index.php\/2026\/03\/16\/velikonoce-jarni-trhy-oziji-na-namesti-republiky-pred-palladiem-uz-od-15-brezna\/#breadcrumb"},"inLanguage":"cs","potentialAction":[{"@type":"ReadAction","target":["https:\/\/luxurymagazine.cz\/index.php\/2026\/03\/16\/velikonoce-jarni-trhy-oziji-na-namesti-republiky-pred-palladiem-uz-od-15-brezna\/"]}]},{"@type":"BreadcrumbList","@id":"https:\/\/luxurymagazine.cz\/index.php\/2026\/03\/16\/velikonoce-jarni-trhy-oziji-na-namesti-republiky-pred-palladiem-uz-od-15-brezna\/#breadcrumb","itemListElement":[{"@type":"ListItem","position":1,"name":"Dom\u016f","item":"https:\/\/luxurymagazine.cz\/"},{"@type":"ListItem","position":2,"name":"Velikonoce: Jarn\u00ed trhy o\u017eij\u00ed na N\u00e1m\u011bst\u00ed Republiky p\u0159ed Palladiem u\u017e od 15. b\u0159ezna"}]},{"@type":"WebSite","@id":"https:\/\/luxurymagazine.cz\/#website","url":"https:\/\/luxurymagazine.cz\/","name":"LUXURYMAGAZINE.cz","description":"Port\u00e1l v\u00fdhradn\u011b o luxusu...","publisher":{"@id":"https:\/\/luxurymagazine.cz\/#organization"},"potentialAction":[{"@type":"SearchAction","target":{"@type":"EntryPoint","urlTemplate":"https:\/\/luxurymagazine.cz\/?s={search_term_string}"},"query-input":"required name=search_term_string"}],"inLanguage":"cs"},{"@type":"Organization","@id":"https:\/\/luxurymagazine.cz\/#organization","name":"LUXURYMAGAZINE.cz","url":"https:\/\/luxurymagazine.cz\/","logo":{"@type":"ImageObject","inLanguage":"cs","@id":"https:\/\/luxurymagazine.cz\/#\/schema\/logo\/image\/","url":"https:\/\/luxurymagazine.cz\/wp-content\/uploads\/2024\/12\/cropped-Logo_LuxuryMagazine-1.jpg","contentUrl":"https:\/\/luxurymagazine.cz\/wp-content\/uploads\/2024\/12\/cropped-Logo_LuxuryMagazine-1.jpg","width":934,"height":509,"caption":"LUXURYMAGAZINE.cz"},"image":{"@id":"https:\/\/luxurymagazine.cz\/#\/schema\/logo\/image\/"}},{"@type":"Person","@id":"https:\/\/luxurymagazine.cz\/#\/schema\/person\/f7e3db94e6dbc05dcd6826e2d96c2f2c","name":"Petra Kub\u00edkov\u00e1","image":{"@type":"ImageObject","inLanguage":"cs","@id":"https:\/\/luxurymagazine.cz\/#\/schema\/person\/image\/","url":"https:\/\/secure.gravatar.com\/avatar\/b73acd1265062ae3b93da9908474de40?s=96&d=mm&r=g","contentUrl":"https:\/\/secure.gravatar.com\/avatar\/b73acd1265062ae3b93da9908474de40?s=96&d=mm&r=g","caption":"Petra Kub\u00edkov\u00e1"},"sameAs":["http:\/\/LUXURYMAGAZINE.cz"],"url":"https:\/\/luxurymagazine.cz\/index.php\/author\/kubp\/"}]}},"_links":{"self":[{"href":"https:\/\/luxurymagazine.cz\/index.php\/wp-json\/wp\/v2\/posts\/7926"}],"collection":[{"href":"https:\/\/luxurymagazine.cz\/index.php\/wp-json\/wp\/v2\/posts"}],"about":[{"href":"https:\/\/luxurymagazine.cz\/index.php\/wp-json\/wp\/v2\/types\/post"}],"author":[{"embeddable":true,"href":"https:\/\/luxurymagazine.cz\/index.php\/wp-json\/wp\/v2\/users\/8"}],"replies":[{"embeddable":true,"href":"https:\/\/luxurymagazine.cz\/index.php\/wp-json\/wp\/v2\/comments?post=7926"}],"version-history":[{"count":-2,"href":"https:\/\/luxurymagazine.cz\/index.php\/wp-json\/wp\/v2\/posts\/7926\/revisions"}],"wp:featuredmedia":[{"embeddable":true,"href":"https:\/\/luxurymagazine.cz\/index.php\/wp-json\/wp\/v2\/media\/7927"}],"wp:attachment":[{"href":"https:\/\/luxurymagazine.cz\/index.php\/wp-json\/wp\/v2\/media?parent=7926"}],"wp:term":[{"taxonomy":"category","embeddable":true,"href":"https:\/\/luxurymagazine.cz\/index.php\/wp-json\/wp\/v2\/categories?post=7926"},{"taxonomy":"post_tag","embeddable":true,"href":"https:\/\/luxurymagazine.cz\/index.php\/wp-json\/wp\/v2\/tags?post=7926"}],"curies":[{"name":"wp","href":"https:\/\/api.w.org\/{rel}","templated":true}]}}