{"id":7931,"date":"2026-03-18T00:01:00","date_gmt":"2026-03-17T23:01:00","guid":{"rendered":"https:\/\/luxurymagazine.cz\/?p=7931"},"modified":"2026-03-18T00:20:50","modified_gmt":"2026-03-17T23:20:50","slug":"volvo-ex60-vstupuje-na-cesky-trh","status":"publish","type":"post","link":"https:\/\/luxurymagazine.cz\/index.php\/2026\/03\/18\/volvo-ex60-vstupuje-na-cesky-trh\/","title":{"rendered":"Volvo EX60 vstupuje na \u010desk\u00fd trh"},"content":{"rendered":"\n<div style=\"height:33px\" aria-hidden=\"true\" class=\"wp-block-spacer\"><\/div>\n\n\n\n<p class=\"has-medium-font-size\"><strong>Nov\u00e1 kapitola <a href=\"https:\/\/automagazine.cz\/rubrika\/elektromobilita\/\" type=\"link\" id=\"https:\/\/automagazine.cz\/rubrika\/elektromobilita\/\">elektromobility<\/a> za\u010d\u00edn\u00e1 pr\u00e1v\u011b te\u010f. Zna\u010dka Volvo uv\u00e1d\u00ed na \u010desk\u00fd trh model Volvo EX60, kter\u00fd m\u00e1 ambici z\u00e1sadn\u011b prom\u011bnit pohled na elektrick\u00e1 SUV. Po slavnostn\u00ed premi\u00e9\u0159e v <a href=\"https:\/\/prazskametropole.cz\/\" type=\"link\" id=\"https:\/\/prazskametropole.cz\/\">Pra\u017esk\u00e9 Metropoli<\/a> v ikonick\u00e9 Galerie M\u00e1nes se novinka vyd\u00e1v\u00e1 na celorepublikovou roadshow, aby se s n\u00ed mohli sezn\u00e1mit z\u00e1kazn\u00edci nap\u0159\u00ed\u010d \u010ceskem.<\/strong><\/p>\n\n\n\n<div style=\"height:33px\" aria-hidden=\"true\" class=\"wp-block-spacer\"><\/div>\n\n\n<div class=\"wp-block-image\">\n<figure class=\"aligncenter size-full\"><img decoding=\"async\" src=\"https:\/\/vcentru.cz\/wp-content\/uploads\/2026\/03\/EdEpnSmg.jpeg\" alt=\"Volvo EX60 vstupuje na \u010desk\u00fd trh: Premi\u00e9ru si odbyl v pra\u017esk\u00e9 Galerii M\u00e1nes a m\u00ed\u0159\u00ed na roadshow nap\u0159\u00ed\u010d republikou\" class=\"wp-image-8213\"\/><\/figure><\/div>\n\n\n<div style=\"height:33px\" aria-hidden=\"true\" class=\"wp-block-spacer\"><\/div>\n\n\n\n<h2 class=\"wp-block-heading\">Elektromobil bez kompromis\u016f: Dojezd, rychlost i dostupnost<\/h2>\n\n\n\n<div style=\"height:33px\" aria-hidden=\"true\" class=\"wp-block-spacer\"><\/div>\n\n\n\n<p class=\"has-medium-font-size\">Volvo EX60 vstupuje do jednoho z nejv\u011bt\u0161\u00edch <strong><a href=\"https:\/\/vcentru.cz\/rubrika\/automagazine\/\" type=\"link\" id=\"https:\/\/vcentru.cz\/rubrika\/automagazine\/\">automobilov\u00fdch<\/a><\/strong> segment\u016f s parametry, kter\u00e9 dosud pat\u0159ily sp\u00ed\u0161e do \u0159\u00ed\u0161e ambici\u00f3zn\u00edch viz\u00ed. Dojezd a\u017e 810 kilometr\u016f podle metodiky WLTP posouv\u00e1 hranice ka\u017edodenn\u00ed pou\u017eitelnosti a eliminuje jednu z nej\u010dast\u011bj\u0161\u00edch obav spojen\u00fdch s elektromobilitou.<\/p>\n\n\n\n<p class=\"has-medium-font-size\">Stejn\u011b z\u00e1sadn\u00ed je i rychlost dob\u00edjen\u00ed. D\u00edky 800V architektu\u0159e zvl\u00e1dne v\u016fz nab\u00edt baterii z 10 na 80 procent p\u0159ibli\u017en\u011b za 19 minut. P\u0159i vyu\u017eit\u00ed rychlonab\u00edjen\u00ed v\u00fdkonem a\u017e 400 kW pak dok\u00e1\u017ee b\u011bhem pouh\u00fdch deseti minut doplnit energii pro dal\u0161\u00edch a\u017e 340 kilometr\u016f j\u00edzdy.<\/p>\n\n\n\n<p class=\"has-medium-font-size\">A co je mo\u017en\u00e1 je\u0161t\u011b d\u016fle\u017eit\u011bj\u0161\u00ed \u2013 cenov\u00e1 politika. Z\u00e1kladn\u00ed verze EX60 Single Motor Plus startuje na \u010d\u00e1stce 1 562 000 K\u010d v\u010detn\u011b DPH, co\u017e ji stav\u00ed na \u00farove\u0148 plug-in hybridn\u00edch model\u016f. Elektromobil tak p\u0159est\u00e1v\u00e1 b\u00fdt luxusn\u00ed alternativou a st\u00e1v\u00e1 se re\u00e1lnou volbou pro \u0161ir\u0161\u00ed okruh z\u00e1kazn\u00edk\u016f.<\/p>\n\n\n\n<div style=\"height:33px\" aria-hidden=\"true\" class=\"wp-block-spacer\"><\/div>\n\n\n<div class=\"wp-block-image\">\n<figure class=\"aligncenter size-full\"><img decoding=\"async\" src=\"https:\/\/vcentru.cz\/wp-content\/uploads\/2026\/03\/kAF-w-YQ.jpeg\" alt=\"Volvo EX60 vstupuje na \u010desk\u00fd trh: Premi\u00e9ru si odbyl v pra\u017esk\u00e9 Galerii M\u00e1nes a m\u00ed\u0159\u00ed na roadshow nap\u0159\u00ed\u010d republikou\" class=\"wp-image-8230\"\/><\/figure><\/div>\n\n\n<div style=\"height:33px\" aria-hidden=\"true\" class=\"wp-block-spacer\"><\/div>\n\n\n\n<h2 class=\"wp-block-heading\">Technologie, kter\u00e9 neslou\u017e\u00ed jen v\u00fdkonu, ale i klidu<\/h2>\n\n\n\n<div style=\"height:33px\" aria-hidden=\"true\" class=\"wp-block-spacer\"><\/div>\n\n\n\n<p class=\"has-medium-font-size\">Modern\u00ed technologie dnes nejsou jen o \u010d\u00edslech a v\u00fdkonu. Volvo EX60 p\u0159in\u00e1\u0161\u00ed jin\u00fd p\u0159\u00edstup \u2013 technologie zde maj\u00ed p\u0159edev\u0161\u00edm zjednodu\u0161ovat \u017eivot a sni\u017eovat stres za volantem.<\/p>\n\n\n\n<p class=\"has-medium-font-size\">Srdcem vozu je centr\u00e1ln\u00ed v\u00fdpo\u010detn\u00ed syst\u00e9m HuginCore, kter\u00fd zvl\u00e1dne a\u017e 250 bilion\u016f operac\u00ed za sekundu a v re\u00e1ln\u00e9m \u010dase vyhodnocuje data ze v\u0161ech senzor\u016f. Samoz\u0159ejmost\u00ed jsou vzd\u00e1len\u00e9 aktualizace over-the-air nebo pokro\u010dil\u00e9 v\u00fdrobn\u00ed technologie jako megacasting a cell-to-body konstrukce.<\/p>\n\n\n\n<p class=\"has-medium-font-size\">Novinkou je tak\u00e9 integrace asistenta Google Gemini, kter\u00fd p\u0159in\u00e1\u0161\u00ed p\u0159irozen\u011bj\u0161\u00ed hlasov\u00e9 ovl\u00e1d\u00e1n\u00ed a intuitivn\u00ed pr\u00e1ci s funkcemi vozu. \u0158idi\u010d tak nemus\u00ed odv\u00e1d\u011bt pozornost od \u0159\u00edzen\u00ed a m\u016f\u017ee se soust\u0159edit na to podstatn\u00e9 \u2013 samotnou j\u00edzdu.<\/p>\n\n\n\n<div style=\"height:33px\" aria-hidden=\"true\" class=\"wp-block-spacer\"><\/div>\n\n\n<div class=\"wp-block-image\">\n<figure class=\"aligncenter size-full\"><img decoding=\"async\" src=\"https:\/\/vcentru.cz\/wp-content\/uploads\/2026\/03\/Ru0UjGxA.jpeg\" alt=\"Volvo EX60 vstupuje na \u010desk\u00fd trh: Premi\u00e9ru si odbyl v pra\u017esk\u00e9 Galerii M\u00e1nes a m\u00ed\u0159\u00ed na roadshow nap\u0159\u00ed\u010d republikou\" class=\"wp-image-8232\"\/><\/figure><\/div>\n\n\n<div style=\"height:33px\" aria-hidden=\"true\" class=\"wp-block-spacer\"><\/div>\n\n\n\n<h2 class=\"wp-block-heading\">Bezpe\u010dnost jako z\u00e1klad DNA zna\u010dky<\/h2>\n\n\n\n<div style=\"height:33px\" aria-hidden=\"true\" class=\"wp-block-spacer\"><\/div>\n\n\n\n<p class=\"has-medium-font-size\">Bezpe\u010dnost z\u016fst\u00e1v\u00e1 kl\u00ed\u010dov\u00fdm pil\u00ed\u0159em, na kter\u00e9m Volvo stav\u00ed ji\u017e t\u00e9m\u011b\u0159 stolet\u00ed. EX60 v tomto sm\u011bru posouv\u00e1 la\u0165ku op\u011bt o kus v\u00fd\u0161.<\/p>\n\n\n\n<p class=\"has-medium-font-size\">Nov\u00e9 multiadaptivn\u00ed bezpe\u010dnostn\u00ed p\u00e1sy, kter\u00e9 se dok\u00e1\u017eou v re\u00e1ln\u00e9m \u010dase p\u0159izp\u016fsobit konkr\u00e9tn\u00ed situaci i fyzick\u00fdm parametr\u016fm cestuj\u00edc\u00edho, p\u0159edstavuj\u00ed jeden z nejv\u00fdznamn\u011bj\u0161\u00edch technologick\u00fdch posun\u016f posledn\u00edch let. Nen\u00ed n\u00e1hodou, \u017ee tento syst\u00e9m zaujal i magaz\u00edn TIME, kter\u00fd jej za\u0159adil mezi nejlep\u0161\u00ed vyn\u00e1lezy roku 2025.<\/p>\n\n\n\n<p class=\"has-medium-font-size\">Pokro\u010dil\u00e9 asisten\u010dn\u00ed syst\u00e9my nav\u00edc neust\u00e1le monitoruj\u00ed okol\u00ed vozu a pom\u00e1haj\u00ed sni\u017eovat kognitivn\u00ed z\u00e1t\u011b\u017e \u0159idi\u010de. V\u00fdsledkem je nejen vy\u0161\u0161\u00ed bezpe\u010dnost, ale i pocit jistoty a klidu p\u0159i ka\u017edodenn\u00edm cestov\u00e1n\u00ed.<\/p>\n\n\n\n<div style=\"height:33px\" aria-hidden=\"true\" class=\"wp-block-spacer\"><\/div>\n\n\n\n<figure class=\"wp-block-image size-full\"><img decoding=\"async\" src=\"https:\/\/vcentru.cz\/wp-content\/uploads\/2026\/03\/SiPXAv2g.jpeg\" alt=\"Volvo EX60 vstupuje na \u010desk\u00fd trh: Premi\u00e9ru si odbyl v pra\u017esk\u00e9 Galerii M\u00e1nes a m\u00ed\u0159\u00ed na roadshow nap\u0159\u00ed\u010d republikou\" class=\"wp-image-8223\"\/><\/figure>\n\n\n\n<div style=\"height:33px\" aria-hidden=\"true\" class=\"wp-block-spacer\"><\/div>\n\n\n\n<h2 class=\"wp-block-heading\">Interi\u00e9r jako o\u00e1za klidu inspirovan\u00e1 Skandin\u00e1vi\u00ed<\/h2>\n\n\n\n<div style=\"height:33px\" aria-hidden=\"true\" class=\"wp-block-spacer\"><\/div>\n\n\n\n<p class=\"has-medium-font-size\">Jedn\u00edm z nejv\u00fdrazn\u011bj\u0161\u00edch prvk\u016f nov\u00e9ho EX60 je jeho interi\u00e9r. Ten nen\u00ed jen technologicky vysp\u011bl\u00fd, ale p\u0159edev\u0161\u00edm promy\u0161len\u00fd do posledn\u00edho detailu s d\u016frazem na komfort a psychickou pohodu.<\/p>\n\n\n\n<p class=\"has-medium-font-size\">Kabina p\u016fsob\u00ed vzdu\u0161n\u011b, \u010dist\u011b a minimalisticky. Ticho elektrick\u00e9ho pohonu, kvalitn\u00ed odhlu\u010dn\u011bn\u00ed a ambientn\u00ed osv\u011btlen\u00ed inspirovan\u00e9 \u0161v\u00e9dskou p\u0159\u00edrodou vytv\u00e1\u0159ej\u00ed prost\u0159ed\u00ed, kter\u00e9 podporuje soust\u0159ed\u011bn\u00ed a uvoln\u011bn\u00ed. Volvo zde ukazuje, \u017ee skute\u010dn\u00fd luxus nespo\u010d\u00edv\u00e1 v mno\u017estv\u00ed funkc\u00ed, ale v jejich smyslupln\u00e9m omezen\u00ed.<\/p>\n\n\n\n<div style=\"height:33px\" aria-hidden=\"true\" class=\"wp-block-spacer\"><\/div>\n\n\n\n<figure class=\"wp-block-gallery has-nested-images columns-default is-cropped wp-block-gallery-1 is-layout-flex wp-block-gallery-is-layout-flex\">\n<figure class=\"wp-block-image size-large\"><img decoding=\"async\" data-id=\"8217\" src=\"https:\/\/vcentru.cz\/wp-content\/uploads\/2026\/03\/AE0Akxig.jpeg\" alt=\"Volvo EX60 vstupuje na \u010desk\u00fd trh: Premi\u00e9ru si odbyl v pra\u017esk\u00e9 Galerii M\u00e1nes a m\u00ed\u0159\u00ed na roadshow nap\u0159\u00ed\u010d republikou\" class=\"wp-image-8217\"\/><\/figure>\n\n\n\n<figure class=\"wp-block-image size-large\"><img decoding=\"async\" data-id=\"8226\" src=\"https:\/\/vcentru.cz\/wp-content\/uploads\/2026\/03\/ZMZj_7Bw.jpeg\" alt=\"Volvo EX60 vstupuje na \u010desk\u00fd trh: Premi\u00e9ru si odbyl v pra\u017esk\u00e9 Galerii M\u00e1nes a m\u00ed\u0159\u00ed na roadshow nap\u0159\u00ed\u010d republikou\" class=\"wp-image-8226\"\/><\/figure>\n<\/figure>\n\n\n\n<div style=\"height:33px\" aria-hidden=\"true\" class=\"wp-block-spacer\"><\/div>\n\n\n\n<h2 class=\"wp-block-heading\">Premi\u00e9ra v M\u00e1nesu a roadshow po cel\u00e9 republice<\/h2>\n\n\n\n<div style=\"height:33px\" aria-hidden=\"true\" class=\"wp-block-spacer\"><\/div>\n\n\n\n<p class=\"has-medium-font-size\">Volba Galerie M\u00e1nes pro \u010deskou premi\u00e9ru nebyla n\u00e1hodn\u00e1. Tento architektonicky \u010dist\u00fd a sv\u011btlem napln\u011bn\u00fd prostor dokonale odr\u00e1\u017e\u00ed filozofii samotn\u00e9ho vozu \u2013 harmonii, klid a promy\u0161len\u00fd design.<\/p>\n\n\n\n<p class=\"has-medium-font-size\">Po <a href=\"https:\/\/prazskametropole.cz\/\" type=\"link\" id=\"https:\/\/prazskametropole.cz\/\"><strong>pra\u017esk\u00e9m<\/strong><\/a> uveden\u00ed se EX60 vyd\u00e1v\u00e1 na roadshow, kter\u00e1 od 18. do 27. b\u0159ezna zam\u00ed\u0159\u00ed k autorizovan\u00fdm partner\u016fm zna\u010dky po cel\u00e9 \u010cesk\u00e9 republice. Z\u00e1jemci si tak budou moci v\u016fz prohl\u00e9dnout zbl\u00edzka, vyzkou\u0161et jeho technologie i nas\u00e1t atmosf\u00e9ru nov\u00e9 generace elektromobility.<\/p>\n\n\n\n<div style=\"height:33px\" aria-hidden=\"true\" class=\"wp-block-spacer\"><\/div>\n\n\n\n<figure class=\"wp-block-gallery has-nested-images columns-default is-cropped wp-block-gallery-3 is-layout-flex wp-block-gallery-is-layout-flex\">\n<figure class=\"wp-block-image size-large\"><img decoding=\"async\" data-id=\"8236\" src=\"https:\/\/vcentru.cz\/wp-content\/uploads\/2026\/03\/fAf6kRpg.jpeg\" alt=\"Volvo EX60 vstupuje na \u010desk\u00fd trh: Premi\u00e9ru si odbyl v pra\u017esk\u00e9 Galerii M\u00e1nes a m\u00ed\u0159\u00ed na roadshow nap\u0159\u00ed\u010d republikou\" class=\"wp-image-8236\"\/><\/figure>\n\n\n\n<figure class=\"wp-block-image size-large\"><img decoding=\"async\" data-id=\"8222\" src=\"https:\/\/vcentru.cz\/wp-content\/uploads\/2026\/03\/8A8Tn4eA.jpeg\" alt=\"Volvo EX60 vstupuje na \u010desk\u00fd trh: Premi\u00e9ru si odbyl v pra\u017esk\u00e9 Galerii M\u00e1nes a m\u00ed\u0159\u00ed na roadshow nap\u0159\u00ed\u010d republikou\" class=\"wp-image-8222\"\/><\/figure>\n<\/figure>\n\n\n\n<div style=\"height:33px\" aria-hidden=\"true\" class=\"wp-block-spacer\"><\/div>\n\n\n\n<h2 class=\"wp-block-heading\">Dostupnost a budoucnost modelu EX60<\/h2>\n\n\n\n<div style=\"height:33px\" aria-hidden=\"true\" class=\"wp-block-spacer\"><\/div>\n\n\n\n<p class=\"has-medium-font-size\">Na \u010desk\u00e9m trhu je ji\u017e nyn\u00ed mo\u017en\u00e9 objedn\u00e1vat z\u00e1kladn\u00ed variantu EX60 Single Motor Plus. Prvn\u00ed vozy doraz\u00ed do \u010ceska b\u011bhem l\u00e9ta, z\u00e1kaznick\u00e9 dod\u00e1vky jsou pl\u00e1nov\u00e1ny na podzim.<\/p>\n\n\n\n<p class=\"has-medium-font-size\">Velk\u00fd z\u00e1jem o model vedl automobilku k \u00faprav\u011b v\u00fdrobn\u00edch pl\u00e1n\u016f v domovsk\u00e9m z\u00e1vod\u011b v Torsland\u011b. Do budoucna se po\u010d\u00edt\u00e1 tak\u00e9 s roz\u0161\u00ed\u0159en\u00edm nab\u00eddky, v\u010detn\u011b obl\u00edben\u00e9 varianty Cross Country, kter\u00e1 se za\u010dne vyr\u00e1b\u011bt v prvn\u00ed polovin\u011b p\u0159\u00ed\u0161t\u00edho roku.<\/p>\n\n\n\n<p class=\"has-medium-font-size\">Jak shrnuje gener\u00e1ln\u00ed \u0159editelka \u0160\u00e1rka Heyna Fuchsov\u00e1, EX60 navazuje na \u00fasp\u011bch modelu XC60, ale z\u00e1rove\u0148 p\u0159in\u00e1\u0161\u00ed zcela novou generaci automobil\u016f \u2013 od z\u00e1kladu navr\u017een\u00fdch jako pln\u011b elektrick\u00e9.<\/p>\n\n\n\n<div style=\"height:33px\" aria-hidden=\"true\" class=\"wp-block-spacer\"><\/div>\n\n\n<div class=\"wp-block-image\">\n<figure class=\"aligncenter size-full\"><img decoding=\"async\" src=\"https:\/\/vcentru.cz\/wp-content\/uploads\/2026\/03\/7g5kod6w.jpeg\" alt=\"Volvo EX60 vstupuje na \u010desk\u00fd trh: Premi\u00e9ru si odbyl v pra\u017esk\u00e9 Galerii M\u00e1nes a m\u00ed\u0159\u00ed na roadshow nap\u0159\u00ed\u010d republikou\" class=\"wp-image-8235\"\/><\/figure><\/div>\n\n\n<div style=\"height:33px\" aria-hidden=\"true\" class=\"wp-block-spacer\"><\/div>\n\n\n\n<h2 class=\"wp-block-heading\">Elektromobilita, kter\u00e1 d\u00e1v\u00e1 smysl<\/h2>\n\n\n\n<div style=\"height:33px\" aria-hidden=\"true\" class=\"wp-block-spacer\"><\/div>\n\n\n\n<p class=\"has-medium-font-size\"><strong>Volvo EX60<\/strong> nen\u00ed jen dal\u0161\u00edm elektromobilem na trhu. Je odpov\u011bd\u00ed na prom\u011b\u0148uj\u00edc\u00ed se pot\u0159eby dne\u0161n\u00ed doby, kdy od technologi\u00ed o\u010dek\u00e1v\u00e1me nejen v\u00fdkon, ale i schopnost zjednodu\u0161it \u017eivot, sn\u00ed\u017eit stres a nab\u00eddnout v\u011bt\u0161\u00ed klid.<\/p>\n\n\n\n<p class=\"has-medium-font-size\">Pr\u00e1v\u011b v tom spo\u010d\u00edv\u00e1 jeho nejv\u011bt\u0161\u00ed s\u00edla. Neok\u00e1zale, ale d\u016fsledn\u011b redefinuje, co dnes znamen\u00e1 modern\u00ed automobil.<\/p>\n\n\n\n<div style=\"height:111px\" aria-hidden=\"true\" class=\"wp-block-spacer\"><\/div>\n\n\n\n<figure class=\"wp-block-gallery has-nested-images columns-2 is-cropped wp-block-gallery-5 is-layout-flex wp-block-gallery-is-layout-flex\">\n<figure class=\"wp-block-image size-large\"><img decoding=\"async\" data-id=\"8213\" src=\"https:\/\/vcentru.cz\/wp-content\/uploads\/2026\/03\/EdEpnSmg.jpeg\" alt=\"Volvo EX60 vstupuje na \u010desk\u00fd trh: Premi\u00e9ru si odbyl v pra\u017esk\u00e9 Galerii M\u00e1nes a m\u00ed\u0159\u00ed na roadshow nap\u0159\u00ed\u010d republikou\" class=\"wp-image-8213\"\/><\/figure>\n\n\n\n<figure class=\"wp-block-image size-large\"><img decoding=\"async\" data-id=\"8230\" src=\"https:\/\/vcentru.cz\/wp-content\/uploads\/2026\/03\/kAF-w-YQ.jpeg\" alt=\"Volvo EX60 vstupuje na \u010desk\u00fd trh: Premi\u00e9ru si odbyl v pra\u017esk\u00e9 Galerii M\u00e1nes a m\u00ed\u0159\u00ed na roadshow nap\u0159\u00ed\u010d republikou\" class=\"wp-image-8230\"\/><\/figure>\n\n\n\n<figure class=\"wp-block-image size-large\"><img decoding=\"async\" data-id=\"8223\" src=\"https:\/\/vcentru.cz\/wp-content\/uploads\/2026\/03\/SiPXAv2g.jpeg\" alt=\"Volvo EX60 vstupuje na \u010desk\u00fd trh: Premi\u00e9ru si odbyl v pra\u017esk\u00e9 Galerii M\u00e1nes a m\u00ed\u0159\u00ed na roadshow nap\u0159\u00ed\u010d republikou\" class=\"wp-image-8223\"\/><\/figure>\n\n\n\n<figure class=\"wp-block-image size-large\"><img decoding=\"async\" data-id=\"8232\" src=\"https:\/\/vcentru.cz\/wp-content\/uploads\/2026\/03\/Ru0UjGxA.jpeg\" alt=\"Volvo EX60 vstupuje na \u010desk\u00fd trh: Premi\u00e9ru si odbyl v pra\u017esk\u00e9 Galerii M\u00e1nes a m\u00ed\u0159\u00ed na roadshow nap\u0159\u00ed\u010d republikou\" class=\"wp-image-8232\"\/><\/figure>\n\n\n\n<figure class=\"wp-block-image size-large\"><img decoding=\"async\" data-id=\"8234\" src=\"https:\/\/vcentru.cz\/wp-content\/uploads\/2026\/03\/ONqtOuhQ.jpeg\" alt=\"Volvo EX60 vstupuje na \u010desk\u00fd trh: Premi\u00e9ru si odbyl v pra\u017esk\u00e9 Galerii M\u00e1nes a m\u00ed\u0159\u00ed na roadshow nap\u0159\u00ed\u010d republikou\" class=\"wp-image-8234\"\/><\/figure>\n\n\n\n<figure class=\"wp-block-image size-large\"><img decoding=\"async\" data-id=\"8231\" src=\"https:\/\/vcentru.cz\/wp-content\/uploads\/2026\/03\/C7_xo1hg.jpeg\" alt=\"Volvo EX60 vstupuje na \u010desk\u00fd trh: Premi\u00e9ru si odbyl v pra\u017esk\u00e9 Galerii M\u00e1nes a m\u00ed\u0159\u00ed na roadshow nap\u0159\u00ed\u010d republikou\" class=\"wp-image-8231\"\/><\/figure>\n\n\n\n<figure class=\"wp-block-image size-large\"><img decoding=\"async\" data-id=\"8224\" src=\"https:\/\/vcentru.cz\/wp-content\/uploads\/2026\/03\/07iJChsA.jpeg\" alt=\"Volvo EX60 vstupuje na \u010desk\u00fd trh: Premi\u00e9ru si odbyl v pra\u017esk\u00e9 Galerii M\u00e1nes a m\u00ed\u0159\u00ed na roadshow nap\u0159\u00ed\u010d republikou\" class=\"wp-image-8224\"\/><\/figure>\n\n\n\n<figure class=\"wp-block-image size-large\"><img decoding=\"async\" data-id=\"8235\" src=\"https:\/\/vcentru.cz\/wp-content\/uploads\/2026\/03\/7g5kod6w.jpeg\" alt=\"Volvo EX60 vstupuje na \u010desk\u00fd trh: Premi\u00e9ru si odbyl v pra\u017esk\u00e9 Galerii M\u00e1nes a m\u00ed\u0159\u00ed na roadshow nap\u0159\u00ed\u010d republikou\" class=\"wp-image-8235\"\/><\/figure>\n\n\n\n<figure class=\"wp-block-image size-large\"><img decoding=\"async\" data-id=\"8212\" src=\"https:\/\/vcentru.cz\/wp-content\/uploads\/2026\/03\/lu06XgTA.jpeg\" alt=\"Volvo EX60 vstupuje na \u010desk\u00fd trh: Premi\u00e9ru si odbyl v pra\u017esk\u00e9 Galerii M\u00e1nes a m\u00ed\u0159\u00ed na roadshow nap\u0159\u00ed\u010d republikou\" class=\"wp-image-8212\"\/><\/figure>\n\n\n\n<figure class=\"wp-block-image size-large\"><img decoding=\"async\" data-id=\"8218\" src=\"https:\/\/vcentru.cz\/wp-content\/uploads\/2026\/03\/nmNrkCig.jpeg\" alt=\"Volvo EX60 vstupuje na \u010desk\u00fd trh: Premi\u00e9ru si odbyl v pra\u017esk\u00e9 Galerii M\u00e1nes a m\u00ed\u0159\u00ed na roadshow nap\u0159\u00ed\u010d republikou\" class=\"wp-image-8218\"\/><\/figure>\n\n\n\n<figure class=\"wp-block-image size-large\"><img decoding=\"async\" data-id=\"8214\" src=\"https:\/\/vcentru.cz\/wp-content\/uploads\/2026\/03\/qdTmPCSg.jpeg\" alt=\"Volvo EX60 vstupuje na \u010desk\u00fd trh: Premi\u00e9ru si odbyl v pra\u017esk\u00e9 Galerii M\u00e1nes a m\u00ed\u0159\u00ed na roadshow nap\u0159\u00ed\u010d republikou\" class=\"wp-image-8214\"\/><\/figure>\n\n\n\n<figure class=\"wp-block-image size-large\"><img decoding=\"async\" data-id=\"8220\" src=\"https:\/\/vcentru.cz\/wp-content\/uploads\/2026\/03\/bGdYEhfw.jpeg\" alt=\"Volvo EX60 vstupuje na \u010desk\u00fd trh: Premi\u00e9ru si odbyl v pra\u017esk\u00e9 Galerii M\u00e1nes a m\u00ed\u0159\u00ed na roadshow nap\u0159\u00ed\u010d republikou\" class=\"wp-image-8220\"\/><\/figure>\n\n\n\n<figure class=\"wp-block-image size-large\"><img decoding=\"async\" data-id=\"8216\" src=\"https:\/\/vcentru.cz\/wp-content\/uploads\/2026\/03\/sPbFRscQ.jpeg\" alt=\"Volvo EX60 vstupuje na \u010desk\u00fd trh: Premi\u00e9ru si odbyl v pra\u017esk\u00e9 Galerii M\u00e1nes a m\u00ed\u0159\u00ed na roadshow nap\u0159\u00ed\u010d republikou\" class=\"wp-image-8216\"\/><\/figure>\n\n\n\n<figure class=\"wp-block-image size-large\"><img decoding=\"async\" data-id=\"8228\" src=\"https:\/\/vcentru.cz\/wp-content\/uploads\/2026\/03\/3bLfxZFw.jpeg\" alt=\"Volvo EX60 vstupuje na \u010desk\u00fd trh: Premi\u00e9ru si odbyl v pra\u017esk\u00e9 Galerii M\u00e1nes a m\u00ed\u0159\u00ed na roadshow nap\u0159\u00ed\u010d republikou\" class=\"wp-image-8228\"\/><\/figure>\n\n\n\n<figure class=\"wp-block-image size-large\"><img decoding=\"async\" data-id=\"8225\" src=\"https:\/\/vcentru.cz\/wp-content\/uploads\/2026\/03\/8qxhyeXg.jpeg\" alt=\"Volvo EX60 vstupuje na \u010desk\u00fd trh: Premi\u00e9ru si odbyl v pra\u017esk\u00e9 Galerii M\u00e1nes a m\u00ed\u0159\u00ed na roadshow nap\u0159\u00ed\u010d republikou\" class=\"wp-image-8225\"\/><\/figure>\n\n\n\n<figure class=\"wp-block-image size-large\"><img decoding=\"async\" data-id=\"8222\" src=\"https:\/\/vcentru.cz\/wp-content\/uploads\/2026\/03\/8A8Tn4eA.jpeg\" alt=\"Volvo EX60 vstupuje na \u010desk\u00fd trh: Premi\u00e9ru si odbyl v pra\u017esk\u00e9 Galerii M\u00e1nes a m\u00ed\u0159\u00ed na roadshow nap\u0159\u00ed\u010d republikou\" class=\"wp-image-8222\"\/><\/figure>\n\n\n\n<figure class=\"wp-block-image size-large\"><img decoding=\"async\" data-id=\"8215\" src=\"https:\/\/vcentru.cz\/wp-content\/uploads\/2026\/03\/f6W6HgYg.jpeg\" alt=\"Volvo EX60 vstupuje na \u010desk\u00fd trh: Premi\u00e9ru si odbyl v pra\u017esk\u00e9 Galerii M\u00e1nes a m\u00ed\u0159\u00ed na roadshow nap\u0159\u00ed\u010d republikou\" class=\"wp-image-8215\"\/><\/figure>\n\n\n\n<figure class=\"wp-block-image size-large\"><img decoding=\"async\" data-id=\"8219\" src=\"https:\/\/vcentru.cz\/wp-content\/uploads\/2026\/03\/S3pDEmFQ.jpeg\" alt=\"Volvo EX60 vstupuje na \u010desk\u00fd trh: Premi\u00e9ru si odbyl v pra\u017esk\u00e9 Galerii M\u00e1nes a m\u00ed\u0159\u00ed na roadshow nap\u0159\u00ed\u010d republikou\" class=\"wp-image-8219\"\/><\/figure>\n\n\n\n<figure class=\"wp-block-image size-large\"><img decoding=\"async\" data-id=\"8227\" src=\"https:\/\/vcentru.cz\/wp-content\/uploads\/2026\/03\/el5GtPJg.jpeg\" alt=\"Volvo EX60 vstupuje na \u010desk\u00fd trh: Premi\u00e9ru si odbyl v pra\u017esk\u00e9 Galerii M\u00e1nes a m\u00ed\u0159\u00ed na roadshow nap\u0159\u00ed\u010d republikou\" class=\"wp-image-8227\"\/><\/figure>\n\n\n\n<figure class=\"wp-block-image size-large\"><img decoding=\"async\" data-id=\"8229\" src=\"https:\/\/vcentru.cz\/wp-content\/uploads\/2026\/03\/IU7El3qQ.jpeg\" alt=\"Volvo EX60 vstupuje na \u010desk\u00fd trh: Premi\u00e9ru si odbyl v pra\u017esk\u00e9 Galerii M\u00e1nes a m\u00ed\u0159\u00ed na roadshow nap\u0159\u00ed\u010d republikou\" class=\"wp-image-8229\"\/><\/figure>\n\n\n\n<figure class=\"wp-block-image size-large\"><img decoding=\"async\" data-id=\"8217\" src=\"https:\/\/vcentru.cz\/wp-content\/uploads\/2026\/03\/AE0Akxig.jpeg\" alt=\"Volvo EX60 vstupuje na \u010desk\u00fd trh: Premi\u00e9ru si odbyl v pra\u017esk\u00e9 Galerii M\u00e1nes a m\u00ed\u0159\u00ed na roadshow nap\u0159\u00ed\u010d republikou\" class=\"wp-image-8217\"\/><\/figure>\n\n\n\n<figure class=\"wp-block-image size-large\"><img decoding=\"async\" data-id=\"8226\" src=\"https:\/\/vcentru.cz\/wp-content\/uploads\/2026\/03\/ZMZj_7Bw.jpeg\" alt=\"Volvo EX60 vstupuje na \u010desk\u00fd trh: Premi\u00e9ru si odbyl v pra\u017esk\u00e9 Galerii M\u00e1nes a m\u00ed\u0159\u00ed na roadshow nap\u0159\u00ed\u010d republikou\" class=\"wp-image-8226\"\/><\/figure>\n\n\n\n<figure class=\"wp-block-image size-large\"><img decoding=\"async\" data-id=\"8221\" src=\"https:\/\/vcentru.cz\/wp-content\/uploads\/2026\/03\/yqthLGKQ.jpeg\" alt=\"Volvo EX60 vstupuje na \u010desk\u00fd trh: Premi\u00e9ru si odbyl v pra\u017esk\u00e9 Galerii M\u00e1nes a m\u00ed\u0159\u00ed na roadshow nap\u0159\u00ed\u010d republikou\" class=\"wp-image-8221\"\/><\/figure>\n\n\n\n<figure class=\"wp-block-image size-large\"><img decoding=\"async\" data-id=\"8236\" src=\"https:\/\/vcentru.cz\/wp-content\/uploads\/2026\/03\/fAf6kRpg.jpeg\" alt=\"Volvo EX60 vstupuje na \u010desk\u00fd trh: Premi\u00e9ru si odbyl v pra\u017esk\u00e9 Galerii M\u00e1nes a m\u00ed\u0159\u00ed na roadshow nap\u0159\u00ed\u010d republikou\" class=\"wp-image-8236\"\/><\/figure>\n\n\n\n<figure class=\"wp-block-image size-large\"><img decoding=\"async\" data-id=\"8233\" src=\"https:\/\/vcentru.cz\/wp-content\/uploads\/2026\/03\/QdN2OYSA.jpeg\" alt=\"Volvo EX60 vstupuje na \u010desk\u00fd trh: Premi\u00e9ru si odbyl v pra\u017esk\u00e9 Galerii M\u00e1nes a m\u00ed\u0159\u00ed na roadshow nap\u0159\u00ed\u010d republikou\" class=\"wp-image-8233\"\/><\/figure>\n<\/figure>\n\n\n\n<div style=\"height:45px\" aria-hidden=\"true\" class=\"wp-block-spacer\"><\/div>\n\n\n\n<p class=\"has-medium-font-size\"><strong>Zdroj foto: <\/strong>VOLVO<\/p>\n\n\n\n<div style=\"height:100px\" aria-hidden=\"true\" class=\"wp-block-spacer\"><\/div>\n","protected":false},"excerpt":{"rendered":"<p>Nov\u00e1 kapitola elektromobility za\u010d\u00edn\u00e1 pr\u00e1v\u011b te\u010f. Zna\u010dka Volvo uv\u00e1d\u00ed na \u010desk\u00fd trh model Volvo EX60, kter\u00fd m\u00e1 ambici z\u00e1sadn\u011b prom\u011bnit pohled na elektrick\u00e1 SUV. Po slavnostn\u00ed premi\u00e9\u0159e v Pra\u017esk\u00e9 Metropoli v ikonick\u00e9 Galerie M\u00e1nes se novinka vyd\u00e1v\u00e1 na celorepublikovou roadshow, aby se s n\u00ed mohli sezn\u00e1mit z\u00e1kazn\u00edci nap\u0159\u00ed\u010d \u010ceskem. Elektromobil bez kompromis\u016f: Dojezd, rychlost i [&hellip;]<\/p>\n","protected":false},"author":1,"featured_media":7932,"comment_status":"closed","ping_status":"closed","sticky":true,"template":"","format":"standard","meta":{"_mi_skip_tracking":false,"_monsterinsights_sitenote_active":false,"_monsterinsights_sitenote_note":"","_monsterinsights_sitenote_category":0,"footnotes":""},"categories":[8,15,2,13],"tags":[269,268,130,272],"yoast_head":"<!-- This site is optimized with the Yoast SEO plugin v21.4 - https:\/\/yoast.com\/wordpress\/plugins\/seo\/ -->\n<title>Volvo EX60 vstupuje na \u010desk\u00fd trh - LUXURYMAGAZINE.cz<\/title>\n<meta name=\"description\" content=\"Zna\u010dka Volvo uv\u00e1d\u00ed na \u010desk\u00fd trh model Volvo EX60, kter\u00fd m\u00e1 ambici z\u00e1sadn\u011b prom\u011bnit pohled na elektrick\u00e1 SUV.\" \/>\n<meta name=\"robots\" content=\"index, follow, max-snippet:-1, max-image-preview:large, max-video-preview:-1\" \/>\n<link rel=\"canonical\" href=\"https:\/\/luxurymagazine.cz\/index.php\/2026\/03\/18\/volvo-ex60-vstupuje-na-cesky-trh\/\" \/>\n<meta property=\"og:locale\" content=\"cs_CZ\" \/>\n<meta property=\"og:type\" content=\"article\" \/>\n<meta property=\"og:title\" content=\"Volvo EX60 vstupuje na \u010desk\u00fd trh - LUXURYMAGAZINE.cz\" \/>\n<meta property=\"og:description\" content=\"Zna\u010dka Volvo uv\u00e1d\u00ed na \u010desk\u00fd trh model Volvo EX60, kter\u00fd m\u00e1 ambici z\u00e1sadn\u011b prom\u011bnit pohled na elektrick\u00e1 SUV.\" \/>\n<meta property=\"og:url\" content=\"https:\/\/luxurymagazine.cz\/index.php\/2026\/03\/18\/volvo-ex60-vstupuje-na-cesky-trh\/\" \/>\n<meta property=\"og:site_name\" content=\"LUXURYMAGAZINE.cz\" \/>\n<meta property=\"article:published_time\" content=\"2026-03-17T23:01:00+00:00\" \/>\n<meta property=\"article:modified_time\" content=\"2026-03-17T23:20:50+00:00\" \/>\n<meta property=\"og:image\" content=\"https:\/\/luxurymagazine.cz\/wp-content\/uploads\/2026\/03\/ONqtOuhQ.jpeg\" \/>\n\t<meta property=\"og:image:width\" content=\"800\" \/>\n\t<meta property=\"og:image:height\" content=\"533\" \/>\n\t<meta property=\"og:image:type\" content=\"image\/jpeg\" \/>\n<meta name=\"author\" content=\"Mikol\u00e1\u0161ek (\u0161\u00e9fredaktor HMG)\" \/>\n<meta name=\"twitter:card\" content=\"summary_large_image\" \/>\n<meta name=\"twitter:label1\" content=\"Napsal(a)\" \/>\n\t<meta name=\"twitter:data1\" content=\"Mikol\u00e1\u0161ek (\u0161\u00e9fredaktor HMG)\" \/>\n\t<meta name=\"twitter:label2\" content=\"Odhadovan\u00e1 doba \u010dten\u00ed\" \/>\n\t<meta name=\"twitter:data2\" content=\"11 minut\" \/>\n<script type=\"application\/ld+json\" class=\"yoast-schema-graph\">{\"@context\":\"https:\/\/schema.org\",\"@graph\":[{\"@type\":\"Article\",\"@id\":\"https:\/\/luxurymagazine.cz\/index.php\/2026\/03\/18\/volvo-ex60-vstupuje-na-cesky-trh\/#article\",\"isPartOf\":{\"@id\":\"https:\/\/luxurymagazine.cz\/index.php\/2026\/03\/18\/volvo-ex60-vstupuje-na-cesky-trh\/\"},\"author\":{\"name\":\"Mikol\u00e1\u0161ek (\u0161\u00e9fredaktor HMG)\",\"@id\":\"https:\/\/luxurymagazine.cz\/#\/schema\/person\/900281a2a290470de69f4ca1ff899a92\"},\"headline\":\"Volvo EX60 vstupuje na \u010desk\u00fd trh\",\"datePublished\":\"2026-03-17T23:01:00+00:00\",\"dateModified\":\"2026-03-17T23:20:50+00:00\",\"mainEntityOfPage\":{\"@id\":\"https:\/\/luxurymagazine.cz\/index.php\/2026\/03\/18\/volvo-ex60-vstupuje-na-cesky-trh\/\"},\"wordCount\":926,\"publisher\":{\"@id\":\"https:\/\/luxurymagazine.cz\/#organization\"},\"keywords\":[\"AUTO magazine\",\"AUTOmagazine\",\"Pra\u017esk\u00e1 Metropole\",\"VCENTRU.cz\"],\"articleSection\":[\"AUTO &amp; MOTO &amp; LOD\u011a\",\"BUSINESS\",\"NEWS\",\"TIPY &amp; TRENDY\"],\"inLanguage\":\"cs\"},{\"@type\":\"WebPage\",\"@id\":\"https:\/\/luxurymagazine.cz\/index.php\/2026\/03\/18\/volvo-ex60-vstupuje-na-cesky-trh\/\",\"url\":\"https:\/\/luxurymagazine.cz\/index.php\/2026\/03\/18\/volvo-ex60-vstupuje-na-cesky-trh\/\",\"name\":\"Volvo EX60 vstupuje na \u010desk\u00fd trh - LUXURYMAGAZINE.cz\",\"isPartOf\":{\"@id\":\"https:\/\/luxurymagazine.cz\/#website\"},\"datePublished\":\"2026-03-17T23:01:00+00:00\",\"dateModified\":\"2026-03-17T23:20:50+00:00\",\"description\":\"Zna\u010dka Volvo uv\u00e1d\u00ed na \u010desk\u00fd trh model Volvo EX60, kter\u00fd m\u00e1 ambici z\u00e1sadn\u011b prom\u011bnit pohled na elektrick\u00e1 SUV.\",\"breadcrumb\":{\"@id\":\"https:\/\/luxurymagazine.cz\/index.php\/2026\/03\/18\/volvo-ex60-vstupuje-na-cesky-trh\/#breadcrumb\"},\"inLanguage\":\"cs\",\"potentialAction\":[{\"@type\":\"ReadAction\",\"target\":[\"https:\/\/luxurymagazine.cz\/index.php\/2026\/03\/18\/volvo-ex60-vstupuje-na-cesky-trh\/\"]}]},{\"@type\":\"BreadcrumbList\",\"@id\":\"https:\/\/luxurymagazine.cz\/index.php\/2026\/03\/18\/volvo-ex60-vstupuje-na-cesky-trh\/#breadcrumb\",\"itemListElement\":[{\"@type\":\"ListItem\",\"position\":1,\"name\":\"Dom\u016f\",\"item\":\"https:\/\/luxurymagazine.cz\/\"},{\"@type\":\"ListItem\",\"position\":2,\"name\":\"Volvo EX60 vstupuje na \u010desk\u00fd trh\"}]},{\"@type\":\"WebSite\",\"@id\":\"https:\/\/luxurymagazine.cz\/#website\",\"url\":\"https:\/\/luxurymagazine.cz\/\",\"name\":\"LUXURYMAGAZINE.cz\",\"description\":\"Port\u00e1l v\u00fdhradn\u011b o luxusu...\",\"publisher\":{\"@id\":\"https:\/\/luxurymagazine.cz\/#organization\"},\"potentialAction\":[{\"@type\":\"SearchAction\",\"target\":{\"@type\":\"EntryPoint\",\"urlTemplate\":\"https:\/\/luxurymagazine.cz\/?s={search_term_string}\"},\"query-input\":\"required name=search_term_string\"}],\"inLanguage\":\"cs\"},{\"@type\":\"Organization\",\"@id\":\"https:\/\/luxurymagazine.cz\/#organization\",\"name\":\"LUXURYMAGAZINE.cz\",\"url\":\"https:\/\/luxurymagazine.cz\/\",\"logo\":{\"@type\":\"ImageObject\",\"inLanguage\":\"cs\",\"@id\":\"https:\/\/luxurymagazine.cz\/#\/schema\/logo\/image\/\",\"url\":\"https:\/\/luxurymagazine.cz\/wp-content\/uploads\/2024\/12\/cropped-Logo_LuxuryMagazine-1.jpg\",\"contentUrl\":\"https:\/\/luxurymagazine.cz\/wp-content\/uploads\/2024\/12\/cropped-Logo_LuxuryMagazine-1.jpg\",\"width\":934,\"height\":509,\"caption\":\"LUXURYMAGAZINE.cz\"},\"image\":{\"@id\":\"https:\/\/luxurymagazine.cz\/#\/schema\/logo\/image\/\"}},{\"@type\":\"Person\",\"@id\":\"https:\/\/luxurymagazine.cz\/#\/schema\/person\/900281a2a290470de69f4ca1ff899a92\",\"name\":\"Mikol\u00e1\u0161ek (\u0161\u00e9fredaktor HMG)\",\"image\":{\"@type\":\"ImageObject\",\"inLanguage\":\"cs\",\"@id\":\"https:\/\/luxurymagazine.cz\/#\/schema\/person\/image\/\",\"url\":\"https:\/\/secure.gravatar.com\/avatar\/1c8a35f186d8baabb0513b2bdd8e53cd?s=96&d=mm&r=g\",\"contentUrl\":\"https:\/\/secure.gravatar.com\/avatar\/1c8a35f186d8baabb0513b2bdd8e53cd?s=96&d=mm&r=g\",\"caption\":\"Mikol\u00e1\u0161ek (\u0161\u00e9fredaktor HMG)\"},\"url\":\"https:\/\/luxurymagazine.cz\/index.php\/author\/ivomik\/\"}]}<\/script>\n<!-- \/ Yoast SEO plugin. -->","yoast_head_json":{"title":"Volvo EX60 vstupuje na \u010desk\u00fd trh - LUXURYMAGAZINE.cz","description":"Zna\u010dka Volvo uv\u00e1d\u00ed na \u010desk\u00fd trh model Volvo EX60, kter\u00fd m\u00e1 ambici z\u00e1sadn\u011b prom\u011bnit pohled na elektrick\u00e1 SUV.","robots":{"index":"index","follow":"follow","max-snippet":"max-snippet:-1","max-image-preview":"max-image-preview:large","max-video-preview":"max-video-preview:-1"},"canonical":"https:\/\/luxurymagazine.cz\/index.php\/2026\/03\/18\/volvo-ex60-vstupuje-na-cesky-trh\/","og_locale":"cs_CZ","og_type":"article","og_title":"Volvo EX60 vstupuje na \u010desk\u00fd trh - LUXURYMAGAZINE.cz","og_description":"Zna\u010dka Volvo uv\u00e1d\u00ed na \u010desk\u00fd trh model Volvo EX60, kter\u00fd m\u00e1 ambici z\u00e1sadn\u011b prom\u011bnit pohled na elektrick\u00e1 SUV.","og_url":"https:\/\/luxurymagazine.cz\/index.php\/2026\/03\/18\/volvo-ex60-vstupuje-na-cesky-trh\/","og_site_name":"LUXURYMAGAZINE.cz","article_published_time":"2026-03-17T23:01:00+00:00","article_modified_time":"2026-03-17T23:20:50+00:00","og_image":[{"width":800,"height":533,"url":"https:\/\/luxurymagazine.cz\/wp-content\/uploads\/2026\/03\/ONqtOuhQ.jpeg","type":"image\/jpeg"}],"author":"Mikol\u00e1\u0161ek (\u0161\u00e9fredaktor HMG)","twitter_card":"summary_large_image","twitter_misc":{"Napsal(a)":"Mikol\u00e1\u0161ek (\u0161\u00e9fredaktor HMG)","Odhadovan\u00e1 doba \u010dten\u00ed":"11 minut"},"schema":{"@context":"https:\/\/schema.org","@graph":[{"@type":"Article","@id":"https:\/\/luxurymagazine.cz\/index.php\/2026\/03\/18\/volvo-ex60-vstupuje-na-cesky-trh\/#article","isPartOf":{"@id":"https:\/\/luxurymagazine.cz\/index.php\/2026\/03\/18\/volvo-ex60-vstupuje-na-cesky-trh\/"},"author":{"name":"Mikol\u00e1\u0161ek (\u0161\u00e9fredaktor HMG)","@id":"https:\/\/luxurymagazine.cz\/#\/schema\/person\/900281a2a290470de69f4ca1ff899a92"},"headline":"Volvo EX60 vstupuje na \u010desk\u00fd trh","datePublished":"2026-03-17T23:01:00+00:00","dateModified":"2026-03-17T23:20:50+00:00","mainEntityOfPage":{"@id":"https:\/\/luxurymagazine.cz\/index.php\/2026\/03\/18\/volvo-ex60-vstupuje-na-cesky-trh\/"},"wordCount":926,"publisher":{"@id":"https:\/\/luxurymagazine.cz\/#organization"},"keywords":["AUTO magazine","AUTOmagazine","Pra\u017esk\u00e1 Metropole","VCENTRU.cz"],"articleSection":["AUTO &amp; MOTO &amp; LOD\u011a","BUSINESS","NEWS","TIPY &amp; TRENDY"],"inLanguage":"cs"},{"@type":"WebPage","@id":"https:\/\/luxurymagazine.cz\/index.php\/2026\/03\/18\/volvo-ex60-vstupuje-na-cesky-trh\/","url":"https:\/\/luxurymagazine.cz\/index.php\/2026\/03\/18\/volvo-ex60-vstupuje-na-cesky-trh\/","name":"Volvo EX60 vstupuje na \u010desk\u00fd trh - LUXURYMAGAZINE.cz","isPartOf":{"@id":"https:\/\/luxurymagazine.cz\/#website"},"datePublished":"2026-03-17T23:01:00+00:00","dateModified":"2026-03-17T23:20:50+00:00","description":"Zna\u010dka Volvo uv\u00e1d\u00ed na \u010desk\u00fd trh model Volvo EX60, kter\u00fd m\u00e1 ambici z\u00e1sadn\u011b prom\u011bnit pohled na elektrick\u00e1 SUV.","breadcrumb":{"@id":"https:\/\/luxurymagazine.cz\/index.php\/2026\/03\/18\/volvo-ex60-vstupuje-na-cesky-trh\/#breadcrumb"},"inLanguage":"cs","potentialAction":[{"@type":"ReadAction","target":["https:\/\/luxurymagazine.cz\/index.php\/2026\/03\/18\/volvo-ex60-vstupuje-na-cesky-trh\/"]}]},{"@type":"BreadcrumbList","@id":"https:\/\/luxurymagazine.cz\/index.php\/2026\/03\/18\/volvo-ex60-vstupuje-na-cesky-trh\/#breadcrumb","itemListElement":[{"@type":"ListItem","position":1,"name":"Dom\u016f","item":"https:\/\/luxurymagazine.cz\/"},{"@type":"ListItem","position":2,"name":"Volvo EX60 vstupuje na \u010desk\u00fd trh"}]},{"@type":"WebSite","@id":"https:\/\/luxurymagazine.cz\/#website","url":"https:\/\/luxurymagazine.cz\/","name":"LUXURYMAGAZINE.cz","description":"Port\u00e1l v\u00fdhradn\u011b o luxusu...","publisher":{"@id":"https:\/\/luxurymagazine.cz\/#organization"},"potentialAction":[{"@type":"SearchAction","target":{"@type":"EntryPoint","urlTemplate":"https:\/\/luxurymagazine.cz\/?s={search_term_string}"},"query-input":"required name=search_term_string"}],"inLanguage":"cs"},{"@type":"Organization","@id":"https:\/\/luxurymagazine.cz\/#organization","name":"LUXURYMAGAZINE.cz","url":"https:\/\/luxurymagazine.cz\/","logo":{"@type":"ImageObject","inLanguage":"cs","@id":"https:\/\/luxurymagazine.cz\/#\/schema\/logo\/image\/","url":"https:\/\/luxurymagazine.cz\/wp-content\/uploads\/2024\/12\/cropped-Logo_LuxuryMagazine-1.jpg","contentUrl":"https:\/\/luxurymagazine.cz\/wp-content\/uploads\/2024\/12\/cropped-Logo_LuxuryMagazine-1.jpg","width":934,"height":509,"caption":"LUXURYMAGAZINE.cz"},"image":{"@id":"https:\/\/luxurymagazine.cz\/#\/schema\/logo\/image\/"}},{"@type":"Person","@id":"https:\/\/luxurymagazine.cz\/#\/schema\/person\/900281a2a290470de69f4ca1ff899a92","name":"Mikol\u00e1\u0161ek (\u0161\u00e9fredaktor HMG)","image":{"@type":"ImageObject","inLanguage":"cs","@id":"https:\/\/luxurymagazine.cz\/#\/schema\/person\/image\/","url":"https:\/\/secure.gravatar.com\/avatar\/1c8a35f186d8baabb0513b2bdd8e53cd?s=96&d=mm&r=g","contentUrl":"https:\/\/secure.gravatar.com\/avatar\/1c8a35f186d8baabb0513b2bdd8e53cd?s=96&d=mm&r=g","caption":"Mikol\u00e1\u0161ek (\u0161\u00e9fredaktor HMG)"},"url":"https:\/\/luxurymagazine.cz\/index.php\/author\/ivomik\/"}]}},"_links":{"self":[{"href":"https:\/\/luxurymagazine.cz\/index.php\/wp-json\/wp\/v2\/posts\/7931"}],"collection":[{"href":"https:\/\/luxurymagazine.cz\/index.php\/wp-json\/wp\/v2\/posts"}],"about":[{"href":"https:\/\/luxurymagazine.cz\/index.php\/wp-json\/wp\/v2\/types\/post"}],"author":[{"embeddable":true,"href":"https:\/\/luxurymagazine.cz\/index.php\/wp-json\/wp\/v2\/users\/1"}],"replies":[{"embeddable":true,"href":"https:\/\/luxurymagazine.cz\/index.php\/wp-json\/wp\/v2\/comments?post=7931"}],"version-history":[{"count":-4,"href":"https:\/\/luxurymagazine.cz\/index.php\/wp-json\/wp\/v2\/posts\/7931\/revisions"}],"wp:featuredmedia":[{"embeddable":true,"href":"https:\/\/luxurymagazine.cz\/index.php\/wp-json\/wp\/v2\/media\/7932"}],"wp:attachment":[{"href":"https:\/\/luxurymagazine.cz\/index.php\/wp-json\/wp\/v2\/media?parent=7931"}],"wp:term":[{"taxonomy":"category","embeddable":true,"href":"https:\/\/luxurymagazine.cz\/index.php\/wp-json\/wp\/v2\/categories?post=7931"},{"taxonomy":"post_tag","embeddable":true,"href":"https:\/\/luxurymagazine.cz\/index.php\/wp-json\/wp\/v2\/tags?post=7931"}],"curies":[{"name":"wp","href":"https:\/\/api.w.org\/{rel}","templated":true}]}}