{"id":8091,"date":"2026-05-02T01:08:57","date_gmt":"2026-05-01T23:08:57","guid":{"rendered":"https:\/\/luxurymagazine.cz\/?p=8091"},"modified":"2026-05-02T01:08:58","modified_gmt":"2026-05-01T23:08:58","slug":"zavod-miru-junioru-2026-ctyri-dny-a-400-kilometru-v-sedle","status":"publish","type":"post","link":"https:\/\/luxurymagazine.cz\/index.php\/2026\/05\/02\/zavod-miru-junioru-2026-ctyri-dny-a-400-kilometru-v-sedle\/","title":{"rendered":"Z\u00e1vod m\u00edru junior\u016f 2026: \u010cty\u0159i dny a 400 kilometr\u016f v sedle"},"content":{"rendered":"\n<div style=\"height:42px\" aria-hidden=\"true\" class=\"wp-block-spacer\"><\/div>\n\n\n\n<p class=\"has-medium-font-size\">Do startu <strong>54. ro\u010dn\u00edku mezin\u00e1rodn\u00edho cyklistick\u00e9ho etapov\u00e9ho Z\u00e1vodu m\u00edru junior\u016f (7.\u201310. kv\u011btna)<\/strong> p\u00e1r dn\u016f. Presti\u017en\u00ed podnik, kter\u00fd je i letos pevnou sou\u010d\u00e1st\u00ed seri\u00e1lu <strong>UCI Men Junior Nations&#8216; Cup<\/strong>, p\u0159iv\u00edt\u00e1 nejlep\u0161\u00ed mlad\u00e9 cyklisty sv\u011bta. Na peloton \u010dek\u00e1 b\u011bhem \u010dty\u0159 dn\u016f <strong>p\u011bt n\u00e1ro\u010dn\u00fdch etap o celkov\u00e9 d\u00e9lce 397,3 kilometru<\/strong> na silnic\u00edch \u00dasteck\u00e9ho kraje a v sousedn\u00edm Sasku.<\/p>\n\n\n\n<div style=\"height:42px\" aria-hidden=\"true\" class=\"wp-block-spacer\"><\/div>\n\n\n<div class=\"wp-block-image\">\n<figure class=\"aligncenter size-large\"><img decoding=\"async\" src=\"https:\/\/vcentru.cz\/wp-content\/uploads\/2026\/05\/438146447_970961525029394_3003423525747429955_n-1024x684.jpg\" alt=\"Z\u00e1vod m\u00edru junior\u016f 2026: \u010cty\u0159i dny, dv\u011b zem\u011b a 400 kilometr\u016f v sedle\" class=\"wp-image-9481\"\/><\/figure><\/div>\n\n\n<div style=\"height:42px\" aria-hidden=\"true\" class=\"wp-block-spacer\"><\/div>\n\n\n\n<p class=\"has-medium-font-size\">\u201eLeto\u0161n\u00ed ro\u010dn\u00edk je pro n\u00e1s v\u00fdznamn\u00fd pos\u00edlen\u00edm partnersk\u00e9 struktury. Jako gener\u00e1ln\u00ed partner do z\u00e1vodu vstoupila spole\u010dnost MND. Velmi si v\u00e1\u017e\u00edme tak\u00e9 spolupr\u00e1ce s \u010ceskou cyklistickou akademi\u00ed a trval\u00e9, z\u00e1sadn\u00ed podpory \u010cesk\u00e9ho svazu cyklistiky. Zde mus\u00edm vyzdvihnout p\u0159\u00edmou pomoc prezidenta \u010cSC Mgr. Davida Pr\u016f\u0161i a viceprezidenta Ing. Roberta Kol\u00e1\u0159e,\u201c <strong>uvedl \u0159editel z\u00e1vodu Svatopluk Henke ml.<\/strong><\/p>\n\n\n\n<p class=\"has-medium-font-size\">Z\u00e1vod se tradi\u010dn\u011b kon\u00e1 pod z\u00e1\u0161titou hejtmana \u00dasteck\u00e9ho kraje Richarda Brabce a za podpory <strong>N\u00e1rodn\u00ed sportovn\u00ed agentury<\/strong>. \u201eV\u00fdznamn\u00e9 je pro n\u00e1s tak\u00e9 propojen\u00ed s akademickou sf\u00e9rou skrze spolupr\u00e1ci s FTVS Univerzity Karlovy,\u201c <strong>dopl\u0148uje Henke ml.<\/strong><\/p>\n\n\n\n<p class=\"has-medium-font-size\">Div\u00e1ci mohou z\u00e1vod sledovat p\u0159\u00edmo u trati i prost\u0159ednictv\u00edm p\u0159\u00edm\u00fdch p\u0159enos\u016f. Ty pob\u011b\u017e\u00ed na <strong>\u010cT sport Plus<\/strong> a na <strong>YouTube kan\u00e1lu CK Slavoj Terez\u00edn<\/strong>, a to s \u010desk\u00fdm i anglick\u00fdm koment\u00e1\u0159em. Aktu\u00e1ln\u00ed informace budou k dispozici v re\u00e1ln\u00e9m \u010dase tak\u00e9 na soci\u00e1ln\u00edch s\u00edt\u00edch <strong>X, Facebook a Instagram<\/strong>.<\/p>\n\n\n\n<p class=\"has-medium-font-size\">\u201cPod\u011bkov\u00e1n\u00ed pat\u0159\u00ed krom\u011b \u00dasteck\u00e9ho kraje tak\u00e9 jednotliv\u00fdm m\u011bst\u016fm, Policii \u010cR a dot\u010den\u00fdm m\u011bstsk\u00fdm polici\u00edm. Bezpe\u010dnost jsme stav\u011bli v\u017edy na prvn\u00ed m\u00edsto.\u201d<\/p>\n\n\n\n<div style=\"height:42px\" aria-hidden=\"true\" class=\"wp-block-spacer\"><\/div>\n\n\n<div class=\"wp-block-image\">\n<figure class=\"aligncenter size-large\"><img decoding=\"async\" src=\"https:\/\/vcentru.cz\/wp-content\/uploads\/2026\/05\/5VAI0828-1024x682.jpg\" alt=\"Z\u00e1vod m\u00edru junior\u016f 2026: \u010cty\u0159i dny, dv\u011b zem\u011b a 400 kilometr\u016f v sedle\" class=\"wp-image-9475\"\/><\/figure><\/div>\n\n\n<div style=\"height:42px\" aria-hidden=\"true\" class=\"wp-block-spacer\"><\/div>\n\n\n\n<h2 class=\"wp-block-heading\">Program etap<\/h2>\n\n\n\n<div style=\"height:42px\" aria-hidden=\"true\" class=\"wp-block-spacer\"><\/div>\n\n\n\n<p class=\"has-medium-font-size\"><strong>1. etapa \u2013 7. kv\u011btna (Litom\u011b\u0159ice \u2013 \u00da\u0161t\u011bk)<\/strong><br>Prvn\u00ed etapa odstartuje v 14:40 v are\u00e1lu Zahrady \u010cech v Litom\u011b\u0159ic\u00edch. Na z\u00e1vodn\u00edky \u010dek\u00e1 <strong>p\u011bt vrcha\u0159sk\u00fdch a dv\u011b rychlostn\u00ed pr\u00e9mie<\/strong>. Z\u00e1v\u011br etapy se pojede na t\u0159ech okruz\u00edch v okol\u00ed \u00da\u0161t\u011bka, c\u00edl bude situov\u00e1n na M\u00edrov\u00e9 n\u00e1m\u011bst\u00ed po kr\u00e1tk\u00e9m, av\u0161ak prudk\u00e9m stoup\u00e1n\u00ed po kostk\u00e1ch.<\/p>\n\n\n\n<p class=\"has-medium-font-size\"><strong>2. etapa \u2013 8. kv\u011btna (T\u0159eb\u00edvlice \/ Roudnice nad Labem \u2013 Terez\u00edn)<\/strong><br>Dopoledne se uskute\u010dn\u00ed tradi\u010dn\u00ed \u010dasovka v T\u0159eb\u00edvlic\u00edch (start prvn\u00edho z\u00e1vodn\u00edka v 9:00, c\u00edl na n\u00e1dra\u017e\u00ed). Odpoledn\u00ed etapa odstartuje v 16:00 na Karlov\u011b n\u00e1m\u011bst\u00ed v Roudnici nad Labem, c\u00edl je pl\u00e1nov\u00e1n na M\u00edrov\u00e9m n\u00e1m\u011bst\u00ed v Terez\u00edn\u011b po 17. hodin\u011b. Na trati je p\u0159ipravena rychlostn\u00ed pr\u00e9mie v obci Chot\u011b\u0161ov.<\/p>\n\n\n\n<p class=\"has-medium-font-size\"><strong>3. etapa \u2013 9. kv\u011btna (Teplice \u2013 Olbernhau)<\/strong><br>T\u0159et\u00ed, kr\u00e1lovsk\u00e1 etapa odstartuje ve 14:00 na n\u00e1m\u011bst\u00ed Svobody v Teplic\u00edch. N\u00e1ro\u010dn\u00e1 trasa vedouc\u00ed po h\u0159ebenech Kru\u0161n\u00fdch hor d\u016fkladn\u011b prov\u011b\u0159\u00ed cel\u00e9 startovn\u00ed pole. C\u00edlem bude po v\u00edce ne\u017e 110 kilometrech sask\u00e9 m\u011bsto Olbernhau.<\/p>\n\n\n\n<p class=\"has-medium-font-size\"><strong>4. etapa \u2013 10. kv\u011btna (Terez\u00edn \u2013 Terez\u00edn)<\/strong><br>Z\u00e1v\u011bre\u010dn\u00e1 etapa odstartuje v 9:00 na M\u00edrov\u00e9m n\u00e1m\u011bst\u00ed v Terez\u00edn\u011b. Peloton absolvuje kr\u00e1tk\u00fd okruh v okol\u00ed Terez\u00edna se dv\u011bma rychlostn\u00edmi pr\u00e9miemi, pot\u00e9 se p\u0159esune na okruhy v oblasti Chudoslavic, T\u0159ebu\u0161\u00edna, B\u00fd\u010dkovic a Ploskovic se \u010dty\u0159mi vrcha\u0159sk\u00fdmi pr\u00e9miemi. Z\u00e1vod vyvrchol\u00ed v Terez\u00edn\u011b slavnostn\u00edm vyhl\u00e1\u0161en\u00edm v\u00fdsledk\u016f.<\/p>\n\n\n\n<div style=\"height:42px\" aria-hidden=\"true\" class=\"wp-block-spacer\"><\/div>\n\n\n<div class=\"wp-block-image\">\n<figure class=\"aligncenter size-large\"><img decoding=\"async\" src=\"https:\/\/vcentru.cz\/wp-content\/uploads\/2026\/05\/7VAI5437-1024x682.jpg\" alt=\"Z\u00e1vod m\u00edru junior\u016f 2026: \u010cty\u0159i dny, dv\u011b zem\u011b a 400 kilometr\u016f v sedle\" class=\"wp-image-9479\"\/><\/figure><\/div>\n\n\n<div style=\"height:42px\" aria-hidden=\"true\" class=\"wp-block-spacer\"><\/div>\n\n\n\n<h2 class=\"wp-block-heading\">54. ro\u010dn\u00edk \u2013 Z\u00e1vod m\u00edru junior\u016f 2026: fakta a \u010d\u00edsla<\/h2>\n\n\n\n<div style=\"height:42px\" aria-hidden=\"true\" class=\"wp-block-spacer\"><\/div>\n\n\n\n<p class=\"has-medium-font-size\"><strong>Po\u0159adatel:<\/strong> Cyklistick\u00fd klub Slavoj Terez\u00edn<br><strong>Term\u00edn:<\/strong> 7.\u201310. 5. 2026<br><strong>\u0158editel z\u00e1vodu:<\/strong> Svatopluk Henke ml.<br><strong>Velitel trati:<\/strong> Jan Sedl\u00e1k<br><strong>Hlavn\u00ed rozhod\u010d\u00ed:<\/strong> Andreas Gensheimer<br><strong>Celkov\u00e1 d\u00e9lka:<\/strong> 397,3 km<br><strong>Rozpo\u010det:<\/strong> 3,5 mil. K\u010d<br><strong>Z\u00e1\u0161tita:<\/strong> hejtman \u00dasteck\u00e9ho kraje Richard Brabec<br><strong>\u010cestn\u00fd \u0159editel z\u00e1vodu:<\/strong> Zbyn\u011bk Dvo\u0159\u00e1k<br><strong>Gener\u00e1ln\u00ed partner:<\/strong> MND a.s.<\/p>\n\n\n\n<div style=\"height:42px\" aria-hidden=\"true\" class=\"wp-block-spacer\"><\/div>\n\n\n\n<p class=\"has-medium-font-size\"><strong>Hlavn\u00ed partne\u0159i:<\/strong> N\u00e1rodn\u00ed sportovn\u00ed agentura, \u00dasteck\u00fd kraj, A\u017dD, BITmarkets, Starmon, HHPS, VARS (\u010dlen skupiny VINCI), ChanGroup, Cross, JT Servis, FTRS, \u010cesk\u00fd svaz cyklistiky, Czech Cycling Academy<\/p>\n\n\n\n<p class=\"has-medium-font-size\"><strong>Partne\u0159i:<\/strong> Hyundai, Mondi, HET, Fakulta t\u011blesn\u00e9 v\u00fdchovy a sportu Univerzity Karlovy, Slaboch s.r.o., SafeCycling, Logistick\u00fd park Litom\u011b\u0159ice, AZ Ingredients, OKO69, Stavitelstv\u00ed Litom\u011b\u0159ice, Potraviny Kr\u00e1tk\u00fd, Sanilit, Iveco Bus, Opravy karbonu, RVS Chodov, bajka.cz<\/p>\n\n\n\n<p class=\"has-medium-font-size\"><strong>Medi\u00e1ln\u00ed partne\u0159i:<\/strong> \u010cT, \u010cT sport, \u010cesk\u00fd rozhlas Radio\u017eurn\u00e1l, \u010cesk\u00fd rozhlas Sever, Den\u00edk, Litom\u011b\u0159ick\u00fd den\u00edk, Region\u00e1ln\u00ed televize \u00dasteck\u00fd kraj, A11, Litom\u011b\u0159icko24, Nov\u00e1 ve\u010dern\u00ed Praha, HOUSE Media Group, Roadcycling.cz, Sport19<\/p>\n\n\n\n<p class=\"has-medium-font-size\"><strong>Podpora m\u011bst:<\/strong> Litom\u011b\u0159ice, \u00da\u0161t\u011bk, T\u0159eb\u00edvlice, Teplice, Duchcov, Dub\u00ed, Roudnice nad Labem, \u0160t\u011bt\u00ed, Olbernhau, Terez\u00edn<\/p>\n\n\n\n<div style=\"height:42px\" aria-hidden=\"true\" class=\"wp-block-spacer\"><\/div>\n\n\n<div class=\"wp-block-image\">\n<figure class=\"aligncenter size-large\"><img decoding=\"async\" src=\"https:\/\/vcentru.cz\/wp-content\/uploads\/2026\/05\/7VAI6393-1024x682.jpg\" alt=\"Z\u00e1vod m\u00edru junior\u016f 2026: \u010cty\u0159i dny, dv\u011b zem\u011b a 400 kilometr\u016f v sedle\" class=\"wp-image-9473\"\/><\/figure><\/div>\n\n\n<div style=\"height:42px\" aria-hidden=\"true\" class=\"wp-block-spacer\"><\/div>\n\n\n\n<h2 class=\"wp-block-heading\">Etapov\u00fd program<\/h2>\n\n\n\n<div style=\"height:42px\" aria-hidden=\"true\" class=\"wp-block-spacer\"><\/div>\n\n\n\n<p class=\"has-medium-font-size\"><strong>1. etapa \u2013 7. kv\u011btna<\/strong><br>Start: 14:40 Litom\u011b\u0159ice \/ C\u00edl: 17:20 \u00da\u0161t\u011bk<br>Typ: silni\u010dn\u00ed z\u00e1vod \/ D\u00e9lka: 110,2 km<\/p>\n\n\n\n<p class=\"has-medium-font-size\"><strong>2a. etapa \u2013 8. kv\u011btna<\/strong><br>Start: 9:00 T\u0159eb\u00edvlice \/ C\u00edl: 12:00 T\u0159eb\u00edvlice<br>Typ: \u010dasovka jednotlivc\u016f \/ D\u00e9lka: 8,8 km<\/p>\n\n\n\n<p class=\"has-medium-font-size\"><strong>2b. etapa \u2013 8. kv\u011btna<\/strong><br>Start: 16:00 Roudnice nad Labem \/ C\u00edl: 17:20 Terez\u00edn<br>Typ: silni\u010dn\u00ed z\u00e1vod \/ D\u00e9lka: 63,8 km<\/p>\n\n\n\n<p class=\"has-medium-font-size\"><strong>3. etapa \u2013 9. kv\u011btna<\/strong><br>Start: 14:00 Teplice \/ C\u00edl: 16:40 Olbernhau<br>Typ: silni\u010dn\u00ed z\u00e1vod \/ D\u00e9lka: 112,1 km<\/p>\n\n\n\n<p class=\"has-medium-font-size\"><strong>4. etapa \u2013 10. kv\u011btna<\/strong><br>Start: 9:00 Terez\u00edn \/ C\u00edl: 11:20 Terez\u00edn<br>Typ: silni\u010dn\u00ed z\u00e1vod \/ D\u00e9lka: 102,4 km<\/p>\n\n\n\n<p class=\"has-medium-font-size\"><strong>Celkov\u00e1 d\u00e9lka:<\/strong> 397,3 km<\/p>\n\n\n\n<div style=\"height:42px\" aria-hidden=\"true\" class=\"wp-block-spacer\"><\/div>\n\n\n<div class=\"wp-block-image\">\n<figure class=\"aligncenter size-large\"><img decoding=\"async\" src=\"https:\/\/vcentru.cz\/wp-content\/uploads\/2026\/05\/7VAI5411-1024x682.jpg\" alt=\"Z\u00e1vod m\u00edru junior\u016f 2026: \u010cty\u0159i dny, dv\u011b zem\u011b a 400 kilometr\u016f v sedle\" class=\"wp-image-9480\"\/><\/figure><\/div>\n\n\n<div style=\"height:42px\" aria-hidden=\"true\" class=\"wp-block-spacer\"><\/div>\n\n\n\n<h2 class=\"wp-block-heading\">Zahrani\u010dn\u00ed t\u00fdmy<\/h2>\n\n\n\n<div style=\"height:42px\" aria-hidden=\"true\" class=\"wp-block-spacer\"><\/div>\n\n\n\n<p class=\"has-medium-font-size\">Potvrzeno <strong>26 \u0161esti\u010dlenn\u00fdch t\u00fdm\u016f<\/strong>:<br>It\u00e1lie (ITA), Polsko (POL), N\u011bmecko (GER), D\u00e1nsko (DEN), Francie (FRA), Belgie (BEL), Norsko (NOR), Nizozemsko (NED), Spojen\u00e9 st\u00e1ty americk\u00e9 (USA), Rakousko (AUT), Estonsko (EST), Kanada (CAN), Loty\u0161sko (LAT), \u010cesk\u00e1 republika (CZE), Slovinsko (SLO), \u0160v\u00e9dsko (SWE), Irsko (IRL), Slovensko (SVK), Mexiko (MEX), Srbsko (SER), Portugalsko (POR), Ma\u010farsko (HUN), Sasko (TRS), RKCA (RKC), Dukla Praha (TDP), Lucembursko (LUX)<\/p>\n\n\n\n<div style=\"height:42px\" aria-hidden=\"true\" class=\"wp-block-spacer\"><\/div>\n\n\n\n<h2 class=\"wp-block-heading\">\u010cesk\u00e1 \u00fa\u010dast<\/h2>\n\n\n\n<div style=\"height:42px\" aria-hidden=\"true\" class=\"wp-block-spacer\"><\/div>\n\n\n\n<p class=\"has-medium-font-size\">Z\u00fa\u010dastn\u00ed se <strong>reprezentace \u010cesk\u00e9 republiky<\/strong>, d\u00e1le t\u00fdm <strong>Roman Kreuziger Cycling Academy<\/strong> a <strong>Dukla Praha<\/strong>. Reprezentaci \u010cR povede a nominaci ohl\u00e1s\u00ed tren\u00e9r reprezentace <strong>Ji\u0159\u00ed Petru\u0161<\/strong>.<\/p>\n\n\n\n<div style=\"height:121px\" aria-hidden=\"true\" class=\"wp-block-spacer\"><\/div>\n\n\n\n<figure class=\"wp-block-gallery has-nested-images columns-2 is-cropped wp-block-gallery-1 is-layout-flex wp-block-gallery-is-layout-flex\">\n<figure class=\"wp-block-image size-large\"><img decoding=\"async\" data-id=\"9480\" src=\"https:\/\/vcentru.cz\/wp-content\/uploads\/2026\/05\/7VAI5411-1024x682.jpg\" alt=\"Z\u00e1vod m\u00edru junior\u016f 2026: \u010cty\u0159i dny, dv\u011b zem\u011b a 400 kilometr\u016f v sedle\" class=\"wp-image-9480\"\/><\/figure>\n\n\n\n<figure class=\"wp-block-image size-large\"><img decoding=\"async\" data-id=\"9479\" src=\"https:\/\/vcentru.cz\/wp-content\/uploads\/2026\/05\/7VAI5437-1024x682.jpg\" alt=\"Z\u00e1vod m\u00edru junior\u016f 2026: \u010cty\u0159i dny, dv\u011b zem\u011b a 400 kilometr\u016f v sedle\" class=\"wp-image-9479\"\/><\/figure>\n\n\n\n<figure class=\"wp-block-image size-large\"><img decoding=\"async\" data-id=\"9477\" src=\"https:\/\/vcentru.cz\/wp-content\/uploads\/2026\/05\/7VAI5502-1024x682.jpg\" alt=\"Z\u00e1vod m\u00edru junior\u016f 2026: \u010cty\u0159i dny, dv\u011b zem\u011b a 400 kilometr\u016f v sedle\" class=\"wp-image-9477\"\/><\/figure>\n\n\n\n<figure class=\"wp-block-image size-large\"><img decoding=\"async\" data-id=\"9478\" src=\"https:\/\/vcentru.cz\/wp-content\/uploads\/2026\/05\/438079260_970960968362783_7232641482002249891_n-1024x681.jpg\" alt=\"Z\u00e1vod m\u00edru junior\u016f 2026: \u010cty\u0159i dny, dv\u011b zem\u011b a 400 kilometr\u016f v sedle\" class=\"wp-image-9478\"\/><\/figure>\n\n\n\n<figure class=\"wp-block-image size-large\"><img decoding=\"async\" data-id=\"9475\" src=\"https:\/\/vcentru.cz\/wp-content\/uploads\/2026\/05\/5VAI0828-1024x682.jpg\" alt=\"Z\u00e1vod m\u00edru junior\u016f 2026: \u010cty\u0159i dny, dv\u011b zem\u011b a 400 kilometr\u016f v sedle\" class=\"wp-image-9475\"\/><\/figure>\n\n\n\n<figure class=\"wp-block-image size-large\"><img decoding=\"async\" data-id=\"9473\" src=\"https:\/\/vcentru.cz\/wp-content\/uploads\/2026\/05\/7VAI6393-1024x682.jpg\" alt=\"Z\u00e1vod m\u00edru junior\u016f 2026: \u010cty\u0159i dny, dv\u011b zem\u011b a 400 kilometr\u016f v sedle\" class=\"wp-image-9473\"\/><\/figure>\n\n\n\n<figure class=\"wp-block-image size-large\"><img decoding=\"async\" data-id=\"9481\" src=\"https:\/\/vcentru.cz\/wp-content\/uploads\/2026\/05\/438146447_970961525029394_3003423525747429955_n-1024x684.jpg\" alt=\"Z\u00e1vod m\u00edru junior\u016f 2026: \u010cty\u0159i dny, dv\u011b zem\u011b a 400 kilometr\u016f v sedle\" class=\"wp-image-9481\"\/><\/figure>\n\n\n\n<figure class=\"wp-block-image size-large\"><img decoding=\"async\" data-id=\"9474\" src=\"https:\/\/vcentru.cz\/wp-content\/uploads\/2026\/05\/DSC09920-1024x576.jpg\" alt=\"Z\u00e1vod m\u00edru junior\u016f 2026: \u010cty\u0159i dny, dv\u011b zem\u011b a 400 kilometr\u016f v sedle\" class=\"wp-image-9474\"\/><\/figure>\n\n\n\n<figure class=\"wp-block-image size-large\"><img decoding=\"async\" data-id=\"9476\" src=\"https:\/\/vcentru.cz\/wp-content\/uploads\/2026\/05\/5VAI0797-1024x682.jpg\" alt=\"Z\u00e1vod m\u00edru junior\u016f 2026: \u010cty\u0159i dny, dv\u011b zem\u011b a 400 kilometr\u016f v sedle\" class=\"wp-image-9476\"\/><\/figure>\n<\/figure>\n\n\n\n<div style=\"height:30px\" aria-hidden=\"true\" class=\"wp-block-spacer\"><\/div>\n\n\n\n<p class=\"has-medium-font-size\"><strong>Zdroj foto:<\/strong> Z\u00e1vod m\u00edru junior\u016f<\/p>\n\n\n\n<div style=\"height:38px\" aria-hidden=\"true\" class=\"wp-block-spacer\"><\/div>\n","protected":false},"excerpt":{"rendered":"<p>Do startu 54. ro\u010dn\u00edku mezin\u00e1rodn\u00edho cyklistick\u00e9ho etapov\u00e9ho Z\u00e1vodu m\u00edru junior\u016f (7.\u201310. kv\u011btna) p\u00e1r dn\u016f. Presti\u017en\u00ed podnik, kter\u00fd je i letos pevnou sou\u010d\u00e1st\u00ed seri\u00e1lu UCI Men Junior Nations&#8216; Cup, p\u0159iv\u00edt\u00e1 nejlep\u0161\u00ed mlad\u00e9 cyklisty sv\u011bta. Na peloton \u010dek\u00e1 b\u011bhem \u010dty\u0159 dn\u016f p\u011bt n\u00e1ro\u010dn\u00fdch etap o celkov\u00e9 d\u00e9lce 397,3 kilometru na silnic\u00edch \u00dasteck\u00e9ho kraje a v sousedn\u00edm Sasku. [&hellip;]<\/p>\n","protected":false},"author":13,"featured_media":8092,"comment_status":"closed","ping_status":"closed","sticky":true,"template":"","format":"standard","meta":{"_mi_skip_tracking":false,"_monsterinsights_sitenote_active":false,"_monsterinsights_sitenote_note":"","_monsterinsights_sitenote_category":0,"footnotes":""},"categories":[2,12,13],"tags":[],"yoast_head":"<!-- This site is optimized with the Yoast SEO plugin v21.4 - https:\/\/yoast.com\/wordpress\/plugins\/seo\/ -->\n<title>Z\u00e1vod m\u00edru junior\u016f 2026: \u010cty\u0159i dny a 400 kilometr\u016f v sedle - LUXURYMAGAZINE.cz<\/title>\n<meta name=\"robots\" content=\"index, follow, max-snippet:-1, max-image-preview:large, max-video-preview:-1\" \/>\n<link rel=\"canonical\" href=\"https:\/\/luxurymagazine.cz\/index.php\/2026\/05\/02\/zavod-miru-junioru-2026-ctyri-dny-a-400-kilometru-v-sedle\/\" \/>\n<meta property=\"og:locale\" content=\"cs_CZ\" \/>\n<meta property=\"og:type\" content=\"article\" \/>\n<meta property=\"og:title\" content=\"Z\u00e1vod m\u00edru junior\u016f 2026: \u010cty\u0159i dny a 400 kilometr\u016f v sedle - LUXURYMAGAZINE.cz\" \/>\n<meta property=\"og:description\" content=\"Do startu 54. ro\u010dn\u00edku mezin\u00e1rodn\u00edho cyklistick\u00e9ho etapov\u00e9ho Z\u00e1vodu m\u00edru junior\u016f (7.\u201310. kv\u011btna) p\u00e1r dn\u016f. Presti\u017en\u00ed podnik, kter\u00fd je i letos pevnou sou\u010d\u00e1st\u00ed seri\u00e1lu UCI Men Junior Nations&#8216; Cup, p\u0159iv\u00edt\u00e1 nejlep\u0161\u00ed mlad\u00e9 cyklisty sv\u011bta. Na peloton \u010dek\u00e1 b\u011bhem \u010dty\u0159 dn\u016f p\u011bt n\u00e1ro\u010dn\u00fdch etap o celkov\u00e9 d\u00e9lce 397,3 kilometru na silnic\u00edch \u00dasteck\u00e9ho kraje a v sousedn\u00edm Sasku. [&hellip;]\" \/>\n<meta property=\"og:url\" content=\"https:\/\/luxurymagazine.cz\/index.php\/2026\/05\/02\/zavod-miru-junioru-2026-ctyri-dny-a-400-kilometru-v-sedle\/\" \/>\n<meta property=\"og:site_name\" content=\"LUXURYMAGAZINE.cz\" \/>\n<meta property=\"article:published_time\" content=\"2026-05-01T23:08:57+00:00\" \/>\n<meta property=\"article:modified_time\" content=\"2026-05-01T23:08:58+00:00\" \/>\n<meta property=\"og:image\" content=\"https:\/\/luxurymagazine.cz\/wp-content\/uploads\/2026\/05\/5VAI0797.jpg\" \/>\n\t<meta property=\"og:image:width\" content=\"1150\" \/>\n\t<meta property=\"og:image:height\" content=\"766\" \/>\n\t<meta property=\"og:image:type\" content=\"image\/jpeg\" \/>\n<meta name=\"author\" content=\"Jan \u0160m\u00edd\" \/>\n<meta name=\"twitter:card\" content=\"summary_large_image\" \/>\n<meta name=\"twitter:label1\" content=\"Napsal(a)\" \/>\n\t<meta name=\"twitter:data1\" content=\"Jan \u0160m\u00edd\" \/>\n\t<meta name=\"twitter:label2\" content=\"Odhadovan\u00e1 doba \u010dten\u00ed\" \/>\n\t<meta name=\"twitter:data2\" content=\"7 minut\" \/>\n<script type=\"application\/ld+json\" class=\"yoast-schema-graph\">{\"@context\":\"https:\/\/schema.org\",\"@graph\":[{\"@type\":\"Article\",\"@id\":\"https:\/\/luxurymagazine.cz\/index.php\/2026\/05\/02\/zavod-miru-junioru-2026-ctyri-dny-a-400-kilometru-v-sedle\/#article\",\"isPartOf\":{\"@id\":\"https:\/\/luxurymagazine.cz\/index.php\/2026\/05\/02\/zavod-miru-junioru-2026-ctyri-dny-a-400-kilometru-v-sedle\/\"},\"author\":{\"name\":\"Jan \u0160m\u00edd\",\"@id\":\"https:\/\/luxurymagazine.cz\/#\/schema\/person\/4efc24678f56bceeadeb96d77c019c04\"},\"headline\":\"Z\u00e1vod m\u00edru junior\u016f 2026: \u010cty\u0159i dny a 400 kilometr\u016f v sedle\",\"datePublished\":\"2026-05-01T23:08:57+00:00\",\"dateModified\":\"2026-05-01T23:08:58+00:00\",\"mainEntityOfPage\":{\"@id\":\"https:\/\/luxurymagazine.cz\/index.php\/2026\/05\/02\/zavod-miru-junioru-2026-ctyri-dny-a-400-kilometru-v-sedle\/\"},\"wordCount\":989,\"publisher\":{\"@id\":\"https:\/\/luxurymagazine.cz\/#organization\"},\"articleSection\":[\"NEWS\",\"RELAX &amp; SPORT\",\"TIPY &amp; TRENDY\"],\"inLanguage\":\"cs\"},{\"@type\":\"WebPage\",\"@id\":\"https:\/\/luxurymagazine.cz\/index.php\/2026\/05\/02\/zavod-miru-junioru-2026-ctyri-dny-a-400-kilometru-v-sedle\/\",\"url\":\"https:\/\/luxurymagazine.cz\/index.php\/2026\/05\/02\/zavod-miru-junioru-2026-ctyri-dny-a-400-kilometru-v-sedle\/\",\"name\":\"Z\u00e1vod m\u00edru junior\u016f 2026: \u010cty\u0159i dny a 400 kilometr\u016f v sedle - LUXURYMAGAZINE.cz\",\"isPartOf\":{\"@id\":\"https:\/\/luxurymagazine.cz\/#website\"},\"datePublished\":\"2026-05-01T23:08:57+00:00\",\"dateModified\":\"2026-05-01T23:08:58+00:00\",\"breadcrumb\":{\"@id\":\"https:\/\/luxurymagazine.cz\/index.php\/2026\/05\/02\/zavod-miru-junioru-2026-ctyri-dny-a-400-kilometru-v-sedle\/#breadcrumb\"},\"inLanguage\":\"cs\",\"potentialAction\":[{\"@type\":\"ReadAction\",\"target\":[\"https:\/\/luxurymagazine.cz\/index.php\/2026\/05\/02\/zavod-miru-junioru-2026-ctyri-dny-a-400-kilometru-v-sedle\/\"]}]},{\"@type\":\"BreadcrumbList\",\"@id\":\"https:\/\/luxurymagazine.cz\/index.php\/2026\/05\/02\/zavod-miru-junioru-2026-ctyri-dny-a-400-kilometru-v-sedle\/#breadcrumb\",\"itemListElement\":[{\"@type\":\"ListItem\",\"position\":1,\"name\":\"Dom\u016f\",\"item\":\"https:\/\/luxurymagazine.cz\/\"},{\"@type\":\"ListItem\",\"position\":2,\"name\":\"Z\u00e1vod m\u00edru junior\u016f 2026: \u010cty\u0159i dny a 400 kilometr\u016f v sedle\"}]},{\"@type\":\"WebSite\",\"@id\":\"https:\/\/luxurymagazine.cz\/#website\",\"url\":\"https:\/\/luxurymagazine.cz\/\",\"name\":\"LUXURYMAGAZINE.cz\",\"description\":\"Port\u00e1l v\u00fdhradn\u011b o luxusu...\",\"publisher\":{\"@id\":\"https:\/\/luxurymagazine.cz\/#organization\"},\"potentialAction\":[{\"@type\":\"SearchAction\",\"target\":{\"@type\":\"EntryPoint\",\"urlTemplate\":\"https:\/\/luxurymagazine.cz\/?s={search_term_string}\"},\"query-input\":\"required name=search_term_string\"}],\"inLanguage\":\"cs\"},{\"@type\":\"Organization\",\"@id\":\"https:\/\/luxurymagazine.cz\/#organization\",\"name\":\"LUXURYMAGAZINE.cz\",\"url\":\"https:\/\/luxurymagazine.cz\/\",\"logo\":{\"@type\":\"ImageObject\",\"inLanguage\":\"cs\",\"@id\":\"https:\/\/luxurymagazine.cz\/#\/schema\/logo\/image\/\",\"url\":\"https:\/\/luxurymagazine.cz\/wp-content\/uploads\/2024\/12\/cropped-Logo_LuxuryMagazine-1.jpg\",\"contentUrl\":\"https:\/\/luxurymagazine.cz\/wp-content\/uploads\/2024\/12\/cropped-Logo_LuxuryMagazine-1.jpg\",\"width\":934,\"height\":509,\"caption\":\"LUXURYMAGAZINE.cz\"},\"image\":{\"@id\":\"https:\/\/luxurymagazine.cz\/#\/schema\/logo\/image\/\"}},{\"@type\":\"Person\",\"@id\":\"https:\/\/luxurymagazine.cz\/#\/schema\/person\/4efc24678f56bceeadeb96d77c019c04\",\"name\":\"Jan \u0160m\u00edd\",\"image\":{\"@type\":\"ImageObject\",\"inLanguage\":\"cs\",\"@id\":\"https:\/\/luxurymagazine.cz\/#\/schema\/person\/image\/\",\"url\":\"https:\/\/secure.gravatar.com\/avatar\/70f8b575525c369952d0b7a7cdfa779b?s=96&d=mm&r=g\",\"contentUrl\":\"https:\/\/secure.gravatar.com\/avatar\/70f8b575525c369952d0b7a7cdfa779b?s=96&d=mm&r=g\",\"caption\":\"Jan \u0160m\u00edd\"},\"sameAs\":[\"http:\/\/LUXURYMAGAZINE.cz\"],\"url\":\"https:\/\/luxurymagazine.cz\/index.php\/author\/sjan\/\"}]}<\/script>\n<!-- \/ Yoast SEO plugin. -->","yoast_head_json":{"title":"Z\u00e1vod m\u00edru junior\u016f 2026: \u010cty\u0159i dny a 400 kilometr\u016f v sedle - LUXURYMAGAZINE.cz","robots":{"index":"index","follow":"follow","max-snippet":"max-snippet:-1","max-image-preview":"max-image-preview:large","max-video-preview":"max-video-preview:-1"},"canonical":"https:\/\/luxurymagazine.cz\/index.php\/2026\/05\/02\/zavod-miru-junioru-2026-ctyri-dny-a-400-kilometru-v-sedle\/","og_locale":"cs_CZ","og_type":"article","og_title":"Z\u00e1vod m\u00edru junior\u016f 2026: \u010cty\u0159i dny a 400 kilometr\u016f v sedle - LUXURYMAGAZINE.cz","og_description":"Do startu 54. ro\u010dn\u00edku mezin\u00e1rodn\u00edho cyklistick\u00e9ho etapov\u00e9ho Z\u00e1vodu m\u00edru junior\u016f (7.\u201310. kv\u011btna) p\u00e1r dn\u016f. Presti\u017en\u00ed podnik, kter\u00fd je i letos pevnou sou\u010d\u00e1st\u00ed seri\u00e1lu UCI Men Junior Nations&#8216; Cup, p\u0159iv\u00edt\u00e1 nejlep\u0161\u00ed mlad\u00e9 cyklisty sv\u011bta. Na peloton \u010dek\u00e1 b\u011bhem \u010dty\u0159 dn\u016f p\u011bt n\u00e1ro\u010dn\u00fdch etap o celkov\u00e9 d\u00e9lce 397,3 kilometru na silnic\u00edch \u00dasteck\u00e9ho kraje a v sousedn\u00edm Sasku. [&hellip;]","og_url":"https:\/\/luxurymagazine.cz\/index.php\/2026\/05\/02\/zavod-miru-junioru-2026-ctyri-dny-a-400-kilometru-v-sedle\/","og_site_name":"LUXURYMAGAZINE.cz","article_published_time":"2026-05-01T23:08:57+00:00","article_modified_time":"2026-05-01T23:08:58+00:00","og_image":[{"width":1150,"height":766,"url":"https:\/\/luxurymagazine.cz\/wp-content\/uploads\/2026\/05\/5VAI0797.jpg","type":"image\/jpeg"}],"author":"Jan \u0160m\u00edd","twitter_card":"summary_large_image","twitter_misc":{"Napsal(a)":"Jan \u0160m\u00edd","Odhadovan\u00e1 doba \u010dten\u00ed":"7 minut"},"schema":{"@context":"https:\/\/schema.org","@graph":[{"@type":"Article","@id":"https:\/\/luxurymagazine.cz\/index.php\/2026\/05\/02\/zavod-miru-junioru-2026-ctyri-dny-a-400-kilometru-v-sedle\/#article","isPartOf":{"@id":"https:\/\/luxurymagazine.cz\/index.php\/2026\/05\/02\/zavod-miru-junioru-2026-ctyri-dny-a-400-kilometru-v-sedle\/"},"author":{"name":"Jan \u0160m\u00edd","@id":"https:\/\/luxurymagazine.cz\/#\/schema\/person\/4efc24678f56bceeadeb96d77c019c04"},"headline":"Z\u00e1vod m\u00edru junior\u016f 2026: \u010cty\u0159i dny a 400 kilometr\u016f v sedle","datePublished":"2026-05-01T23:08:57+00:00","dateModified":"2026-05-01T23:08:58+00:00","mainEntityOfPage":{"@id":"https:\/\/luxurymagazine.cz\/index.php\/2026\/05\/02\/zavod-miru-junioru-2026-ctyri-dny-a-400-kilometru-v-sedle\/"},"wordCount":989,"publisher":{"@id":"https:\/\/luxurymagazine.cz\/#organization"},"articleSection":["NEWS","RELAX &amp; SPORT","TIPY &amp; TRENDY"],"inLanguage":"cs"},{"@type":"WebPage","@id":"https:\/\/luxurymagazine.cz\/index.php\/2026\/05\/02\/zavod-miru-junioru-2026-ctyri-dny-a-400-kilometru-v-sedle\/","url":"https:\/\/luxurymagazine.cz\/index.php\/2026\/05\/02\/zavod-miru-junioru-2026-ctyri-dny-a-400-kilometru-v-sedle\/","name":"Z\u00e1vod m\u00edru junior\u016f 2026: \u010cty\u0159i dny a 400 kilometr\u016f v sedle - LUXURYMAGAZINE.cz","isPartOf":{"@id":"https:\/\/luxurymagazine.cz\/#website"},"datePublished":"2026-05-01T23:08:57+00:00","dateModified":"2026-05-01T23:08:58+00:00","breadcrumb":{"@id":"https:\/\/luxurymagazine.cz\/index.php\/2026\/05\/02\/zavod-miru-junioru-2026-ctyri-dny-a-400-kilometru-v-sedle\/#breadcrumb"},"inLanguage":"cs","potentialAction":[{"@type":"ReadAction","target":["https:\/\/luxurymagazine.cz\/index.php\/2026\/05\/02\/zavod-miru-junioru-2026-ctyri-dny-a-400-kilometru-v-sedle\/"]}]},{"@type":"BreadcrumbList","@id":"https:\/\/luxurymagazine.cz\/index.php\/2026\/05\/02\/zavod-miru-junioru-2026-ctyri-dny-a-400-kilometru-v-sedle\/#breadcrumb","itemListElement":[{"@type":"ListItem","position":1,"name":"Dom\u016f","item":"https:\/\/luxurymagazine.cz\/"},{"@type":"ListItem","position":2,"name":"Z\u00e1vod m\u00edru junior\u016f 2026: \u010cty\u0159i dny a 400 kilometr\u016f v sedle"}]},{"@type":"WebSite","@id":"https:\/\/luxurymagazine.cz\/#website","url":"https:\/\/luxurymagazine.cz\/","name":"LUXURYMAGAZINE.cz","description":"Port\u00e1l v\u00fdhradn\u011b o luxusu...","publisher":{"@id":"https:\/\/luxurymagazine.cz\/#organization"},"potentialAction":[{"@type":"SearchAction","target":{"@type":"EntryPoint","urlTemplate":"https:\/\/luxurymagazine.cz\/?s={search_term_string}"},"query-input":"required name=search_term_string"}],"inLanguage":"cs"},{"@type":"Organization","@id":"https:\/\/luxurymagazine.cz\/#organization","name":"LUXURYMAGAZINE.cz","url":"https:\/\/luxurymagazine.cz\/","logo":{"@type":"ImageObject","inLanguage":"cs","@id":"https:\/\/luxurymagazine.cz\/#\/schema\/logo\/image\/","url":"https:\/\/luxurymagazine.cz\/wp-content\/uploads\/2024\/12\/cropped-Logo_LuxuryMagazine-1.jpg","contentUrl":"https:\/\/luxurymagazine.cz\/wp-content\/uploads\/2024\/12\/cropped-Logo_LuxuryMagazine-1.jpg","width":934,"height":509,"caption":"LUXURYMAGAZINE.cz"},"image":{"@id":"https:\/\/luxurymagazine.cz\/#\/schema\/logo\/image\/"}},{"@type":"Person","@id":"https:\/\/luxurymagazine.cz\/#\/schema\/person\/4efc24678f56bceeadeb96d77c019c04","name":"Jan \u0160m\u00edd","image":{"@type":"ImageObject","inLanguage":"cs","@id":"https:\/\/luxurymagazine.cz\/#\/schema\/person\/image\/","url":"https:\/\/secure.gravatar.com\/avatar\/70f8b575525c369952d0b7a7cdfa779b?s=96&d=mm&r=g","contentUrl":"https:\/\/secure.gravatar.com\/avatar\/70f8b575525c369952d0b7a7cdfa779b?s=96&d=mm&r=g","caption":"Jan \u0160m\u00edd"},"sameAs":["http:\/\/LUXURYMAGAZINE.cz"],"url":"https:\/\/luxurymagazine.cz\/index.php\/author\/sjan\/"}]}},"_links":{"self":[{"href":"https:\/\/luxurymagazine.cz\/index.php\/wp-json\/wp\/v2\/posts\/8091"}],"collection":[{"href":"https:\/\/luxurymagazine.cz\/index.php\/wp-json\/wp\/v2\/posts"}],"about":[{"href":"https:\/\/luxurymagazine.cz\/index.php\/wp-json\/wp\/v2\/types\/post"}],"author":[{"embeddable":true,"href":"https:\/\/luxurymagazine.cz\/index.php\/wp-json\/wp\/v2\/users\/13"}],"replies":[{"embeddable":true,"href":"https:\/\/luxurymagazine.cz\/index.php\/wp-json\/wp\/v2\/comments?post=8091"}],"version-history":[{"count":-4,"href":"https:\/\/luxurymagazine.cz\/index.php\/wp-json\/wp\/v2\/posts\/8091\/revisions"}],"wp:featuredmedia":[{"embeddable":true,"href":"https:\/\/luxurymagazine.cz\/index.php\/wp-json\/wp\/v2\/media\/8092"}],"wp:attachment":[{"href":"https:\/\/luxurymagazine.cz\/index.php\/wp-json\/wp\/v2\/media?parent=8091"}],"wp:term":[{"taxonomy":"category","embeddable":true,"href":"https:\/\/luxurymagazine.cz\/index.php\/wp-json\/wp\/v2\/categories?post=8091"},{"taxonomy":"post_tag","embeddable":true,"href":"https:\/\/luxurymagazine.cz\/index.php\/wp-json\/wp\/v2\/tags?post=8091"}],"curies":[{"name":"wp","href":"https:\/\/api.w.org\/{rel}","templated":true}]}}