{"id":8237,"date":"2026-09-04T00:01:00","date_gmt":"2026-09-03T22:01:00","guid":{"rendered":"https:\/\/luxurymagazine.cz\/?p=8237"},"modified":"2026-08-31T01:42:12","modified_gmt":"2026-08-30T23:42:12","slug":"psn-rozsiruje-sve-brnenske-portfolio-o-budovu-na-botanicke","status":"publish","type":"post","link":"https:\/\/luxurymagazine.cz\/index.php\/2026\/09\/04\/psn-rozsiruje-sve-brnenske-portfolio-o-budovu-na-botanicke\/","title":{"rendered":"PSN roz\u0161i\u0159uje sv\u00e9 brn\u011bnsk\u00e9 portfolio o budovu na Botanick\u00e9"},"content":{"rendered":"\n<div style=\"height:45px\" aria-hidden=\"true\" class=\"wp-block-spacer\"><\/div>\n\n\n\n<p class=\"has-medium-font-size\"><strong>Spole\u010dnost PSN dokon\u010dila akvizici administrativn\u00ed budovy na adrese&nbsp;Botanick\u00e1 56&nbsp;v&nbsp;katastr\u00e1ln\u00edm \u00fazem\u00ed Brno-Veve\u0159\u00ed. Akvizice potvrzuje strategii spole\u010dnosti posilovat sv\u00e9 p\u016fsoben\u00ed na brn\u011bnsk\u00e9m trhu a vyhled\u00e1vat nemovitosti s potenci\u00e1lem budouc\u00edho rozvoje. St\u00e1vaj\u00edc\u00ed n\u00e1jemn\u00ed vztahy z\u016fst\u00e1vaj\u00ed beze zm\u011bny, v\u00fdznamn\u00fdm n\u00e1jemcem objektu i nad\u00e1le z\u016fst\u00e1v\u00e1 spole\u010dnost Aquatis, sou\u010d\u00e1st pr\u016fmyslov\u00e9 skupiny Safichem Group.<\/strong><\/p>\n\n\n\n<div style=\"height:45px\" aria-hidden=\"true\" class=\"wp-block-spacer\"><\/div>\n\n\n<div class=\"wp-block-image\">\n<figure class=\"aligncenter size-large\"><img decoding=\"async\" src=\"http:\/\/bydletestylove.cz\/wp-content\/uploads\/2026\/08\/PSN_Botanicka_01-1024x683.jpg\" alt=\"PSN\" class=\"wp-image-2832\" \/><\/figure><\/div>\n\n\n<div style=\"height:45px\" aria-hidden=\"true\" class=\"wp-block-spacer\"><\/div>\n\n\n\n<p class=\"has-medium-font-size\"><em>\u201eV Brn\u011b chceme dlouhodob\u011b r\u016fst a budovat siln\u00e9 portfolio. Akvizice budovy na Botanick\u00e9 je dal\u0161\u00edm konkr\u00e9tn\u00edm krokem t\u00edmto sm\u011brem. Jde o nemovitost v atraktivn\u00ed lokalit\u011b, u n\u00ed\u017e vid\u00edme zaj\u00edmav\u00fd potenci\u00e1l do budoucna,\u201c<\/em> <strong>\u0159\u00edk\u00e1<\/strong>&nbsp;<strong>Petr Posp\u00ed\u0161il, \u0159editel PSN Brno<\/strong>.<\/p>\n\n\n\n<p class=\"has-medium-font-size\">Administrativn\u00ed budova se nach\u00e1z\u00ed v&nbsp;\u017e\u00e1dan\u00e9 lokalit\u011b Brno-Veve\u0159\u00ed, v&nbsp;okol\u00ed nechyb\u00ed kompletn\u00ed ob\u010dansk\u00e1 vybavenost v\u010detn\u011b m\u011bstsk\u00e9 zelen\u011b. Objekt bude v n\u00e1sleduj\u00edc\u00edch letech fungovat ve st\u00e1vaj\u00edc\u00edm re\u017eimu, pokra\u010dovat bude tak\u00e9 n\u00e1jem spole\u010dnosti Aquatis.<\/p>\n\n\n\n<p class=\"has-medium-font-size\"><em>\u201eCht\u011bl bych vyzdvihnout korektn\u00ed a konstruktivn\u00ed p\u0159\u00edstup Safichem Group b\u011bhem cel\u00e9ho procesu. V\u011b\u0159\u00edm, \u017ee tato transakce p\u0159edstavuje p\u0159\u00ednos pro ob\u011b strany a do budoucna vytvo\u0159\u00ed prostor pro dal\u0161\u00ed rozvoj t\u00e9to nemovitosti i jej\u00edho okol\u00ed,\u201c<\/em>&nbsp;<strong>dod\u00e1v\u00e1 Petr Posp\u00ed\u0161il.<\/strong><\/p>\n\n\n\n<div style=\"height:45px\" aria-hidden=\"true\" class=\"wp-block-spacer\"><\/div>\n\n\n<div class=\"wp-block-image\">\n<figure class=\"aligncenter size-large\"><img decoding=\"async\" src=\"http:\/\/bydletestylove.cz\/wp-content\/uploads\/2026\/08\/PSN_Botanicka_02-1024x683.jpg\" alt=\"PSN\" class=\"wp-image-2831\" \/><\/figure><\/div>\n\n\n<div style=\"height:45px\" aria-hidden=\"true\" class=\"wp-block-spacer\"><\/div>\n\n\n\n<p class=\"has-medium-font-size\"><em>\u201eProdej budovy na Botanick\u00e9 je v\u00fdsledkem dlouhodob\u00e9ho strategick\u00e9ho rozhodnut\u00ed skupiny Safichem Group. V\u011b\u0159\u00edme, \u017ee nov\u00fd vlastn\u00edk vyu\u017eije potenci\u00e1l t\u00e9to nemovitosti i jej\u00ed atraktivn\u00ed lokality,\u201c <\/em><strong>dopl\u0148uje Lucie Svobodov\u00e1 ze spole\u010dnosti Safichem.<\/strong><\/p>\n\n\n\n<p class=\"has-medium-font-size\">PSN v dlouhodob\u00e9m horizontu zva\u017euje prom\u011bnu objektu na reziden\u010dn\u00ed projekt. P\u0159\u00edprava z\u00e1m\u011bru je p\u0159edb\u011b\u017en\u011b pl\u00e1nov\u00e1na na rok 2029. Konkr\u00e9tn\u00ed podoba budouc\u00edho vyu\u017eit\u00ed bude p\u0159edm\u011btem dal\u0161\u00edch anal\u00fdz a projektov\u00e9 p\u0159\u00edpravy.<\/p>\n\n\n\n<p class=\"has-medium-font-size\">PSN v&nbsp;Brn\u011b sou\u010dasn\u011b realizuje novou polyfunk\u010dn\u00ed \u010dtvr\u0165&nbsp;Brno Jedna, p\u0159ipravuje reziden\u010dn\u00ed projekt na Kom\u00e1rovsk\u00e9m n\u00e1b\u0159e\u017e\u00ed, Juli\u00e1novsk\u00e9m n\u00e1m\u011bst\u00ed nebo v&nbsp;lokalit\u011b Brno-Cejl&nbsp;a dlouhodob\u011b vyhled\u00e1v\u00e1 dal\u0161\u00ed p\u0159\u00edle\u017eitosti, kter\u00e9 p\u0159isp\u00edvaj\u00ed k rozvoji m\u011bsta a roz\u0161i\u0159uj\u00ed nab\u00eddku kvalitn\u00edho bydlen\u00ed.<\/p>\n\n\n\n<div style=\"height:45px\" aria-hidden=\"true\" class=\"wp-block-spacer\"><\/div>\n\n\n\n<figure class=\"wp-block-gallery has-nested-images columns-default is-cropped wp-block-gallery-1 is-layout-flex wp-block-gallery-is-layout-flex\">\n<figure class=\"wp-block-image size-large\"><img decoding=\"async\" data-id=\"2832\" src=\"https:\/\/bydletestylove.cz\/wp-content\/uploads\/2026\/08\/PSN_Botanicka_01-1024x683.jpg\" alt=\"PSN\" class=\"wp-image-2832\" \/><\/figure>\n\n\n\n<figure class=\"wp-block-image size-large\"><img decoding=\"async\" data-id=\"2831\" src=\"https:\/\/bydletestylove.cz\/wp-content\/uploads\/2026\/08\/PSN_Botanicka_02-1024x683.jpg\" alt=\"PSN\" class=\"wp-image-2831\" \/><\/figure>\n<\/figure>\n\n\n\n<div style=\"height:45px\" aria-hidden=\"true\" class=\"wp-block-spacer\"><\/div>\n\n\n\n<p class=\"has-medium-font-size\"><strong>Zdroj foto<\/strong>:&nbsp;PSN<\/p>\n\n\n\n<div style=\"height:45px\" aria-hidden=\"true\" class=\"wp-block-spacer\"><\/div>\n","protected":false},"excerpt":{"rendered":"<p>Spole\u010dnost PSN dokon\u010dila akvizici administrativn\u00ed budovy na adrese&nbsp;Botanick\u00e1 56&nbsp;v&nbsp;katastr\u00e1ln\u00edm \u00fazem\u00ed Brno-Veve\u0159\u00ed. Akvizice potvrzuje strategii spole\u010dnosti posilovat sv\u00e9 p\u016fsoben\u00ed na brn\u011bnsk\u00e9m trhu a vyhled\u00e1vat nemovitosti s potenci\u00e1lem budouc\u00edho rozvoje. St\u00e1vaj\u00edc\u00ed n\u00e1jemn\u00ed vztahy z\u016fst\u00e1vaj\u00ed beze zm\u011bny, v\u00fdznamn\u00fdm n\u00e1jemcem objektu i nad\u00e1le z\u016fst\u00e1v\u00e1 spole\u010dnost Aquatis, sou\u010d\u00e1st pr\u016fmyslov\u00e9 skupiny Safichem Group. \u201eV Brn\u011b chceme dlouhodob\u011b r\u016fst a budovat siln\u00e9 [&hellip;]<\/p>\n","protected":false},"author":7,"featured_media":8239,"comment_status":"closed","ping_status":"closed","sticky":true,"template":"","format":"standard","meta":{"_mi_skip_tracking":false,"_monsterinsights_sitenote_active":false,"_monsterinsights_sitenote_note":"","_monsterinsights_sitenote_category":0,"footnotes":""},"categories":[5,2,13],"tags":[],"yoast_head":"<!-- This site is optimized with the Yoast SEO plugin v21.4 - https:\/\/yoast.com\/wordpress\/plugins\/seo\/ -->\n<title>PSN roz\u0161i\u0159uje sv\u00e9 brn\u011bnsk\u00e9 portfolio o budovu na Botanick\u00e9 - LUXURYMAGAZINE.cz<\/title>\n<meta name=\"description\" content=\"pole\u010dnost PSN dokon\u010dila akvizici administrativn\u00ed budovy na adrese\u00a0Botanick\u00e1 56\u00a0v\u00a0katastr\u00e1ln\u00edm \u00fazem\u00ed Brno-Veve\u0159\u00ed.\" \/>\n<meta name=\"robots\" content=\"index, follow, max-snippet:-1, max-image-preview:large, max-video-preview:-1\" \/>\n<link rel=\"canonical\" href=\"https:\/\/luxurymagazine.cz\/index.php\/2026\/09\/04\/psn-rozsiruje-sve-brnenske-portfolio-o-budovu-na-botanicke\/\" \/>\n<meta property=\"og:locale\" content=\"cs_CZ\" \/>\n<meta property=\"og:type\" content=\"article\" \/>\n<meta property=\"og:title\" content=\"PSN roz\u0161i\u0159uje sv\u00e9 brn\u011bnsk\u00e9 portfolio o budovu na Botanick\u00e9 - LUXURYMAGAZINE.cz\" \/>\n<meta property=\"og:description\" content=\"pole\u010dnost PSN dokon\u010dila akvizici administrativn\u00ed budovy na adrese\u00a0Botanick\u00e1 56\u00a0v\u00a0katastr\u00e1ln\u00edm \u00fazem\u00ed Brno-Veve\u0159\u00ed.\" \/>\n<meta property=\"og:url\" content=\"https:\/\/luxurymagazine.cz\/index.php\/2026\/09\/04\/psn-rozsiruje-sve-brnenske-portfolio-o-budovu-na-botanicke\/\" \/>\n<meta property=\"og:site_name\" content=\"LUXURYMAGAZINE.cz\" \/>\n<meta property=\"article:published_time\" content=\"2026-09-03T22:01:00+00:00\" \/>\n<meta property=\"article:modified_time\" content=\"2026-08-30T23:42:12+00:00\" \/>\n<meta property=\"og:image\" content=\"https:\/\/luxurymagazine.cz\/wp-content\/uploads\/2026\/08\/PSN_Botanicka_02-scaled.jpg\" \/>\n\t<meta property=\"og:image:width\" content=\"2560\" \/>\n\t<meta property=\"og:image:height\" content=\"1707\" \/>\n\t<meta property=\"og:image:type\" content=\"image\/jpeg\" \/>\n<meta name=\"author\" content=\"Martina Pechov\u00e1\" \/>\n<meta name=\"twitter:card\" content=\"summary_large_image\" \/>\n<meta name=\"twitter:label1\" content=\"Napsal(a)\" \/>\n\t<meta name=\"twitter:data1\" content=\"Martina Pechov\u00e1\" \/>\n\t<meta name=\"twitter:label2\" content=\"Odhadovan\u00e1 doba \u010dten\u00ed\" \/>\n\t<meta name=\"twitter:data2\" content=\"3 minuty\" \/>\n<script type=\"application\/ld+json\" class=\"yoast-schema-graph\">{\"@context\":\"https:\/\/schema.org\",\"@graph\":[{\"@type\":\"Article\",\"@id\":\"https:\/\/luxurymagazine.cz\/index.php\/2026\/09\/04\/psn-rozsiruje-sve-brnenske-portfolio-o-budovu-na-botanicke\/#article\",\"isPartOf\":{\"@id\":\"https:\/\/luxurymagazine.cz\/index.php\/2026\/09\/04\/psn-rozsiruje-sve-brnenske-portfolio-o-budovu-na-botanicke\/\"},\"author\":{\"name\":\"Martina Pechov\u00e1\",\"@id\":\"https:\/\/luxurymagazine.cz\/#\/schema\/person\/140b12bad7bce146b1934d9704884767\"},\"headline\":\"PSN roz\u0161i\u0159uje sv\u00e9 brn\u011bnsk\u00e9 portfolio o budovu na Botanick\u00e9\",\"datePublished\":\"2026-09-03T22:01:00+00:00\",\"dateModified\":\"2026-08-30T23:42:12+00:00\",\"mainEntityOfPage\":{\"@id\":\"https:\/\/luxurymagazine.cz\/index.php\/2026\/09\/04\/psn-rozsiruje-sve-brnenske-portfolio-o-budovu-na-botanicke\/\"},\"wordCount\":390,\"publisher\":{\"@id\":\"https:\/\/luxurymagazine.cz\/#organization\"},\"articleSection\":[\"BYDLEN\u00cd &amp; DESIGN\",\"NEWS\",\"TIPY &amp; TRENDY\"],\"inLanguage\":\"cs\"},{\"@type\":\"WebPage\",\"@id\":\"https:\/\/luxurymagazine.cz\/index.php\/2026\/09\/04\/psn-rozsiruje-sve-brnenske-portfolio-o-budovu-na-botanicke\/\",\"url\":\"https:\/\/luxurymagazine.cz\/index.php\/2026\/09\/04\/psn-rozsiruje-sve-brnenske-portfolio-o-budovu-na-botanicke\/\",\"name\":\"PSN roz\u0161i\u0159uje sv\u00e9 brn\u011bnsk\u00e9 portfolio o budovu na Botanick\u00e9 - LUXURYMAGAZINE.cz\",\"isPartOf\":{\"@id\":\"https:\/\/luxurymagazine.cz\/#website\"},\"datePublished\":\"2026-09-03T22:01:00+00:00\",\"dateModified\":\"2026-08-30T23:42:12+00:00\",\"description\":\"pole\u010dnost PSN dokon\u010dila akvizici administrativn\u00ed budovy na adrese\u00a0Botanick\u00e1 56\u00a0v\u00a0katastr\u00e1ln\u00edm \u00fazem\u00ed Brno-Veve\u0159\u00ed.\",\"breadcrumb\":{\"@id\":\"https:\/\/luxurymagazine.cz\/index.php\/2026\/09\/04\/psn-rozsiruje-sve-brnenske-portfolio-o-budovu-na-botanicke\/#breadcrumb\"},\"inLanguage\":\"cs\",\"potentialAction\":[{\"@type\":\"ReadAction\",\"target\":[\"https:\/\/luxurymagazine.cz\/index.php\/2026\/09\/04\/psn-rozsiruje-sve-brnenske-portfolio-o-budovu-na-botanicke\/\"]}]},{\"@type\":\"BreadcrumbList\",\"@id\":\"https:\/\/luxurymagazine.cz\/index.php\/2026\/09\/04\/psn-rozsiruje-sve-brnenske-portfolio-o-budovu-na-botanicke\/#breadcrumb\",\"itemListElement\":[{\"@type\":\"ListItem\",\"position\":1,\"name\":\"Dom\u016f\",\"item\":\"https:\/\/luxurymagazine.cz\/\"},{\"@type\":\"ListItem\",\"position\":2,\"name\":\"PSN roz\u0161i\u0159uje sv\u00e9 brn\u011bnsk\u00e9 portfolio o budovu na Botanick\u00e9\"}]},{\"@type\":\"WebSite\",\"@id\":\"https:\/\/luxurymagazine.cz\/#website\",\"url\":\"https:\/\/luxurymagazine.cz\/\",\"name\":\"LUXURYMAGAZINE.cz\",\"description\":\"Port\u00e1l v\u00fdhradn\u011b o luxusu...\",\"publisher\":{\"@id\":\"https:\/\/luxurymagazine.cz\/#organization\"},\"potentialAction\":[{\"@type\":\"SearchAction\",\"target\":{\"@type\":\"EntryPoint\",\"urlTemplate\":\"https:\/\/luxurymagazine.cz\/?s={search_term_string}\"},\"query-input\":\"required name=search_term_string\"}],\"inLanguage\":\"cs\"},{\"@type\":\"Organization\",\"@id\":\"https:\/\/luxurymagazine.cz\/#organization\",\"name\":\"LUXURYMAGAZINE.cz\",\"url\":\"https:\/\/luxurymagazine.cz\/\",\"logo\":{\"@type\":\"ImageObject\",\"inLanguage\":\"cs\",\"@id\":\"https:\/\/luxurymagazine.cz\/#\/schema\/logo\/image\/\",\"url\":\"https:\/\/luxurymagazine.cz\/wp-content\/uploads\/2024\/12\/cropped-Logo_LuxuryMagazine-1.jpg\",\"contentUrl\":\"https:\/\/luxurymagazine.cz\/wp-content\/uploads\/2024\/12\/cropped-Logo_LuxuryMagazine-1.jpg\",\"width\":934,\"height\":509,\"caption\":\"LUXURYMAGAZINE.cz\"},\"image\":{\"@id\":\"https:\/\/luxurymagazine.cz\/#\/schema\/logo\/image\/\"}},{\"@type\":\"Person\",\"@id\":\"https:\/\/luxurymagazine.cz\/#\/schema\/person\/140b12bad7bce146b1934d9704884767\",\"name\":\"Martina Pechov\u00e1\",\"image\":{\"@type\":\"ImageObject\",\"inLanguage\":\"cs\",\"@id\":\"https:\/\/luxurymagazine.cz\/#\/schema\/person\/image\/\",\"url\":\"https:\/\/secure.gravatar.com\/avatar\/f0b7849f9f82bc20952396010e3c9adb?s=96&d=mm&r=g\",\"contentUrl\":\"https:\/\/secure.gravatar.com\/avatar\/f0b7849f9f82bc20952396010e3c9adb?s=96&d=mm&r=g\",\"caption\":\"Martina Pechov\u00e1\"},\"sameAs\":[\"http:\/\/LUXURYMAGAZINE.cz\"],\"url\":\"https:\/\/luxurymagazine.cz\/index.php\/author\/marpech\/\"}]}<\/script>\n<!-- \/ Yoast SEO plugin. -->","yoast_head_json":{"title":"PSN roz\u0161i\u0159uje sv\u00e9 brn\u011bnsk\u00e9 portfolio o budovu na Botanick\u00e9 - LUXURYMAGAZINE.cz","description":"pole\u010dnost PSN dokon\u010dila akvizici administrativn\u00ed budovy na adrese\u00a0Botanick\u00e1 56\u00a0v\u00a0katastr\u00e1ln\u00edm \u00fazem\u00ed Brno-Veve\u0159\u00ed.","robots":{"index":"index","follow":"follow","max-snippet":"max-snippet:-1","max-image-preview":"max-image-preview:large","max-video-preview":"max-video-preview:-1"},"canonical":"https:\/\/luxurymagazine.cz\/index.php\/2026\/09\/04\/psn-rozsiruje-sve-brnenske-portfolio-o-budovu-na-botanicke\/","og_locale":"cs_CZ","og_type":"article","og_title":"PSN roz\u0161i\u0159uje sv\u00e9 brn\u011bnsk\u00e9 portfolio o budovu na Botanick\u00e9 - LUXURYMAGAZINE.cz","og_description":"pole\u010dnost PSN dokon\u010dila akvizici administrativn\u00ed budovy na adrese\u00a0Botanick\u00e1 56\u00a0v\u00a0katastr\u00e1ln\u00edm \u00fazem\u00ed Brno-Veve\u0159\u00ed.","og_url":"https:\/\/luxurymagazine.cz\/index.php\/2026\/09\/04\/psn-rozsiruje-sve-brnenske-portfolio-o-budovu-na-botanicke\/","og_site_name":"LUXURYMAGAZINE.cz","article_published_time":"2026-09-03T22:01:00+00:00","article_modified_time":"2026-08-30T23:42:12+00:00","og_image":[{"width":2560,"height":1707,"url":"https:\/\/luxurymagazine.cz\/wp-content\/uploads\/2026\/08\/PSN_Botanicka_02-scaled.jpg","type":"image\/jpeg"}],"author":"Martina Pechov\u00e1","twitter_card":"summary_large_image","twitter_misc":{"Napsal(a)":"Martina Pechov\u00e1","Odhadovan\u00e1 doba \u010dten\u00ed":"3 minuty"},"schema":{"@context":"https:\/\/schema.org","@graph":[{"@type":"Article","@id":"https:\/\/luxurymagazine.cz\/index.php\/2026\/09\/04\/psn-rozsiruje-sve-brnenske-portfolio-o-budovu-na-botanicke\/#article","isPartOf":{"@id":"https:\/\/luxurymagazine.cz\/index.php\/2026\/09\/04\/psn-rozsiruje-sve-brnenske-portfolio-o-budovu-na-botanicke\/"},"author":{"name":"Martina Pechov\u00e1","@id":"https:\/\/luxurymagazine.cz\/#\/schema\/person\/140b12bad7bce146b1934d9704884767"},"headline":"PSN roz\u0161i\u0159uje sv\u00e9 brn\u011bnsk\u00e9 portfolio o budovu na Botanick\u00e9","datePublished":"2026-09-03T22:01:00+00:00","dateModified":"2026-08-30T23:42:12+00:00","mainEntityOfPage":{"@id":"https:\/\/luxurymagazine.cz\/index.php\/2026\/09\/04\/psn-rozsiruje-sve-brnenske-portfolio-o-budovu-na-botanicke\/"},"wordCount":390,"publisher":{"@id":"https:\/\/luxurymagazine.cz\/#organization"},"articleSection":["BYDLEN\u00cd &amp; DESIGN","NEWS","TIPY &amp; TRENDY"],"inLanguage":"cs"},{"@type":"WebPage","@id":"https:\/\/luxurymagazine.cz\/index.php\/2026\/09\/04\/psn-rozsiruje-sve-brnenske-portfolio-o-budovu-na-botanicke\/","url":"https:\/\/luxurymagazine.cz\/index.php\/2026\/09\/04\/psn-rozsiruje-sve-brnenske-portfolio-o-budovu-na-botanicke\/","name":"PSN roz\u0161i\u0159uje sv\u00e9 brn\u011bnsk\u00e9 portfolio o budovu na Botanick\u00e9 - LUXURYMAGAZINE.cz","isPartOf":{"@id":"https:\/\/luxurymagazine.cz\/#website"},"datePublished":"2026-09-03T22:01:00+00:00","dateModified":"2026-08-30T23:42:12+00:00","description":"pole\u010dnost PSN dokon\u010dila akvizici administrativn\u00ed budovy na adrese\u00a0Botanick\u00e1 56\u00a0v\u00a0katastr\u00e1ln\u00edm \u00fazem\u00ed Brno-Veve\u0159\u00ed.","breadcrumb":{"@id":"https:\/\/luxurymagazine.cz\/index.php\/2026\/09\/04\/psn-rozsiruje-sve-brnenske-portfolio-o-budovu-na-botanicke\/#breadcrumb"},"inLanguage":"cs","potentialAction":[{"@type":"ReadAction","target":["https:\/\/luxurymagazine.cz\/index.php\/2026\/09\/04\/psn-rozsiruje-sve-brnenske-portfolio-o-budovu-na-botanicke\/"]}]},{"@type":"BreadcrumbList","@id":"https:\/\/luxurymagazine.cz\/index.php\/2026\/09\/04\/psn-rozsiruje-sve-brnenske-portfolio-o-budovu-na-botanicke\/#breadcrumb","itemListElement":[{"@type":"ListItem","position":1,"name":"Dom\u016f","item":"https:\/\/luxurymagazine.cz\/"},{"@type":"ListItem","position":2,"name":"PSN roz\u0161i\u0159uje sv\u00e9 brn\u011bnsk\u00e9 portfolio o budovu na Botanick\u00e9"}]},{"@type":"WebSite","@id":"https:\/\/luxurymagazine.cz\/#website","url":"https:\/\/luxurymagazine.cz\/","name":"LUXURYMAGAZINE.cz","description":"Port\u00e1l v\u00fdhradn\u011b o luxusu...","publisher":{"@id":"https:\/\/luxurymagazine.cz\/#organization"},"potentialAction":[{"@type":"SearchAction","target":{"@type":"EntryPoint","urlTemplate":"https:\/\/luxurymagazine.cz\/?s={search_term_string}"},"query-input":"required name=search_term_string"}],"inLanguage":"cs"},{"@type":"Organization","@id":"https:\/\/luxurymagazine.cz\/#organization","name":"LUXURYMAGAZINE.cz","url":"https:\/\/luxurymagazine.cz\/","logo":{"@type":"ImageObject","inLanguage":"cs","@id":"https:\/\/luxurymagazine.cz\/#\/schema\/logo\/image\/","url":"https:\/\/luxurymagazine.cz\/wp-content\/uploads\/2024\/12\/cropped-Logo_LuxuryMagazine-1.jpg","contentUrl":"https:\/\/luxurymagazine.cz\/wp-content\/uploads\/2024\/12\/cropped-Logo_LuxuryMagazine-1.jpg","width":934,"height":509,"caption":"LUXURYMAGAZINE.cz"},"image":{"@id":"https:\/\/luxurymagazine.cz\/#\/schema\/logo\/image\/"}},{"@type":"Person","@id":"https:\/\/luxurymagazine.cz\/#\/schema\/person\/140b12bad7bce146b1934d9704884767","name":"Martina Pechov\u00e1","image":{"@type":"ImageObject","inLanguage":"cs","@id":"https:\/\/luxurymagazine.cz\/#\/schema\/person\/image\/","url":"https:\/\/secure.gravatar.com\/avatar\/f0b7849f9f82bc20952396010e3c9adb?s=96&d=mm&r=g","contentUrl":"https:\/\/secure.gravatar.com\/avatar\/f0b7849f9f82bc20952396010e3c9adb?s=96&d=mm&r=g","caption":"Martina Pechov\u00e1"},"sameAs":["http:\/\/LUXURYMAGAZINE.cz"],"url":"https:\/\/luxurymagazine.cz\/index.php\/author\/marpech\/"}]}},"_links":{"self":[{"href":"https:\/\/luxurymagazine.cz\/index.php\/wp-json\/wp\/v2\/posts\/8237"}],"collection":[{"href":"https:\/\/luxurymagazine.cz\/index.php\/wp-json\/wp\/v2\/posts"}],"about":[{"href":"https:\/\/luxurymagazine.cz\/index.php\/wp-json\/wp\/v2\/types\/post"}],"author":[{"embeddable":true,"href":"https:\/\/luxurymagazine.cz\/index.php\/wp-json\/wp\/v2\/users\/7"}],"replies":[{"embeddable":true,"href":"https:\/\/luxurymagazine.cz\/index.php\/wp-json\/wp\/v2\/comments?post=8237"}],"version-history":[{"count":-4,"href":"https:\/\/luxurymagazine.cz\/index.php\/wp-json\/wp\/v2\/posts\/8237\/revisions"}],"wp:featuredmedia":[{"embeddable":true,"href":"https:\/\/luxurymagazine.cz\/index.php\/wp-json\/wp\/v2\/media\/8239"}],"wp:attachment":[{"href":"https:\/\/luxurymagazine.cz\/index.php\/wp-json\/wp\/v2\/media?parent=8237"}],"wp:term":[{"taxonomy":"category","embeddable":true,"href":"https:\/\/luxurymagazine.cz\/index.php\/wp-json\/wp\/v2\/categories?post=8237"},{"taxonomy":"post_tag","embeddable":true,"href":"https:\/\/luxurymagazine.cz\/index.php\/wp-json\/wp\/v2\/tags?post=8237"}],"curies":[{"name":"wp","href":"https:\/\/api.w.org\/{rel}","templated":true}]}}