{"id":8246,"date":"2026-08-31T00:01:00","date_gmt":"2026-08-30T22:01:00","guid":{"rendered":"https:\/\/luxurymagazine.cz\/?p=8246"},"modified":"2026-08-31T01:29:13","modified_gmt":"2026-08-30T23:29:13","slug":"mercedes-benz-prague-fashion-week-ss27","status":"publish","type":"post","link":"https:\/\/luxurymagazine.cz\/index.php\/2026\/08\/31\/mercedes-benz-prague-fashion-week-ss27\/","title":{"rendered":"Mercedes-Benz Prague Fashion Week SS27"},"content":{"rendered":"\n<div style=\"height:44px\" aria-hidden=\"true\" class=\"wp-block-spacer\"><\/div>\n\n\n\n<p class=\"has-medium-font-size\"><strong>Mercedes-Benz Prague Fashion Week SS27 ve sv\u00e9 aktu\u00e1ln\u00ed edici nab\u00eddne znovu krom\u011b p\u0159ehl\u00eddkov\u00e9ho programu tak\u00e9 pestr\u00fd doprovodn\u00fd program, kter\u00fd prob\u011bhne od 5. do 10. z\u00e1\u0159\u00ed nap\u0159\u00ed\u010d <a href=\"https:\/\/prazskametropole.cz\/\" data-type=\"link\" data-id=\"https:\/\/prazskametropole.cz\/\">Prahou<\/a>. P\u0159edstav\u00ed mezin\u00e1rodn\u00ed hosty, exkluzivn\u00ed ud\u00e1losti, partnersk\u00e9 z\u00f3ny i nastupuj\u00edc\u00ed generaci n\u00e1vrh\u00e1\u0159\u016f. Sou\u010d\u00e1st\u00ed leto\u0161n\u00ed edice bude partnersk\u00e1 z\u00f3na v&nbsp;hlavn\u00ed lokaci.<\/strong><\/p>\n\n\n\n<div style=\"height:44px\" aria-hidden=\"true\" class=\"wp-block-spacer\"><\/div>\n\n\n\n<h2 class=\"wp-block-heading\" style=\"font-size:27px\">Doprovodn\u00fd program&nbsp;<\/h2>\n\n\n\n<div style=\"height:44px\" aria-hidden=\"true\" class=\"wp-block-spacer\"><\/div>\n\n\n\n<p class=\"has-medium-font-size\">Doprovodn\u00fd program otev\u0159e <strong>TOM\u00c1\u0160 N\u011aMEC SOIR\u00c9E by W PRAGUE<\/strong>. V ned\u011bli se pak p\u0159edstav\u00ed&nbsp;<strong>MUSA Editorial Table<\/strong> ve studiu Lavish. N\u00e1vrh\u00e1\u0159ka <strong>Vanda Janda <\/strong>otev\u0159e dve\u0159e sv\u00e9ho Boudoiru v hotelu Four Seasons Prague za podpory \u0161ampa\u0148sk\u00e9ho Mumm. <\/p>\n\n\n\n<p class=\"has-medium-font-size\">Mezi dal\u0161\u00ed akce budou pat\u0159it <strong>MBPFW x PINKO Party v Pa\u0159\u00ed\u017esk\u00e9 ulici<\/strong>, <strong>HARPER\u2019S BAZAAR RE-SEE<\/strong>, <strong>MBPFW x CLIVE CHRISTIAN Closing Party<\/strong> a z\u00e1v\u011bre\u010dn\u00e1 <strong>DUNGEON by Tobias Schubert x MBPFW Afterparty<\/strong>.<\/p>\n\n\n\n<div style=\"height:44px\" aria-hidden=\"true\" class=\"wp-block-spacer\"><\/div>\n\n\n<div class=\"wp-block-image\">\n<figure class=\"aligncenter size-large\"><img decoding=\"async\" src=\"https:\/\/vcentruprahy.cz\/wp-content\/uploads\/2026\/08\/MBPFW-hlavni-TTL-1024x658.jpg\" alt=\"Mercedes-Benz Prague Fashion Week SS27 p\u0159edstavuje doprovodn\u00fd program a partnersk\u00e9 akce\" class=\"wp-image-9562\"\/><\/figure><\/div>\n\n\n<div style=\"height:44px\" aria-hidden=\"true\" class=\"wp-block-spacer\"><\/div>\n\n\n\n<h2 class=\"wp-block-heading\" style=\"font-size:27px\">Lounge<\/h2>\n\n\n\n<div style=\"height:44px\" aria-hidden=\"true\" class=\"wp-block-spacer\"><\/div>\n\n\n\n<p class=\"has-medium-font-size\">Sou\u010d\u00e1st\u00ed nadch\u00e1zej\u00edc\u00ed edice <strong><a href=\"https:\/\/www.mbpfw.com\/cs\" data-type=\"link\" data-id=\"https:\/\/www.mbpfw.com\/cs\">Mercedes-Benz Prague Fashion Week<\/a><\/strong> budou i \u010dty\u0159i partnersk\u00e9 lounge z\u00f3ny v&nbsp;hlavn\u00ed lokaci nab\u00edzej\u00edc\u00ed odpo\u010dinek, ob\u010derstven\u00ed i prostor pro networking. P\u016fjde o z\u00f3ny zna\u010dek Mercedes-Benz, L&#8217;Or\u00e9al Professionnel, Douglas a Ploom. No\u010dn\u00ed z\u00e1zem\u00ed dopln\u00ed Night Lounge by SaSaZu, otev\u0159en\u00fd v\u017edy do 1:00.<br><br><strong>Mercedes-Benz lounge<\/strong> nab\u00eddne Martini bary a Nespresso bar. V pr\u016fb\u011bhu MBPFW se zde uskute\u010dn\u00ed tak\u00e9 vybran\u00e9 eventy, nap\u0159\u00edklad Mercedes-Benz Afterparty, Dolce Vita pre-cocktail nebo ELLE pre-cocktail &#8211; oboj\u00ed pro klienty magaz\u00edn\u016f.<\/p>\n\n\n\n<div style=\"height:44px\" aria-hidden=\"true\" class=\"wp-block-spacer\"><\/div>\n\n\n<div class=\"wp-block-image\">\n<figure class=\"aligncenter size-full\"><img decoding=\"async\" src=\"https:\/\/vcentruprahy.cz\/wp-content\/uploads\/2026\/08\/MBPFW-napis-a-logo.jpg\" alt=\"Mercedes-Benz Prague Fashion Week SS27 p\u0159edstavuje doprovodn\u00fd program a partnersk\u00e9 akce\" class=\"wp-image-9563\"\/><\/figure><\/div>\n\n\n<div style=\"height:44px\" aria-hidden=\"true\" class=\"wp-block-spacer\"><\/div>\n\n\n\n<p class=\"has-medium-font-size\"><br><br><em>\u201cMercedes-Benz Lounge bude m\u00edstem oslavy 140 inovac\u00ed od vzniku prvn\u00edho automobilu a \u010desk\u00e9 premi\u00e9ry zcela nov\u00e9ho Mercedes-Benz GLA, atraktivn\u00edho SUV s ojedin\u011blou mo\u017enost\u00ed volby pohonu z \u010dist\u011b elektrick\u00e9 verze i hybridn\u00edho proveden\u00ed s motorem na benz\u00edn.<\/em><\/p>\n\n\n\n<p class=\"has-medium-font-size\"><em>Nebudou chyb\u011bt ani dal\u0161\u00ed novinky ze sv\u011bta elektromobility, inovativn\u00ed a sou\u010dasn\u011b klasick\u00e1 T\u0159\u00edda C, Mercedes-Benz VLE kombinuj\u00edc\u00ed komfort limuz\u00edny s prostornost\u00ed velkoprostorov\u00e9ho vozu a revolu\u010dn\u00ed Mercedes-AMG GT 4 dve\u0159ov\u00e9 kup\u00e9, kter\u00fd posouv\u00e1 hranice v\u00fdkonu a technologi\u00ed\u201d.<\/em><br><br>L&#8217;Or\u00e9al Professionnel lounge a Douglas lounge v&nbsp;prostor\u00e1ch hlavn\u00ed lokace budou otev\u0159eny pro ve\u0159ejnost a nab\u00eddnou lehkou \u00fapravu make upu i \u00fa\u010desu. Ploom p\u0159iprav\u00ed chill-out z\u00f3nu.<\/p>\n\n\n\n<p class=\"has-medium-font-size\"><strong>Provoz lounge z\u00f3n najdete na <a href=\"https:\/\/us.list-manage.com\/cNo3EanANyu?e=436961162f&amp;c2id=8854859cbd5ec41573a840026047c645\">webu.<\/a><\/strong><\/p>\n\n\n\n<div style=\"height:44px\" aria-hidden=\"true\" class=\"wp-block-spacer\"><\/div>\n\n\n\n<figure class=\"wp-block-gallery has-nested-images columns-default is-cropped wp-block-gallery-1 is-layout-flex wp-block-gallery-is-layout-flex\">\n<figure class=\"wp-block-image size-large\"><img decoding=\"async\" data-id=\"9568\" src=\"https:\/\/vcentruprahy.cz\/wp-content\/uploads\/2026\/08\/1400121-800-768x1024.jpg\" alt=\"Mercedes-Benz Prague Fashion Week SS27 p\u0159edstavuje doprovodn\u00fd program a partnersk\u00e9 akce\" class=\"wp-image-9568\"\/><\/figure>\n\n\n\n<figure class=\"wp-block-image size-large\"><img decoding=\"async\" data-id=\"9570\" src=\"https:\/\/vcentruprahy.cz\/wp-content\/uploads\/2026\/08\/1400117-800-683x1024.jpg\" alt=\"Mercedes-Benz Prague Fashion Week SS27 p\u0159edstavuje doprovodn\u00fd program a partnersk\u00e9 akce\" class=\"wp-image-9570\"\/><\/figure>\n<\/figure>\n\n\n\n<div style=\"height:44px\" aria-hidden=\"true\" class=\"wp-block-spacer\"><\/div>\n\n\n\n<h2 class=\"wp-block-heading\" style=\"font-size:27px\">Mezin\u00e1rodn\u00ed host\u00e9<\/h2>\n\n\n\n<div style=\"height:44px\" aria-hidden=\"true\" class=\"wp-block-spacer\"><\/div>\n\n\n\n<p class=\"has-medium-font-size\"><strong><a href=\"https:\/\/www.mbpfw.com\/cs\" data-type=\"link\" data-id=\"https:\/\/www.mbpfw.com\/cs\">MBPFW<\/a><\/strong> letos p\u0159iv\u00edt\u00e1 tak\u00e9 zahrani\u010dn\u00ed hosty, kte\u0159\u00ed \u010deskou m\u00f3dn\u00ed sc\u00e9nu zasad\u00ed do \u0161ir\u0161\u00edho mezin\u00e1rodn\u00edho kontextu. Mezi nejv\u00fdrazn\u011bj\u0161\u00ed osobnosti pat\u0159\u00ed <strong>Marcelo Horacio Maquieira Piriz, Toby Grimditch a Max Jolivet<\/strong>.<br><br><strong>Marcelo Horacio Maquieira Piriz<\/strong> se narodil v Uruguayi v roce 1971 a dlouhodob\u011b \u017eije a pracuje v Nizozemsku. V Amsterdamu v roce 2008 zalo\u017eil Oficina Gabardine, nez\u00e1vislou m\u00f3dn\u00ed platformu a konzulta\u010dn\u00ed studio. P\u016fsob\u00ed jako buyer, editor a konzultant a v\u011bnuje se image a positioningu zna\u010dek pro n\u00e1vrh\u00e1\u0159e, retailery, organizace i ve\u0159ejn\u00e9 instituce.<br><br><strong>Toby Grimditch<\/strong> je britsk\u00fd m\u00f3dn\u00ed editor, stylista a kreativn\u00ed \u0159editel p\u016fsob\u00edc\u00ed v Berl\u00edn\u011b. V sou\u010dasnosti je \u0161\u00e9fredaktorem magaz\u00ednu 10 Deutsch, n\u011bmeck\u00e9 edice mezin\u00e1rodn\u011b uzn\u00e1van\u00e9ho titulu 10 Magazine. B\u011bhem sv\u00e9 kari\u00e9ry spolupracoval s p\u0159edn\u00edmi m\u00f3dn\u00edmi publikacemi, mezi n\u011b\u017e pat\u0159\u00ed CR Fashion Book, i-D, Interview, Num\u00e9ro nebo Vanity Fair USA, a pat\u0159\u00ed k v\u00fdrazn\u00fdm osobnostem sou\u010dasn\u00e9 evropsk\u00e9 m\u00f3dn\u00ed sc\u00e9ny.<br><br><strong>Max Jolivet<\/strong> je stylista a kreativn\u00ed profesion\u00e1l p\u016fsob\u00edc\u00ed v Berl\u00edn\u011b. Jeho vizu\u00e1ln\u00ed rukopis propojuje rozmanitost, undergroundovou estetiku a citlivou pr\u00e1ci s m\u00f3dn\u00edm obrazem. B\u011bhem sv\u00e9 kari\u00e9ry spolupracoval s tituly jako i-D, Num\u00e9ro Netherlands, Autre Magazine, Sleek \u010di Dansk Magazine.<br><br><strong>Hana Soukupov\u00e1<\/strong> p\u0159ijala pozv\u00e1n\u00ed \u010dasopisu Vogue CS a t\u00fdmu Mercedes-Benz Prague Fashion Week.&nbsp; \u010cesk\u00e1 topmodelka m\u00e1 za sebou nespo\u010det sv\u011btov\u00fdch kampan\u00ed a dlouh\u00e1 l\u00e9ta pat\u0159ila mezi absolutn\u00ed \u0161pi\u010dku v modelingu. B\u011bhem sv\u00e9 kari\u00e9ry se objevila v kampan\u00edch&nbsp; zna\u010dek Gucci, Dior, Max Mara nebo Versace. Na kont\u011b m\u00e1 tituln\u00ed str\u00e1nky presti\u017en\u00edch m\u00f3dn\u00edch \u010dasopis\u016f doma i ve sv\u011bt\u011b, mezi kter\u00e9 pat\u0159\u00ed Vogue, ELLE, Vanity Fair a mnoho dal\u0161\u00edch. A samoz\u0159ejm\u011b nechyb\u011bla na molech presti\u017en\u00edch m\u00f3dn\u00edch dom\u016f jako Yves Saint-Laurent, Dolce &amp; Gabbana, Escada a dal\u0161\u00edch. V letech 2006-2007 se tak\u00e9 objevila na p\u0159ehl\u00eddce Victoria&#8217;s Secret.<\/p>\n\n\n\n<div style=\"height:44px\" aria-hidden=\"true\" class=\"wp-block-spacer\"><\/div>\n\n\n\n<figure class=\"wp-block-gallery has-nested-images columns-default is-cropped wp-block-gallery-3 is-layout-flex wp-block-gallery-is-layout-flex\">\n<figure class=\"wp-block-image size-large\"><img decoding=\"async\" data-id=\"9565\" src=\"https:\/\/vcentruprahy.cz\/wp-content\/uploads\/2026\/08\/1400131-800-769x1024.jpg\" alt=\"Mercedes-Benz Prague Fashion Week SS27 p\u0159edstavuje doprovodn\u00fd program a partnersk\u00e9 akce\" class=\"wp-image-9565\"\/><\/figure>\n\n\n\n<figure class=\"wp-block-image size-large\"><img decoding=\"async\" data-id=\"9567\" src=\"https:\/\/vcentruprahy.cz\/wp-content\/uploads\/2026\/08\/1400113-800-683x1024.jpg\" alt=\"Mercedes-Benz Prague Fashion Week SS27 p\u0159edstavuje doprovodn\u00fd program a partnersk\u00e9 akce\" class=\"wp-image-9567\"\/><\/figure>\n<\/figure>\n\n\n\n<div style=\"height:44px\" aria-hidden=\"true\" class=\"wp-block-spacer\"><\/div>\n\n\n\n<h2 class=\"wp-block-heading\" style=\"font-size:27px\">Dal\u0161\u00ed aktivity<\/h2>\n\n\n\n<div style=\"height:44px\" aria-hidden=\"true\" class=\"wp-block-spacer\"><\/div>\n\n\n\n<p class=\"has-medium-font-size\">B\u011bhem p\u0159ehl\u00eddkov\u00fdch dn\u00ed bude<strong><a href=\"https:\/\/goout.net\/cs\/listky\/mbpfw-ss27-vip-ticket\/ltxmb\/\" data-type=\"link\" data-id=\"https:\/\/goout.net\/cs\/listky\/mbpfw-ss27-vip-ticket\/ltxmb\/\"> dr\u017eitel\u016fm VIP vstupenek <\/a><\/strong>k dispozici <strong>Sisley Paris Spa &amp; Beauty Experience<\/strong>, exkluzivn\u00ed beauty z\u00f3na s individu\u00e1ln\u00edmi o\u0161et\u0159en\u00edmi, roz\u0161\u00ed\u0159en\u00e1 tak\u00e9 o p\u00e9\u010di pro mu\u017ee.<br><strong>V hotelu Four Seasons Prague se pak b\u011bhem p\u0159ehl\u00eddkov\u00fdch dn\u00ed otev\u0159e L&#8217;Or\u00e9al Professionel Lounge.<\/strong><\/p>\n\n\n\n<div style=\"height:44px\" aria-hidden=\"true\" class=\"wp-block-spacer\"><\/div>\n\n\n\n<figure class=\"wp-block-gallery has-nested-images columns-default is-cropped wp-block-gallery-5 is-layout-flex wp-block-gallery-is-layout-flex\">\n<figure class=\"wp-block-image size-large\"><img decoding=\"async\" data-id=\"9569\" src=\"https:\/\/vcentruprahy.cz\/wp-content\/uploads\/2026\/08\/1400110-800-683x1024.jpg\" alt=\"Mercedes-Benz Prague Fashion Week SS27 p\u0159edstavuje doprovodn\u00fd program a partnersk\u00e9 akce\" class=\"wp-image-9569\"\/><\/figure>\n\n\n\n<figure class=\"wp-block-image size-large\"><img decoding=\"async\" data-id=\"9572\" src=\"https:\/\/vcentruprahy.cz\/wp-content\/uploads\/2026\/08\/1400128-800-683x1024.jpg\" alt=\"Mercedes-Benz Prague Fashion Week SS27 p\u0159edstavuje doprovodn\u00fd program a partnersk\u00e9 akce\" class=\"wp-image-9572\"\/><\/figure>\n<\/figure>\n\n\n\n<div style=\"height:44px\" aria-hidden=\"true\" class=\"wp-block-spacer\"><\/div>\n\n\n\n<h2 class=\"wp-block-heading\" style=\"font-size:27px\"><br>Doprovodn\u00fd program<\/h2>\n\n\n\n<div style=\"height:44px\" aria-hidden=\"true\" class=\"wp-block-spacer\"><\/div>\n\n\n\n<p class=\"has-medium-font-size\"><strong>5\/09\/2026<\/strong><\/p>\n\n\n\n<p class=\"has-medium-font-size\">18:00 TOM\u00c1\u0160 N\u011aMEC SOIR\u00c9E by W PRAGUE<br>21:30 MERCEDES-BENZ AFTERPARTY<br>21:30 \u2013 1:00 NIGHT LOUNGE BY SASAZU<br><br><strong>6\/09\/026<\/strong><\/p>\n\n\n\n<p class=\"has-medium-font-size\">10:00 \u2013 14:00 MUSA Editorial Table Hosted at Lavish Studio<br>18:00 DOLCE VITA PRE-COCKTAIL<br>20:00 ELLE PRE-COCKTAIL<br>21:30 \u2013 1:00 NIGHT LOUNGE BY SASAZU<br><br><strong>7\/09\/026<\/strong><\/p>\n\n\n\n<p class=\"has-medium-font-size\">21:30 \u2013 1:00 NIGHT LOUNGE BY SASAZU<br><br><strong>08\/09\/2026<\/strong><\/p>\n\n\n\n<p class=\"has-medium-font-size\">17:00 MBPFW x PINKO PARTY @Pinko<br>18:30, 19:30, 20:30 VANDA JANDA BOUDOIR by FOUR SEASONS HOTEL PRAGUE<br><br><strong>9\/09\/2026<\/strong><\/p>\n\n\n\n<p class=\"has-medium-font-size\">21:00 MBPFW x CLIVE CHRISTIAN Closing Party @W Prague<br>23:00 DUNGEON by Tobias Schubert x MBPFW Afterparty @Groove Bar<br><br><strong>5\/9 \u2013&nbsp;7\/9<\/strong><\/p>\n\n\n\n<p class=\"has-medium-font-size\">SISLEY PARIS SPA &amp; BEAUTY EXPERIENCE @Maison Sisley<br>L\u2019OR\u00c9AL PROFESSIONNEL LOUNGE @Four Seasons Hotel Prague<br><br><strong>8\/9 \u2013&nbsp;10\/9\/2026<\/strong><\/p>\n\n\n\n<p class=\"has-medium-font-size\">HARPER\u2019S BAZAAR RE-SEE @Technologick\u00e9 centrum UMPRUM<\/p>\n\n\n\n<div style=\"height:44px\" aria-hidden=\"true\" class=\"wp-block-spacer\"><\/div>\n\n\n\n<figure class=\"wp-block-gallery has-nested-images columns-default is-cropped wp-block-gallery-7 is-layout-flex wp-block-gallery-is-layout-flex\">\n<figure class=\"wp-block-image size-large\"><img decoding=\"async\" data-id=\"9573\" src=\"https:\/\/vcentruprahy.cz\/wp-content\/uploads\/2026\/08\/1400532-800-768x1024.jpg\" alt=\"Mercedes-Benz Prague Fashion Week SS27 p\u0159edstavuje doprovodn\u00fd program a partnersk\u00e9 akce\" class=\"wp-image-9573\"\/><\/figure>\n\n\n\n<figure class=\"wp-block-image size-large\"><img decoding=\"async\" data-id=\"9564\" src=\"https:\/\/vcentruprahy.cz\/wp-content\/uploads\/2026\/08\/1400124-800-683x1024.jpg\" alt=\"Mercedes-Benz Prague Fashion Week SS27 p\u0159edstavuje doprovodn\u00fd program a partnersk\u00e9 akce\" class=\"wp-image-9564\"\/><\/figure>\n<\/figure>\n\n\n\n<div style=\"height:44px\" aria-hidden=\"true\" class=\"wp-block-spacer\"><\/div>\n\n\n\n<h2 class=\"wp-block-heading\" style=\"font-size:27px\">Podpora nastupuj\u00edc\u00ed generace n\u00e1vrh\u00e1\u0159\u016f<\/h2>\n\n\n\n<div style=\"height:44px\" aria-hidden=\"true\" class=\"wp-block-spacer\"><\/div>\n\n\n\n<p class=\"has-medium-font-size\">Podpora mlad\u00fdch talent\u016f z\u016fst\u00e1v\u00e1 jedn\u00edm z kl\u00ed\u010dov\u00fdch pil\u00ed\u0159\u016f MBPFW. Program dlouhodob\u011b zahrnuje studentsk\u00e9 p\u0159ehl\u00eddkov\u00e9 bloky i talentov\u00e9 sout\u011b\u017ee. V t\u00e9to sezon\u011b budou nav\u00edc na vybran\u00e9 p\u0159ehl\u00eddky k dispozici zv\u00fdhodn\u011bn\u00e9 studentsk\u00e9 vstupenky, d\u00edky nim\u017e MBPFW otev\u00edr\u00e1 sou\u010dasnou m\u00f3dn\u00ed sc\u00e9nu \u0161ir\u0161\u00edmu publiku.<br><br><strong>Technick\u00e1 univerzita v Liberci<\/strong> p\u0159edstav\u00ed na Mercedes-Benz Prague Fashion Week SS27 novou generaci design\u00e9r\u016f 6. z\u00e1\u0159\u00ed 2026 od 16:00. Kolekce jeden\u00e1cti student\u016f TUL vznikaly na t\u00e9ma Sv\u011btlo. Sou\u010d\u00e1st\u00ed p\u0159ehl\u00eddky budou tak\u00e9 autorsk\u00e9 \u0161perky student\u016f programu N\u00e1vrh\u00e1\u0159stv\u00ed skla a \u0161perku, kter\u00e9 nevystupuj\u00ed pouze jako dopln\u011bk od\u011bvu, ale jako sv\u00e9bytn\u00e1 sou\u010d\u00e1st v\u00fdsledn\u00e9ho v\u00fdtvarn\u00e9ho konceptu. <strong>Univerzitu Tom\u00e1\u0161e Bati ve Zl\u00edn\u011b<\/strong> zastoup\u00ed t\u0159i studenti od\u011bvn\u00edho ateli\u00e9ru: Terezie Ko\u017e\u00edkov\u00e1, Yauheni Bisiuk a Zuzana Hlin\u011bn\u00e1.<br><br><strong>Ateli\u00e9r designu od\u011bvu a obuvi (DOO) UMPRUM<\/strong> p\u0159edstav\u00ed dvousemestr\u00e1ln\u00ed tv\u016fr\u010d\u00ed proces sleduj\u00edc\u00ed vznik autorsk\u00e9ho od\u011bvn\u00edho konceptu od prvn\u00edho objektu a\u017e po komplexn\u00ed od\u011bvn\u00ed celek.<br><br><strong>UMPRUM Graduates<\/strong><\/p>\n\n\n\n<p class=\"has-medium-font-size\">Program nab\u00eddne i speci\u00e1ln\u00ed show p\u011bti absolventek Vysok\u00e9 \u0161koly um\u011bleckopr\u016fmyslov\u00e9 v Praze. Sv\u00e9 pr\u00e1ce zde p\u0159edstavuj\u00ed Aneta Kadl\u010d\u00edkov\u00e1, Monika Pavl\u00edkov\u00e1 a Ema Van\u010dov\u00e1 z Ateli\u00e9ru m\u00f3dn\u00ed tvorby a Kate\u0159ina Puchmertlov\u00e1 a \u0160\u00e1rka Zejdov\u00e1 z Ateli\u00e9ru designu od\u011bvu a obuvi.<br><br><strong>Mattoni Young Fashion Stars<\/strong><\/p>\n\n\n\n<p class=\"has-medium-font-size\">V r\u00e1mci MBPFW z\u00edskala ocen\u011bn\u00ed v podob\u011b v\u00edt\u011bzstv\u00ed v sout\u011b\u017ei Mattoni Young Fashion Stars 2026 absolventka Ateli\u00e9ru designu od\u011bvu a obuvi na UMPRUM <strong>Barbora Kot\u011b\u0161ovcov\u00e1<\/strong>. Na aktu\u00e1ln\u00edm ro\u010dn\u00edku p\u0159edstav\u00ed v ned\u011bli svou debutovou ready-to-wear kolekci s n\u00e1zvem THE AFTERPOSE.<\/p>\n\n\n\n<p class=\"has-medium-font-size\"><strong>Mercedes-Benz Prague Fashion Week se od 5. do 9. z\u00e1\u0159\u00ed 2026 vr\u00e1t\u00ed do prostor SaSaZu, kter\u00e9 se znovu prom\u011bn\u00ed v centrum sou\u010dasn\u00e9 m\u00f3dn\u00ed sc\u00e9ny. Nadch\u00e1zej\u00edc\u00ed edice propoj\u00ed p\u0159ehl\u00eddky etablovan\u00fdch n\u00e1vrh\u00e1\u0159\u016f s tvorbou nastupuj\u00edc\u00ed generace design\u00e9r\u016f, studentsk\u00fdmi kolekcemi i doprovodn\u00fdm programem nap\u0159\u00ed\u010d <a href=\"https:\/\/prazskametropole.cz\/\" data-type=\"link\" data-id=\"https:\/\/prazskametropole.cz\/\">Prahou<\/a>.<\/strong><\/p>\n\n\n\n<div style=\"height:47px\" aria-hidden=\"true\" class=\"wp-block-spacer\"><\/div>\n\n\n\n<h2 class=\"wp-block-heading\" style=\"font-size:24px\">V\u00edce informac\u00ed:<\/h2>\n\n\n\n<p style=\"font-size:24px\"><br><strong>#MBPFW<\/strong><\/p>\n\n\n\n<p style=\"font-size:24px\"><a href=\"https:\/\/us.list-manage.com\/UrDecwE1HmA?e=436961162f&amp;c2id=8854859cbd5ec41573a840026047c645\"><strong>www.mbpfw.com<\/strong><\/a><\/p>\n\n\n\n<p style=\"font-size:24px\"><a href=\"https:\/\/us.list-manage.com\/HDUgzPUhBZB?e=436961162f&amp;c2id=8854859cbd5ec41573a840026047c645\"><strong>instagram.com\/mbpfw<\/strong><\/a><\/p>\n\n\n\n<p style=\"font-size:24px\"><strong>TikTok @mbpfw<\/strong><\/p>\n\n\n\n<div style=\"height:121px\" aria-hidden=\"true\" class=\"wp-block-spacer\"><\/div>\n\n\n\n<figure class=\"wp-block-gallery aligncenter has-nested-images columns-2 is-cropped wp-block-gallery-9 is-layout-flex wp-block-gallery-is-layout-flex\">\n<figure class=\"wp-block-image size-large\"><img decoding=\"async\" data-id=\"9572\" src=\"https:\/\/vcentruprahy.cz\/wp-content\/uploads\/2026\/08\/1400128-800-683x1024.jpg\" alt=\"Mercedes-Benz Prague Fashion Week SS27 p\u0159edstavuje doprovodn\u00fd program a partnersk\u00e9 akce\" class=\"wp-image-9572\"\/><\/figure>\n\n\n\n<figure class=\"wp-block-image size-large\"><img decoding=\"async\" data-id=\"9568\" src=\"https:\/\/vcentruprahy.cz\/wp-content\/uploads\/2026\/08\/1400121-800-768x1024.jpg\" alt=\"Mercedes-Benz Prague Fashion Week SS27 p\u0159edstavuje doprovodn\u00fd program a partnersk\u00e9 akce\" class=\"wp-image-9568\"\/><\/figure>\n\n\n\n<figure class=\"wp-block-image size-large\"><img decoding=\"async\" data-id=\"9570\" src=\"https:\/\/vcentruprahy.cz\/wp-content\/uploads\/2026\/08\/1400117-800-683x1024.jpg\" alt=\"Mercedes-Benz Prague Fashion Week SS27 p\u0159edstavuje doprovodn\u00fd program a partnersk\u00e9 akce\" class=\"wp-image-9570\"\/><\/figure>\n\n\n\n<figure class=\"wp-block-image size-large\"><img decoding=\"async\" data-id=\"9569\" src=\"https:\/\/vcentruprahy.cz\/wp-content\/uploads\/2026\/08\/1400110-800-683x1024.jpg\" alt=\"Mercedes-Benz Prague Fashion Week SS27 p\u0159edstavuje doprovodn\u00fd program a partnersk\u00e9 akce\" class=\"wp-image-9569\"\/><\/figure>\n\n\n\n<figure class=\"wp-block-image size-large\"><img decoding=\"async\" data-id=\"9564\" src=\"https:\/\/vcentruprahy.cz\/wp-content\/uploads\/2026\/08\/1400124-800-683x1024.jpg\" alt=\"Mercedes-Benz Prague Fashion Week SS27 p\u0159edstavuje doprovodn\u00fd program a partnersk\u00e9 akce\" class=\"wp-image-9564\"\/><\/figure>\n\n\n\n<figure class=\"wp-block-image size-large\"><img decoding=\"async\" data-id=\"9567\" src=\"https:\/\/vcentruprahy.cz\/wp-content\/uploads\/2026\/08\/1400113-800-683x1024.jpg\" alt=\"Mercedes-Benz Prague Fashion Week SS27 p\u0159edstavuje doprovodn\u00fd program a partnersk\u00e9 akce\" class=\"wp-image-9567\"\/><\/figure>\n\n\n\n<figure class=\"wp-block-image size-large\"><img decoding=\"async\" data-id=\"9573\" src=\"https:\/\/vcentruprahy.cz\/wp-content\/uploads\/2026\/08\/1400532-800-768x1024.jpg\" alt=\"Mercedes-Benz Prague Fashion Week SS27 p\u0159edstavuje doprovodn\u00fd program a partnersk\u00e9 akce\" class=\"wp-image-9573\"\/><\/figure>\n\n\n\n<figure class=\"wp-block-image size-large\"><img decoding=\"async\" data-id=\"9565\" src=\"https:\/\/vcentruprahy.cz\/wp-content\/uploads\/2026\/08\/1400131-800-769x1024.jpg\" alt=\"Mercedes-Benz Prague Fashion Week SS27 p\u0159edstavuje doprovodn\u00fd program a partnersk\u00e9 akce\" class=\"wp-image-9565\"\/><\/figure>\n\n\n\n<figure class=\"wp-block-image size-large\"><img decoding=\"async\" data-id=\"9574\" src=\"https:\/\/vcentruprahy.cz\/wp-content\/uploads\/2026\/08\/MBPFW-hlavni-TTL-1-1024x658.jpg\" alt=\"Mercedes-Benz Prague Fashion Week SS27 p\u0159edstavuje doprovodn\u00fd program a partnersk\u00e9 akce\" class=\"wp-image-9574\"\/><\/figure>\n\n\n\n<figure class=\"wp-block-image size-large\"><img decoding=\"async\" data-id=\"9566\" src=\"https:\/\/vcentruprahy.cz\/wp-content\/uploads\/2026\/08\/1266386-800-1024x683.jpg\" alt=\"Mercedes-Benz Prague Fashion Week SS27 p\u0159edstavuje doprovodn\u00fd program a partnersk\u00e9 akce\" class=\"wp-image-9566\"\/><\/figure>\n<\/figure>\n\n\n\n<div style=\"height:43px\" aria-hidden=\"true\" class=\"wp-block-spacer\"><\/div>\n\n\n\n<p class=\"has-medium-font-size\"><strong>Zdroj foto:<\/strong> MBPFW<\/p>\n\n\n\n<div style=\"height:100px\" aria-hidden=\"true\" class=\"wp-block-spacer\"><\/div>\n","protected":false},"excerpt":{"rendered":"<p>Mercedes-Benz Prague Fashion Week SS27 ve sv\u00e9 aktu\u00e1ln\u00ed edici nab\u00eddne znovu krom\u011b p\u0159ehl\u00eddkov\u00e9ho programu tak\u00e9 pestr\u00fd doprovodn\u00fd program, kter\u00fd prob\u011bhne od 5. do 10. z\u00e1\u0159\u00ed nap\u0159\u00ed\u010d Prahou. P\u0159edstav\u00ed mezin\u00e1rodn\u00ed hosty, exkluzivn\u00ed ud\u00e1losti, partnersk\u00e9 z\u00f3ny i nastupuj\u00edc\u00ed generaci n\u00e1vrh\u00e1\u0159\u016f. Sou\u010d\u00e1st\u00ed leto\u0161n\u00ed edice bude partnersk\u00e1 z\u00f3na v&nbsp;hlavn\u00ed lokaci. Doprovodn\u00fd program&nbsp; Doprovodn\u00fd program otev\u0159e TOM\u00c1\u0160 N\u011aMEC SOIR\u00c9E by [&hellip;]<\/p>\n","protected":false},"author":12,"featured_media":8247,"comment_status":"closed","ping_status":"closed","sticky":true,"template":"","format":"standard","meta":{"_mi_skip_tracking":false,"_monsterinsights_sitenote_active":false,"_monsterinsights_sitenote_note":"","_monsterinsights_sitenote_category":0,"footnotes":""},"categories":[3,2,13],"tags":[],"yoast_head":"<!-- This site is optimized with the Yoast SEO plugin v21.4 - https:\/\/yoast.com\/wordpress\/plugins\/seo\/ -->\n<title>Mercedes-Benz Prague Fashion Week SS27 - LUXURYMAGAZINE.cz<\/title>\n<meta name=\"description\" content=\"Doprovodn\u00fd program prob\u011bhne od 5. do 10. z\u00e1\u0159\u00ed nap\u0159\u00ed\u010d Prahou. P\u0159edstav\u00ed hosty, ud\u00e1losti, partnersk\u00e9 z\u00f3ny i nastupuj\u00edc\u00ed generaci n\u00e1vrh\u00e1\u0159\u016f.\" \/>\n<meta name=\"robots\" content=\"index, follow, max-snippet:-1, max-image-preview:large, max-video-preview:-1\" \/>\n<link rel=\"canonical\" href=\"https:\/\/luxurymagazine.cz\/index.php\/2026\/08\/31\/mercedes-benz-prague-fashion-week-ss27\/\" \/>\n<meta property=\"og:locale\" content=\"cs_CZ\" \/>\n<meta property=\"og:type\" content=\"article\" \/>\n<meta property=\"og:title\" content=\"Mercedes-Benz Prague Fashion Week SS27 - LUXURYMAGAZINE.cz\" \/>\n<meta property=\"og:description\" content=\"Doprovodn\u00fd program prob\u011bhne od 5. do 10. z\u00e1\u0159\u00ed nap\u0159\u00ed\u010d Prahou. P\u0159edstav\u00ed hosty, ud\u00e1losti, partnersk\u00e9 z\u00f3ny i nastupuj\u00edc\u00ed generaci n\u00e1vrh\u00e1\u0159\u016f.\" \/>\n<meta property=\"og:url\" content=\"https:\/\/luxurymagazine.cz\/index.php\/2026\/08\/31\/mercedes-benz-prague-fashion-week-ss27\/\" \/>\n<meta property=\"og:site_name\" content=\"LUXURYMAGAZINE.cz\" \/>\n<meta property=\"article:published_time\" content=\"2026-08-30T22:01:00+00:00\" \/>\n<meta property=\"article:modified_time\" content=\"2026-08-30T23:29:13+00:00\" \/>\n<meta property=\"og:image\" content=\"https:\/\/luxurymagazine.cz\/wp-content\/uploads\/2026\/08\/1266386-800.jpg\" \/>\n\t<meta property=\"og:image:width\" content=\"2048\" \/>\n\t<meta property=\"og:image:height\" content=\"1365\" \/>\n\t<meta property=\"og:image:type\" content=\"image\/jpeg\" \/>\n<meta name=\"author\" content=\"So\u0148a Bourek\" \/>\n<meta name=\"twitter:card\" content=\"summary_large_image\" \/>\n<meta name=\"twitter:label1\" content=\"Napsal(a)\" \/>\n\t<meta name=\"twitter:data1\" content=\"So\u0148a Bourek\" \/>\n\t<meta name=\"twitter:label2\" content=\"Odhadovan\u00e1 doba \u010dten\u00ed\" \/>\n\t<meta name=\"twitter:data2\" content=\"10 minut\" \/>\n<script type=\"application\/ld+json\" class=\"yoast-schema-graph\">{\"@context\":\"https:\/\/schema.org\",\"@graph\":[{\"@type\":\"Article\",\"@id\":\"https:\/\/luxurymagazine.cz\/index.php\/2026\/08\/31\/mercedes-benz-prague-fashion-week-ss27\/#article\",\"isPartOf\":{\"@id\":\"https:\/\/luxurymagazine.cz\/index.php\/2026\/08\/31\/mercedes-benz-prague-fashion-week-ss27\/\"},\"author\":{\"name\":\"So\u0148a Bourek\",\"@id\":\"https:\/\/luxurymagazine.cz\/#\/schema\/person\/58cee666afdc8bdfc8dcdb105fe40983\"},\"headline\":\"Mercedes-Benz Prague Fashion Week SS27\",\"datePublished\":\"2026-08-30T22:01:00+00:00\",\"dateModified\":\"2026-08-30T23:29:13+00:00\",\"mainEntityOfPage\":{\"@id\":\"https:\/\/luxurymagazine.cz\/index.php\/2026\/08\/31\/mercedes-benz-prague-fashion-week-ss27\/\"},\"wordCount\":1271,\"publisher\":{\"@id\":\"https:\/\/luxurymagazine.cz\/#organization\"},\"articleSection\":[\"M\u00d3DA\",\"NEWS\",\"TIPY &amp; TRENDY\"],\"inLanguage\":\"cs\"},{\"@type\":\"WebPage\",\"@id\":\"https:\/\/luxurymagazine.cz\/index.php\/2026\/08\/31\/mercedes-benz-prague-fashion-week-ss27\/\",\"url\":\"https:\/\/luxurymagazine.cz\/index.php\/2026\/08\/31\/mercedes-benz-prague-fashion-week-ss27\/\",\"name\":\"Mercedes-Benz Prague Fashion Week SS27 - LUXURYMAGAZINE.cz\",\"isPartOf\":{\"@id\":\"https:\/\/luxurymagazine.cz\/#website\"},\"datePublished\":\"2026-08-30T22:01:00+00:00\",\"dateModified\":\"2026-08-30T23:29:13+00:00\",\"description\":\"Doprovodn\u00fd program prob\u011bhne od 5. do 10. z\u00e1\u0159\u00ed nap\u0159\u00ed\u010d Prahou. P\u0159edstav\u00ed hosty, ud\u00e1losti, partnersk\u00e9 z\u00f3ny i nastupuj\u00edc\u00ed generaci n\u00e1vrh\u00e1\u0159\u016f.\",\"breadcrumb\":{\"@id\":\"https:\/\/luxurymagazine.cz\/index.php\/2026\/08\/31\/mercedes-benz-prague-fashion-week-ss27\/#breadcrumb\"},\"inLanguage\":\"cs\",\"potentialAction\":[{\"@type\":\"ReadAction\",\"target\":[\"https:\/\/luxurymagazine.cz\/index.php\/2026\/08\/31\/mercedes-benz-prague-fashion-week-ss27\/\"]}]},{\"@type\":\"BreadcrumbList\",\"@id\":\"https:\/\/luxurymagazine.cz\/index.php\/2026\/08\/31\/mercedes-benz-prague-fashion-week-ss27\/#breadcrumb\",\"itemListElement\":[{\"@type\":\"ListItem\",\"position\":1,\"name\":\"Dom\u016f\",\"item\":\"https:\/\/luxurymagazine.cz\/\"},{\"@type\":\"ListItem\",\"position\":2,\"name\":\"Mercedes-Benz Prague Fashion Week SS27\"}]},{\"@type\":\"WebSite\",\"@id\":\"https:\/\/luxurymagazine.cz\/#website\",\"url\":\"https:\/\/luxurymagazine.cz\/\",\"name\":\"LUXURYMAGAZINE.cz\",\"description\":\"Port\u00e1l v\u00fdhradn\u011b o luxusu...\",\"publisher\":{\"@id\":\"https:\/\/luxurymagazine.cz\/#organization\"},\"potentialAction\":[{\"@type\":\"SearchAction\",\"target\":{\"@type\":\"EntryPoint\",\"urlTemplate\":\"https:\/\/luxurymagazine.cz\/?s={search_term_string}\"},\"query-input\":\"required name=search_term_string\"}],\"inLanguage\":\"cs\"},{\"@type\":\"Organization\",\"@id\":\"https:\/\/luxurymagazine.cz\/#organization\",\"name\":\"LUXURYMAGAZINE.cz\",\"url\":\"https:\/\/luxurymagazine.cz\/\",\"logo\":{\"@type\":\"ImageObject\",\"inLanguage\":\"cs\",\"@id\":\"https:\/\/luxurymagazine.cz\/#\/schema\/logo\/image\/\",\"url\":\"https:\/\/luxurymagazine.cz\/wp-content\/uploads\/2024\/12\/cropped-Logo_LuxuryMagazine-1.jpg\",\"contentUrl\":\"https:\/\/luxurymagazine.cz\/wp-content\/uploads\/2024\/12\/cropped-Logo_LuxuryMagazine-1.jpg\",\"width\":934,\"height\":509,\"caption\":\"LUXURYMAGAZINE.cz\"},\"image\":{\"@id\":\"https:\/\/luxurymagazine.cz\/#\/schema\/logo\/image\/\"}},{\"@type\":\"Person\",\"@id\":\"https:\/\/luxurymagazine.cz\/#\/schema\/person\/58cee666afdc8bdfc8dcdb105fe40983\",\"name\":\"So\u0148a Bourek\",\"image\":{\"@type\":\"ImageObject\",\"inLanguage\":\"cs\",\"@id\":\"https:\/\/luxurymagazine.cz\/#\/schema\/person\/image\/\",\"url\":\"https:\/\/secure.gravatar.com\/avatar\/bacc8d871291578ac3a31a10804e8713?s=96&d=mm&r=g\",\"contentUrl\":\"https:\/\/secure.gravatar.com\/avatar\/bacc8d871291578ac3a31a10804e8713?s=96&d=mm&r=g\",\"caption\":\"So\u0148a Bourek\"},\"sameAs\":[\"http:\/\/LUXURYMAGAZINE.cz\"],\"url\":\"https:\/\/luxurymagazine.cz\/index.php\/author\/bous\/\"}]}<\/script>\n<!-- \/ Yoast SEO plugin. -->","yoast_head_json":{"title":"Mercedes-Benz Prague Fashion Week SS27 - LUXURYMAGAZINE.cz","description":"Doprovodn\u00fd program prob\u011bhne od 5. do 10. z\u00e1\u0159\u00ed nap\u0159\u00ed\u010d Prahou. P\u0159edstav\u00ed hosty, ud\u00e1losti, partnersk\u00e9 z\u00f3ny i nastupuj\u00edc\u00ed generaci n\u00e1vrh\u00e1\u0159\u016f.","robots":{"index":"index","follow":"follow","max-snippet":"max-snippet:-1","max-image-preview":"max-image-preview:large","max-video-preview":"max-video-preview:-1"},"canonical":"https:\/\/luxurymagazine.cz\/index.php\/2026\/08\/31\/mercedes-benz-prague-fashion-week-ss27\/","og_locale":"cs_CZ","og_type":"article","og_title":"Mercedes-Benz Prague Fashion Week SS27 - LUXURYMAGAZINE.cz","og_description":"Doprovodn\u00fd program prob\u011bhne od 5. do 10. z\u00e1\u0159\u00ed nap\u0159\u00ed\u010d Prahou. P\u0159edstav\u00ed hosty, ud\u00e1losti, partnersk\u00e9 z\u00f3ny i nastupuj\u00edc\u00ed generaci n\u00e1vrh\u00e1\u0159\u016f.","og_url":"https:\/\/luxurymagazine.cz\/index.php\/2026\/08\/31\/mercedes-benz-prague-fashion-week-ss27\/","og_site_name":"LUXURYMAGAZINE.cz","article_published_time":"2026-08-30T22:01:00+00:00","article_modified_time":"2026-08-30T23:29:13+00:00","og_image":[{"width":2048,"height":1365,"url":"https:\/\/luxurymagazine.cz\/wp-content\/uploads\/2026\/08\/1266386-800.jpg","type":"image\/jpeg"}],"author":"So\u0148a Bourek","twitter_card":"summary_large_image","twitter_misc":{"Napsal(a)":"So\u0148a Bourek","Odhadovan\u00e1 doba \u010dten\u00ed":"10 minut"},"schema":{"@context":"https:\/\/schema.org","@graph":[{"@type":"Article","@id":"https:\/\/luxurymagazine.cz\/index.php\/2026\/08\/31\/mercedes-benz-prague-fashion-week-ss27\/#article","isPartOf":{"@id":"https:\/\/luxurymagazine.cz\/index.php\/2026\/08\/31\/mercedes-benz-prague-fashion-week-ss27\/"},"author":{"name":"So\u0148a Bourek","@id":"https:\/\/luxurymagazine.cz\/#\/schema\/person\/58cee666afdc8bdfc8dcdb105fe40983"},"headline":"Mercedes-Benz Prague Fashion Week SS27","datePublished":"2026-08-30T22:01:00+00:00","dateModified":"2026-08-30T23:29:13+00:00","mainEntityOfPage":{"@id":"https:\/\/luxurymagazine.cz\/index.php\/2026\/08\/31\/mercedes-benz-prague-fashion-week-ss27\/"},"wordCount":1271,"publisher":{"@id":"https:\/\/luxurymagazine.cz\/#organization"},"articleSection":["M\u00d3DA","NEWS","TIPY &amp; TRENDY"],"inLanguage":"cs"},{"@type":"WebPage","@id":"https:\/\/luxurymagazine.cz\/index.php\/2026\/08\/31\/mercedes-benz-prague-fashion-week-ss27\/","url":"https:\/\/luxurymagazine.cz\/index.php\/2026\/08\/31\/mercedes-benz-prague-fashion-week-ss27\/","name":"Mercedes-Benz Prague Fashion Week SS27 - LUXURYMAGAZINE.cz","isPartOf":{"@id":"https:\/\/luxurymagazine.cz\/#website"},"datePublished":"2026-08-30T22:01:00+00:00","dateModified":"2026-08-30T23:29:13+00:00","description":"Doprovodn\u00fd program prob\u011bhne od 5. do 10. z\u00e1\u0159\u00ed nap\u0159\u00ed\u010d Prahou. P\u0159edstav\u00ed hosty, ud\u00e1losti, partnersk\u00e9 z\u00f3ny i nastupuj\u00edc\u00ed generaci n\u00e1vrh\u00e1\u0159\u016f.","breadcrumb":{"@id":"https:\/\/luxurymagazine.cz\/index.php\/2026\/08\/31\/mercedes-benz-prague-fashion-week-ss27\/#breadcrumb"},"inLanguage":"cs","potentialAction":[{"@type":"ReadAction","target":["https:\/\/luxurymagazine.cz\/index.php\/2026\/08\/31\/mercedes-benz-prague-fashion-week-ss27\/"]}]},{"@type":"BreadcrumbList","@id":"https:\/\/luxurymagazine.cz\/index.php\/2026\/08\/31\/mercedes-benz-prague-fashion-week-ss27\/#breadcrumb","itemListElement":[{"@type":"ListItem","position":1,"name":"Dom\u016f","item":"https:\/\/luxurymagazine.cz\/"},{"@type":"ListItem","position":2,"name":"Mercedes-Benz Prague Fashion Week SS27"}]},{"@type":"WebSite","@id":"https:\/\/luxurymagazine.cz\/#website","url":"https:\/\/luxurymagazine.cz\/","name":"LUXURYMAGAZINE.cz","description":"Port\u00e1l v\u00fdhradn\u011b o luxusu...","publisher":{"@id":"https:\/\/luxurymagazine.cz\/#organization"},"potentialAction":[{"@type":"SearchAction","target":{"@type":"EntryPoint","urlTemplate":"https:\/\/luxurymagazine.cz\/?s={search_term_string}"},"query-input":"required name=search_term_string"}],"inLanguage":"cs"},{"@type":"Organization","@id":"https:\/\/luxurymagazine.cz\/#organization","name":"LUXURYMAGAZINE.cz","url":"https:\/\/luxurymagazine.cz\/","logo":{"@type":"ImageObject","inLanguage":"cs","@id":"https:\/\/luxurymagazine.cz\/#\/schema\/logo\/image\/","url":"https:\/\/luxurymagazine.cz\/wp-content\/uploads\/2024\/12\/cropped-Logo_LuxuryMagazine-1.jpg","contentUrl":"https:\/\/luxurymagazine.cz\/wp-content\/uploads\/2024\/12\/cropped-Logo_LuxuryMagazine-1.jpg","width":934,"height":509,"caption":"LUXURYMAGAZINE.cz"},"image":{"@id":"https:\/\/luxurymagazine.cz\/#\/schema\/logo\/image\/"}},{"@type":"Person","@id":"https:\/\/luxurymagazine.cz\/#\/schema\/person\/58cee666afdc8bdfc8dcdb105fe40983","name":"So\u0148a Bourek","image":{"@type":"ImageObject","inLanguage":"cs","@id":"https:\/\/luxurymagazine.cz\/#\/schema\/person\/image\/","url":"https:\/\/secure.gravatar.com\/avatar\/bacc8d871291578ac3a31a10804e8713?s=96&d=mm&r=g","contentUrl":"https:\/\/secure.gravatar.com\/avatar\/bacc8d871291578ac3a31a10804e8713?s=96&d=mm&r=g","caption":"So\u0148a Bourek"},"sameAs":["http:\/\/LUXURYMAGAZINE.cz"],"url":"https:\/\/luxurymagazine.cz\/index.php\/author\/bous\/"}]}},"_links":{"self":[{"href":"https:\/\/luxurymagazine.cz\/index.php\/wp-json\/wp\/v2\/posts\/8246"}],"collection":[{"href":"https:\/\/luxurymagazine.cz\/index.php\/wp-json\/wp\/v2\/posts"}],"about":[{"href":"https:\/\/luxurymagazine.cz\/index.php\/wp-json\/wp\/v2\/types\/post"}],"author":[{"embeddable":true,"href":"https:\/\/luxurymagazine.cz\/index.php\/wp-json\/wp\/v2\/users\/12"}],"replies":[{"embeddable":true,"href":"https:\/\/luxurymagazine.cz\/index.php\/wp-json\/wp\/v2\/comments?post=8246"}],"version-history":[{"count":-4,"href":"https:\/\/luxurymagazine.cz\/index.php\/wp-json\/wp\/v2\/posts\/8246\/revisions"}],"wp:featuredmedia":[{"embeddable":true,"href":"https:\/\/luxurymagazine.cz\/index.php\/wp-json\/wp\/v2\/media\/8247"}],"wp:attachment":[{"href":"https:\/\/luxurymagazine.cz\/index.php\/wp-json\/wp\/v2\/media?parent=8246"}],"wp:term":[{"taxonomy":"category","embeddable":true,"href":"https:\/\/luxurymagazine.cz\/index.php\/wp-json\/wp\/v2\/categories?post=8246"},{"taxonomy":"post_tag","embeddable":true,"href":"https:\/\/luxurymagazine.cz\/index.php\/wp-json\/wp\/v2\/tags?post=8246"}],"curies":[{"name":"wp","href":"https:\/\/api.w.org\/{rel}","templated":true}]}}