{"id":8249,"date":"2026-09-01T00:01:00","date_gmt":"2026-08-31T22:01:00","guid":{"rendered":"https:\/\/luxurymagazine.cz\/?p=8249"},"modified":"2026-08-31T23:14:26","modified_gmt":"2026-08-31T21:14:26","slug":"prosecco-fest-2026-svatovaclavska-vinice-pod-prazskym-hradem-jiz-v-sobotu-5-zari","status":"publish","type":"post","link":"https:\/\/luxurymagazine.cz\/index.php\/2026\/09\/01\/prosecco-fest-2026-svatovaclavska-vinice-pod-prazskym-hradem-jiz-v-sobotu-5-zari\/","title":{"rendered":"PROSECCO FEST 2026: Svatov\u00e1clavsk\u00e1 vinice pod Pra\u017esk\u00fdm hradem ji\u017e v sobotu 5. z\u00e1\u0159\u00ed"},"content":{"rendered":"\n<div style=\"height:45px\" aria-hidden=\"true\" class=\"wp-block-spacer\"><\/div>\n\n\n\n<p class=\"has-medium-font-size\"><strong>L\u00e9to se pomalu ch\u00fdl\u00ed ke konci, ale d\u016fvod k oslav\u011b rozhodn\u011b nekon\u010d\u00ed. Do jedine\u010dn\u00fdch prostor Villa Richter a Svatov\u00e1clavsk\u00e1 vinice pod <a href=\"https:\/\/prazskyhrad.cz\/\" type=\"link\" id=\"https:\/\/prazskyhrad.cz\/\">Pra\u017esk\u00fdm hradem<\/a> se vrac\u00ed obl\u00edben\u00fd <a href=\"https:\/\/www.facebook.com\/events\/2109918146437886\" type=\"link\" id=\"https:\/\/www.facebook.com\/events\/2109918146437886\">Prosecco Fest 2026<\/a>. V sobotu 5. z\u00e1\u0159\u00ed 2026 nab\u00eddne n\u00e1v\u0161t\u011bvn\u00edk\u016fm skleni\u010dky pln\u00e9 bublinek, italsk\u00e9 speciality, hudbu a p\u0159edev\u0161\u00edm atmosf\u00e9ru, kter\u00e1 p\u0159ipomene bezstarostn\u00e9 chv\u00edle v italsk\u00e9m Venetu. To v\u0161e nav\u00edc s jedn\u00edm z nejkr\u00e1sn\u011bj\u0161\u00edch v\u00fdhled\u016f na <a href=\"https:\/\/prazskametropole.cz\/\" type=\"link\" id=\"https:\/\/prazskametropole.cz\/\">Pra\u017eskou Metropole<\/a>.<\/strong><\/p>\n\n\n\n<div style=\"height:45px\" aria-hidden=\"true\" class=\"wp-block-spacer\"><\/div>\n\n\n<div class=\"wp-block-image\">\n<figure class=\"aligncenter size-large\"><img decoding=\"async\" src=\"https:\/\/vcentru.cz\/wp-content\/uploads\/2026\/08\/641512732_1513008564162530_5248171380893906677_n-1024x536.jpg\" alt=\"PROSECCO FEST 2026: Italsk\u00e1 dolce vita ovl\u00e1dne Svatov\u00e1clavskou vinici pod Pra\u017esk\u00fdm hradem ji\u017e v sobotu 5. z\u00e1\u0159\u00ed\" class=\"wp-image-10875\"\/><\/figure><\/div>\n\n\n<div style=\"height:45px\" aria-hidden=\"true\" class=\"wp-block-spacer\"><\/div>\n\n\n\n<h2 class=\"wp-block-heading\">Prosecco Fest 2026 nab\u00eddne It\u00e1lii v srdci Prahy<\/h2>\n\n\n\n<div style=\"height:45px\" aria-hidden=\"true\" class=\"wp-block-spacer\"><\/div>\n\n\n\n<p class=\"has-medium-font-size\">Pokud milujete \u0161umiv\u00e1 v\u00edna, italskou kuchyni a pohodovou atmosf\u00e9ru, m\u011bli byste si datum 5. z\u00e1\u0159\u00ed poznamenat do kalend\u00e1\u0159e. <strong><a href=\"https:\/\/www.facebook.com\/events\/2109918146437886\" type=\"link\" id=\"https:\/\/www.facebook.com\/events\/2109918146437886\">Prosecco Fest 2026<\/a><\/strong> se uskute\u010dn\u00ed od 12 do 20 hodin v are\u00e1lu <strong><a href=\"https:\/\/www.villarichter.cz\/\" type=\"link\" id=\"https:\/\/www.villarichter.cz\/\">Villa Richter<\/a><\/strong>, kter\u00fd se nach\u00e1z\u00ed p\u0159\u00edmo v historick\u00e9m srdci Prahy.<\/p>\n\n\n\n<p class=\"has-medium-font-size\">Festival je oslavou Prosecca a \u017eivotn\u00edho stylu \u201ela dolce vita\u201c. N\u00e1v\u0161t\u011bvn\u00edci si budou moci vychutnat nejr\u016fzn\u011bj\u0161\u00ed podoby tohoto obl\u00edben\u00e9ho italsk\u00e9ho v\u00edna a z\u00e1rove\u0148 si u\u017e\u00edt p\u0159\u00edjemn\u00e9 odpoledne s p\u0159\u00e1teli, rodinou nebo partnerem. <strong><a href=\"https:\/\/www.instagram.com\/richtervilla\/\" type=\"link\" id=\"https:\/\/www.instagram.com\/richtervilla\/\">Prosecco Fest<\/a><\/strong> tak nen\u00ed jen festivalem v\u00edna, ale tak\u00e9 p\u0159\u00edle\u017eitost\u00ed na chv\u00edli zpomalit a u\u017e\u00edt si atmosf\u00e9ru l\u00e9ta.<\/p>\n\n\n\n<div style=\"height:45px\" aria-hidden=\"true\" class=\"wp-block-spacer\"><\/div>\n\n\n\n<figure class=\"wp-block-gallery has-nested-images columns-default is-cropped wp-block-gallery-1 is-layout-flex wp-block-gallery-is-layout-flex\">\n<figure class=\"wp-block-image size-large\"><img decoding=\"async\" data-id=\"10880\" src=\"https:\/\/vcentru.cz\/wp-content\/uploads\/2026\/08\/778988959_1677802917683093_6474920674241375956_n-819x1024.jpg\" alt=\"PROSECCO FEST 2026: Italsk\u00e1 dolce vita ovl\u00e1dne Svatov\u00e1clavskou vinici pod Pra\u017esk\u00fdm hradem ji\u017e v sobotu 5. z\u00e1\u0159\u00ed\" class=\"wp-image-10880\"\/><\/figure>\n\n\n\n<figure class=\"wp-block-image size-large\"><img decoding=\"async\" data-id=\"10881\" src=\"https:\/\/vcentru.cz\/wp-content\/uploads\/2026\/08\/775260491_1677802957683089_7898348694248072051_n-819x1024.jpg\" alt=\"PROSECCO FEST 2026: Italsk\u00e1 dolce vita ovl\u00e1dne Svatov\u00e1clavskou vinici pod Pra\u017esk\u00fdm hradem ji\u017e v sobotu 5. z\u00e1\u0159\u00ed\" class=\"wp-image-10881\"\/><\/figure>\n<\/figure>\n\n\n\n<div style=\"height:45px\" aria-hidden=\"true\" class=\"wp-block-spacer\"><\/div>\n\n\n\n<h2 class=\"wp-block-heading\">Z Veneta a\u017e pod pra\u017esk\u00fdm hradem<\/h2>\n\n\n\n<div style=\"height:45px\" aria-hidden=\"true\" class=\"wp-block-spacer\"><\/div>\n\n\n\n<p class=\"has-medium-font-size\">Hlavn\u00ed roli bude samoz\u0159ejm\u011b hr\u00e1t Prosecco z oblasti Veneto. T\u011b\u0161it se m\u016f\u017eete na \u0161irok\u00fd v\u00fdb\u011br v\u00edn od pe\u010dliv\u011b vybran\u00fdch italsk\u00fdch vina\u0159\u016f. Na sv\u00e9 si p\u0159ijdou milovn\u00edci klasick\u00e9ho Prosecca, ale tak\u00e9 ti, kte\u0159\u00ed r\u00e1di objevuj\u00ed nov\u00e9 trendy.<\/p>\n\n\n\n<p class=\"has-medium-font-size\">Sou\u010d\u00e1st\u00ed nab\u00eddky bude tak\u00e9 <strong>Prosecco Ros\u00e9<\/strong> a pro n\u00e1v\u0161t\u011bvn\u00edky, kte\u0159\u00ed d\u00e1vaj\u00ed p\u0159ednost nealkoholick\u00fdm variant\u00e1m, nebudou chyb\u011bt ani nealkoholick\u00e1 \u0161umiv\u00e1 v\u00edna. Festival tak mysl\u00ed na v\u0161echny, kte\u0159\u00ed si cht\u011bj\u00ed u\u017e\u00edt chu\u0165 a atmosf\u00e9ru bublinek bez ohledu na alkohol.<\/p>\n\n\n\n<p class=\"has-medium-font-size\">V\u00fdhodou akce je nav\u00edc samotn\u00e9 m\u00edsto. <strong><a href=\"https:\/\/www.villarichter.cz\/vino-a-jidlo\/\" type=\"link\" id=\"https:\/\/www.villarichter.cz\/vino-a-jidlo\/\">Svatov\u00e1clavsk\u00e1 vinice<\/a><\/strong> pat\u0159\u00ed mezi mimo\u0159\u00e1dn\u011b p\u016fsobiv\u00e1 pra\u017esk\u00e1 m\u00edsta a spojen\u00ed vinice, skleni\u010dky Prosecca a panoramatick\u00e9ho v\u00fdhledu vytv\u00e1\u0159\u00ed kombinaci, kter\u00e1 se jen t\u011b\u017eko napodobuje.<\/p>\n\n\n\n<div style=\"height:45px\" aria-hidden=\"true\" class=\"wp-block-spacer\"><\/div>\n\n\n\n<figure class=\"wp-block-gallery has-nested-images columns-default is-cropped wp-block-gallery-3 is-layout-flex wp-block-gallery-is-layout-flex\">\n<figure class=\"wp-block-image size-large\"><img decoding=\"async\" data-id=\"10873\" src=\"https:\/\/vcentru.cz\/wp-content\/uploads\/2026\/08\/775261308_1677803124349739_5681291035715328145_n-819x1024.jpg\" alt=\"PROSECCO FEST 2026: Italsk\u00e1 dolce vita ovl\u00e1dne Svatov\u00e1clavskou vinici pod Pra\u017esk\u00fdm hradem ji\u017e v sobotu 5. z\u00e1\u0159\u00ed\" class=\"wp-image-10873\"\/><\/figure>\n\n\n\n<figure class=\"wp-block-image size-large\"><img decoding=\"async\" data-id=\"10874\" src=\"https:\/\/vcentru.cz\/wp-content\/uploads\/2026\/08\/775523856_1677803107683074_3794229321671801821_n-819x1024.jpg\" alt=\"PROSECCO FEST 2026: Italsk\u00e1 dolce vita ovl\u00e1dne Svatov\u00e1clavskou vinici pod Pra\u017esk\u00fdm hradem ji\u017e v sobotu 5. z\u00e1\u0159\u00ed\" class=\"wp-image-10874\"\/><\/figure>\n<\/figure>\n\n\n\n<div style=\"height:45px\" aria-hidden=\"true\" class=\"wp-block-spacer\"><\/div>\n\n\n\n<h2 class=\"wp-block-heading\">Italsk\u00e9 speciality, hudba a atmosf\u00e9ra \u201ela dolce vita\u201c<\/h2>\n\n\n\n<div style=\"height:45px\" aria-hidden=\"true\" class=\"wp-block-spacer\"><\/div>\n\n\n\n<p class=\"has-medium-font-size\">K dobr\u00e9mu v\u00ednu pat\u0159\u00ed dobr\u00e9 j\u00eddlo. Ani letos proto nebudou na <strong><a href=\"https:\/\/www.villarichter.cz\/prosecco-fest\/\" type=\"link\" id=\"https:\/\/www.villarichter.cz\/prosecco-fest\/\">Prosecco Fest 2026<\/a><\/strong> chyb\u011bt italsk\u00e9 speciality, kter\u00e9 p\u0159\u00edjemn\u011b dopln\u00ed nab\u00eddku festivalov\u00fdch v\u00edn.<\/p>\n\n\n\n<p class=\"has-medium-font-size\">Atmosf\u00e9ru b\u011bhem dne podpo\u0159\u00ed tak\u00e9 hudebn\u00ed doprovod. N\u00e1v\u0161t\u011bvn\u00edci se tak mohou t\u011b\u0161it na pohodov\u00e9 odpoledne, b\u011bhem kter\u00e9ho se budou snoubit italsk\u00e9 chut\u011b, v\u016fn\u011b, hudba a skleni\u010dky pln\u00e9 bublinek.<\/p>\n\n\n\n<p class=\"has-medium-font-size\">A pr\u00e1v\u011b v tom spo\u010d\u00edv\u00e1 kouzlo cel\u00e9 akce. <strong>Festival skv\u011bl\u00e9ho prosecca<\/strong> nab\u00eddne mo\u017enost u\u017e\u00edt si kousek It\u00e1lie bez nutnosti opou\u0161t\u011bt <strong><a href=\"https:\/\/prazskametropole.cz\/\" type=\"link\" id=\"https:\/\/prazskametropole.cz\/\">Metropole<\/a><\/strong>. Sta\u010d\u00ed vystoupat <strong><a href=\"https:\/\/vsrdciprahy.cz\/\" type=\"link\" id=\"https:\/\/vsrdciprahy.cz\/\">V srdci Prahy<\/a><\/strong> na m\u00edsto, odkud se otev\u00edr\u00e1 kr\u00e1sn\u00fd pohled na st\u0159echy a dominanty hlavn\u00edho m\u011bsta.<\/p>\n\n\n\n<div style=\"height:45px\" aria-hidden=\"true\" class=\"wp-block-spacer\"><\/div>\n\n\n<div class=\"wp-block-image\">\n<figure class=\"aligncenter size-large\"><img decoding=\"async\" src=\"https:\/\/vcentru.cz\/wp-content\/uploads\/2026\/08\/761986760_1663514092445309_775898220041642051_n-819x1024.jpg\" alt=\"PROSECCO FEST 2026: Italsk\u00e1 dolce vita ovl\u00e1dne Svatov\u00e1clavskou vinici pod Pra\u017esk\u00fdm hradem ji\u017e v sobotu 5. z\u00e1\u0159\u00ed\" class=\"wp-image-10879\"\/><\/figure><\/div>\n\n\n<div style=\"height:45px\" aria-hidden=\"true\" class=\"wp-block-spacer\"><\/div>\n\n\n\n<h2 class=\"wp-block-heading\">Vstupenka zahrnuje tak\u00e9 festivalovou skleni\u010dku<\/h2>\n\n\n\n<div style=\"height:45px\" aria-hidden=\"true\" class=\"wp-block-spacer\"><\/div>\n\n\n\n<p class=\"has-medium-font-size\">Vstupenky na <strong><a href=\"https:\/\/www.facebook.com\/events\/2109918146437886\" type=\"link\" id=\"https:\/\/www.facebook.com\/events\/2109918146437886\">Prosecco Fest 2026<\/a><\/strong> jsou ji\u017e v p\u0159edprodeji. Z\u00e1kladn\u00ed vstupn\u00e9 \u010din\u00ed 200 K\u010d plus manipula\u010dn\u00ed poplatek prodejce, zat\u00edmco na m\u00edst\u011b zaplat\u00edte 250 K\u010d. V cen\u011b vstupn\u00e9ho je zahrnut tak\u00e9 vstup do festivalov\u00e9ho are\u00e1lu a festivalov\u00e1 skleni\u010dka.<\/p>\n\n\n\n<p class=\"has-medium-font-size\">P\u0159edprodej nav\u00edc p\u0159in\u00e1\u0161\u00ed praktick\u00e9 v\u00fdhody v podob\u011b expresn\u00edho vstupu a p\u0159ednostn\u00ed pokladny na \u017eetony. Kdo tedy nechce zbyte\u010dn\u011b \u010dekat a chce si festivalov\u00e9 odpoledne u\u017e\u00edt naplno, m\u016f\u017ee si vstup zajistit s p\u0159edstihem.<\/p>\n\n\n\n<div style=\"height:45px\" aria-hidden=\"true\" class=\"wp-block-spacer\"><\/div>\n\n\n<div class=\"wp-block-image\">\n<figure class=\"aligncenter size-full\"><img decoding=\"async\" src=\"https:\/\/vcentru.cz\/wp-content\/uploads\/2026\/08\/Areal.png\" alt=\"PROSECCO FEST 2026: Italsk\u00e1 dolce vita ovl\u00e1dne Svatov\u00e1clavskou vinici pod Pra\u017esk\u00fdm hradem ji\u017e v sobotu 5. z\u00e1\u0159\u00ed\" class=\"wp-image-10878\"\/><\/figure><\/div>\n\n\n<div style=\"height:45px\" aria-hidden=\"true\" class=\"wp-block-spacer\"><\/div>\n\n\n\n<h2 class=\"wp-block-heading\">Praktick\u00e9 informace k Prosecco Fest 2026<\/h2>\n\n\n\n<div style=\"height:45px\" aria-hidden=\"true\" class=\"wp-block-spacer\"><\/div>\n\n\n\n<p class=\"has-medium-font-size\"><strong><a href=\"https:\/\/www.villarichter.cz\/prosecco-fest\/\" type=\"link\" id=\"https:\/\/www.villarichter.cz\/prosecco-fest\/\">Prosecco Fest 2026<\/a> se uskute\u010dn\u00ed v sobotu 5. z\u00e1\u0159\u00ed 2026 od 12:00 do 20:00 hodin<\/strong> v prostor\u00e1ch <strong><a href=\"https:\/\/www.instagram.com\/richtervilla\/\" type=\"link\" id=\"https:\/\/www.instagram.com\/richtervilla\/\">Villa Richter<\/a><\/strong> a <strong>Svatov\u00e1clavsk\u00e1 vinice<\/strong> pod <strong><a href=\"https:\/\/prazskyhrad.cz\/\" type=\"link\" id=\"https:\/\/prazskyhrad.cz\/\">Pra\u017esk\u00fdm hradem<\/a><\/strong>.<\/p>\n\n\n\n<p class=\"has-medium-font-size\"><strong>Festivalov\u00e9 \u017eetony budou k dispozici v bal\u00ed\u010dku 10 kus\u016f za 500 K\u010d<\/strong>. Platit lze hotov\u011b i kartou, p\u0159i\u010dem\u017e zakoupen\u00e9 \u017eetony jsou nevratn\u00e9.<\/p>\n\n\n\n<p class=\"has-medium-font-size\">Pokud tedy hled\u00e1te tip na p\u0159\u00edjemnou z\u00e1\u0159ijovou sobotu <strong><a href=\"https:\/\/vsrdciprahy.cz\/\" type=\"link\" id=\"https:\/\/vsrdciprahy.cz\/\">V srdci Prahy<\/a><\/strong>, <strong><a href=\"https:\/\/www.instagram.com\/richtervilla\/\" type=\"link\" id=\"https:\/\/www.instagram.com\/richtervilla\/\">Prosecco Fest 2026<\/a><\/strong> m\u016f\u017ee b\u00fdt p\u0159esn\u011b t\u00edm prav\u00fdm. \u010cek\u00e1 v\u00e1s sklenka italsk\u00e9ho \u0161umiv\u00e9ho v\u00edna, dobr\u00e9 j\u00eddlo, hudba a v\u00fdhled, kter\u00fd dok\u00e1\u017ee z oby\u010dejn\u00e9ho odpoledne ud\u011blat mal\u00fd v\u00fdlet do It\u00e1lie.<\/p>\n\n\n\n<div style=\"height:9px\" aria-hidden=\"true\" class=\"wp-block-spacer\"><\/div>\n\n\n\n<p class=\"has-medium-font-size\"><strong>Benvenuti al Prosecco Fest!<\/strong> ?<\/p>\n\n\n\n<div style=\"height:121px\" aria-hidden=\"true\" class=\"wp-block-spacer\"><\/div>\n\n\n\n<figure class=\"wp-block-gallery has-nested-images columns-2 is-cropped wp-block-gallery-5 is-layout-flex wp-block-gallery-is-layout-flex\">\n<figure class=\"wp-block-image size-large\"><img decoding=\"async\" data-id=\"10870\" src=\"https:\/\/vcentru.cz\/wp-content\/uploads\/2026\/08\/Prosecco-Fest-CZ-Villa-Richter-2026-980x613-1.jpg\" alt=\"PROSECCO FEST 2026: Italsk\u00e1 dolce vita ovl\u00e1dne Svatov\u00e1clavskou vinici pod Pra\u017esk\u00fdm hradem ji\u017e v sobotu 5. z\u00e1\u0159\u00ed\" class=\"wp-image-10870\"\/><\/figure>\n\n\n\n<figure class=\"wp-block-image size-large\"><img decoding=\"async\" data-id=\"10878\" src=\"https:\/\/vcentru.cz\/wp-content\/uploads\/2026\/08\/Areal.png\" alt=\"PROSECCO FEST 2026: Italsk\u00e1 dolce vita ovl\u00e1dne Svatov\u00e1clavskou vinici pod Pra\u017esk\u00fdm hradem ji\u017e v sobotu 5. z\u00e1\u0159\u00ed\" class=\"wp-image-10878\"\/><\/figure>\n\n\n\n<figure class=\"wp-block-image size-large\"><img decoding=\"async\" data-id=\"10880\" src=\"https:\/\/vcentru.cz\/wp-content\/uploads\/2026\/08\/778988959_1677802917683093_6474920674241375956_n-819x1024.jpg\" alt=\"PROSECCO FEST 2026: Italsk\u00e1 dolce vita ovl\u00e1dne Svatov\u00e1clavskou vinici pod Pra\u017esk\u00fdm hradem ji\u017e v sobotu 5. z\u00e1\u0159\u00ed\" class=\"wp-image-10880\"\/><\/figure>\n\n\n\n<figure class=\"wp-block-image size-large\"><img decoding=\"async\" data-id=\"10881\" src=\"https:\/\/vcentru.cz\/wp-content\/uploads\/2026\/08\/775260491_1677802957683089_7898348694248072051_n-819x1024.jpg\" alt=\"PROSECCO FEST 2026: Italsk\u00e1 dolce vita ovl\u00e1dne Svatov\u00e1clavskou vinici pod Pra\u017esk\u00fdm hradem ji\u017e v sobotu 5. z\u00e1\u0159\u00ed\" class=\"wp-image-10881\"\/><\/figure>\n\n\n\n<figure class=\"wp-block-image size-large\"><img decoding=\"async\" data-id=\"10873\" src=\"https:\/\/vcentru.cz\/wp-content\/uploads\/2026\/08\/775261308_1677803124349739_5681291035715328145_n-819x1024.jpg\" alt=\"PROSECCO FEST 2026: Italsk\u00e1 dolce vita ovl\u00e1dne Svatov\u00e1clavskou vinici pod Pra\u017esk\u00fdm hradem ji\u017e v sobotu 5. z\u00e1\u0159\u00ed\" class=\"wp-image-10873\"\/><\/figure>\n\n\n\n<figure class=\"wp-block-image size-large\"><img decoding=\"async\" data-id=\"10874\" src=\"https:\/\/vcentru.cz\/wp-content\/uploads\/2026\/08\/775523856_1677803107683074_3794229321671801821_n-819x1024.jpg\" alt=\"PROSECCO FEST 2026: Italsk\u00e1 dolce vita ovl\u00e1dne Svatov\u00e1clavskou vinici pod Pra\u017esk\u00fdm hradem ji\u017e v sobotu 5. z\u00e1\u0159\u00ed\" class=\"wp-image-10874\"\/><\/figure>\n\n\n\n<figure class=\"wp-block-image size-large\"><img decoding=\"async\" data-id=\"10877\" src=\"https:\/\/vcentru.cz\/wp-content\/uploads\/2026\/08\/775523846_1677803047683080_5858177506980645526_n-819x1024.jpg\" alt=\"PROSECCO FEST 2026: Italsk\u00e1 dolce vita ovl\u00e1dne Svatov\u00e1clavskou vinici pod Pra\u017esk\u00fdm hradem ji\u017e v sobotu 5. z\u00e1\u0159\u00ed\" class=\"wp-image-10877\"\/><\/figure>\n\n\n\n<figure class=\"wp-block-image size-large\"><img decoding=\"async\" data-id=\"10882\" src=\"https:\/\/vcentru.cz\/wp-content\/uploads\/2026\/08\/774033578_1677803051016413_3161182523057969169_n-819x1024.jpg\" alt=\"PROSECCO FEST 2026: Italsk\u00e1 dolce vita ovl\u00e1dne Svatov\u00e1clavskou vinici pod Pra\u017esk\u00fdm hradem ji\u017e v sobotu 5. z\u00e1\u0159\u00ed\" class=\"wp-image-10882\"\/><\/figure>\n\n\n\n<figure class=\"wp-block-image size-large\"><img decoding=\"async\" data-id=\"10871\" src=\"https:\/\/vcentru.cz\/wp-content\/uploads\/2026\/08\/774237542_1677803017683083_4981437228452329967_n-819x1024.jpg\" alt=\"PROSECCO FEST 2026: Italsk\u00e1 dolce vita ovl\u00e1dne Svatov\u00e1clavskou vinici pod Pra\u017esk\u00fdm hradem ji\u017e v sobotu 5. z\u00e1\u0159\u00ed\" class=\"wp-image-10871\"\/><\/figure>\n\n\n\n<figure class=\"wp-block-image size-large\"><img decoding=\"async\" data-id=\"10879\" src=\"https:\/\/vcentru.cz\/wp-content\/uploads\/2026\/08\/761986760_1663514092445309_775898220041642051_n-819x1024.jpg\" alt=\"PROSECCO FEST 2026: Italsk\u00e1 dolce vita ovl\u00e1dne Svatov\u00e1clavskou vinici pod Pra\u017esk\u00fdm hradem ji\u017e v sobotu 5. z\u00e1\u0159\u00ed\" class=\"wp-image-10879\"\/><\/figure>\n\n\n\n<figure class=\"wp-block-image size-large\"><img decoding=\"async\" data-id=\"10875\" src=\"https:\/\/vcentru.cz\/wp-content\/uploads\/2026\/08\/641512732_1513008564162530_5248171380893906677_n-1024x536.jpg\" alt=\"PROSECCO FEST 2026: Italsk\u00e1 dolce vita ovl\u00e1dne Svatov\u00e1clavskou vinici pod Pra\u017esk\u00fdm hradem ji\u017e v sobotu 5. z\u00e1\u0159\u00ed\" class=\"wp-image-10875\"\/><\/figure>\n<\/figure>\n\n\n\n<div style=\"height:39px\" aria-hidden=\"true\" class=\"wp-block-spacer\"><\/div>\n\n\n\n<p class=\"has-medium-font-size\"><strong>Zdroj foto: <\/strong>VILLA RICHTER, Svatov\u00e1clavsk\u00e1 vinice, Prosecco Fest<\/p>\n\n\n\n<div style=\"height:46px\" aria-hidden=\"true\" class=\"wp-block-spacer\"><\/div>\n\n\n<div class=\"wp-block-image\">\n<figure class=\"aligncenter size-full\"><img decoding=\"async\" src=\"https:\/\/vcentru.cz\/wp-content\/uploads\/2026\/08\/285682304_10160654324079416_3482557557055014289_n.jpg\" alt=\"\" class=\"wp-image-10872\"\/><\/figure><\/div>","protected":false},"excerpt":{"rendered":"<p>L\u00e9to se pomalu ch\u00fdl\u00ed ke konci, ale d\u016fvod k oslav\u011b rozhodn\u011b nekon\u010d\u00ed. Do jedine\u010dn\u00fdch prostor Villa Richter a Svatov\u00e1clavsk\u00e1 vinice pod Pra\u017esk\u00fdm hradem se vrac\u00ed obl\u00edben\u00fd Prosecco Fest 2026. V sobotu 5. z\u00e1\u0159\u00ed 2026 nab\u00eddne n\u00e1v\u0161t\u011bvn\u00edk\u016fm skleni\u010dky pln\u00e9 bublinek, italsk\u00e9 speciality, hudbu a p\u0159edev\u0161\u00edm atmosf\u00e9ru, kter\u00e1 p\u0159ipomene bezstarostn\u00e9 chv\u00edle v italsk\u00e9m Venetu. To v\u0161e nav\u00edc [&hellip;]<\/p>\n","protected":false},"author":3,"featured_media":8250,"comment_status":"closed","ping_status":"closed","sticky":true,"template":"","format":"standard","meta":{"_mi_skip_tracking":false,"_monsterinsights_sitenote_active":false,"_monsterinsights_sitenote_note":"","_monsterinsights_sitenote_category":0,"footnotes":""},"categories":[7,2,13],"tags":[61,130],"yoast_head":"<!-- This site is optimized with the Yoast SEO plugin v21.4 - https:\/\/yoast.com\/wordpress\/plugins\/seo\/ -->\n<title>PROSECCO FEST 2026: Svatov\u00e1clavsk\u00e1 vinice pod Pra\u017esk\u00fdm hradem ji\u017e v sobotu 5. z\u00e1\u0159\u00ed - LUXURYMAGAZINE.cz<\/title>\n<meta name=\"description\" content=\"V sobotu 5. z\u00e1\u0159\u00ed 2026 nab\u00eddne n\u00e1v\u0161t\u011bvn\u00edk\u016fm skleni\u010dky pln\u00e9 bublinek, italsk\u00e9 speciality, hudbu a p\u0159edev\u0161\u00edm atmosf\u00e9ru jako v italsk\u00e9m Venetu.\" \/>\n<meta name=\"robots\" content=\"index, follow, max-snippet:-1, max-image-preview:large, max-video-preview:-1\" \/>\n<link rel=\"canonical\" href=\"https:\/\/luxurymagazine.cz\/index.php\/2026\/09\/01\/prosecco-fest-2026-svatovaclavska-vinice-pod-prazskym-hradem-jiz-v-sobotu-5-zari\/\" \/>\n<meta property=\"og:locale\" content=\"cs_CZ\" \/>\n<meta property=\"og:type\" content=\"article\" \/>\n<meta property=\"og:title\" content=\"PROSECCO FEST 2026: Svatov\u00e1clavsk\u00e1 vinice pod Pra\u017esk\u00fdm hradem ji\u017e v sobotu 5. z\u00e1\u0159\u00ed - LUXURYMAGAZINE.cz\" \/>\n<meta property=\"og:description\" content=\"V sobotu 5. z\u00e1\u0159\u00ed 2026 nab\u00eddne n\u00e1v\u0161t\u011bvn\u00edk\u016fm skleni\u010dky pln\u00e9 bublinek, italsk\u00e9 speciality, hudbu a p\u0159edev\u0161\u00edm atmosf\u00e9ru jako v italsk\u00e9m Venetu.\" \/>\n<meta property=\"og:url\" content=\"https:\/\/luxurymagazine.cz\/index.php\/2026\/09\/01\/prosecco-fest-2026-svatovaclavska-vinice-pod-prazskym-hradem-jiz-v-sobotu-5-zari\/\" \/>\n<meta property=\"og:site_name\" content=\"LUXURYMAGAZINE.cz\" \/>\n<meta property=\"article:published_time\" content=\"2026-08-31T22:01:00+00:00\" \/>\n<meta property=\"article:modified_time\" content=\"2026-08-31T21:14:26+00:00\" \/>\n<meta property=\"og:image\" content=\"https:\/\/luxurymagazine.cz\/wp-content\/uploads\/2026\/08\/Prosecco-Fest-CZ-Villa-Richter-2026-980x613-1.jpg\" \/>\n\t<meta property=\"og:image:width\" content=\"980\" \/>\n\t<meta property=\"og:image:height\" content=\"613\" \/>\n\t<meta property=\"og:image:type\" content=\"image\/jpeg\" \/>\n<meta name=\"author\" content=\"Miroslav Van\u011bk\" \/>\n<meta name=\"twitter:card\" content=\"summary_large_image\" \/>\n<meta name=\"twitter:label1\" content=\"Napsal(a)\" \/>\n\t<meta name=\"twitter:data1\" content=\"Miroslav Van\u011bk\" \/>\n\t<meta name=\"twitter:label2\" content=\"Odhadovan\u00e1 doba \u010dten\u00ed\" \/>\n\t<meta name=\"twitter:data2\" content=\"7 minut\" \/>\n<script type=\"application\/ld+json\" class=\"yoast-schema-graph\">{\"@context\":\"https:\/\/schema.org\",\"@graph\":[{\"@type\":\"Article\",\"@id\":\"https:\/\/luxurymagazine.cz\/index.php\/2026\/09\/01\/prosecco-fest-2026-svatovaclavska-vinice-pod-prazskym-hradem-jiz-v-sobotu-5-zari\/#article\",\"isPartOf\":{\"@id\":\"https:\/\/luxurymagazine.cz\/index.php\/2026\/09\/01\/prosecco-fest-2026-svatovaclavska-vinice-pod-prazskym-hradem-jiz-v-sobotu-5-zari\/\"},\"author\":{\"name\":\"Miroslav Van\u011bk\",\"@id\":\"https:\/\/luxurymagazine.cz\/#\/schema\/person\/44a069a3b1eab523585f7325b6e54254\"},\"headline\":\"PROSECCO FEST 2026: Svatov\u00e1clavsk\u00e1 vinice pod Pra\u017esk\u00fdm hradem ji\u017e v sobotu 5. z\u00e1\u0159\u00ed\",\"datePublished\":\"2026-08-31T22:01:00+00:00\",\"dateModified\":\"2026-08-31T21:14:26+00:00\",\"mainEntityOfPage\":{\"@id\":\"https:\/\/luxurymagazine.cz\/index.php\/2026\/09\/01\/prosecco-fest-2026-svatovaclavska-vinice-pod-prazskym-hradem-jiz-v-sobotu-5-zari\/\"},\"wordCount\":732,\"publisher\":{\"@id\":\"https:\/\/luxurymagazine.cz\/#organization\"},\"keywords\":[\"Praha\",\"Pra\u017esk\u00e1 Metropole\"],\"articleSection\":[\"GASTRO &amp; GURM\u00c1N\",\"NEWS\",\"TIPY &amp; TRENDY\"],\"inLanguage\":\"cs\"},{\"@type\":\"WebPage\",\"@id\":\"https:\/\/luxurymagazine.cz\/index.php\/2026\/09\/01\/prosecco-fest-2026-svatovaclavska-vinice-pod-prazskym-hradem-jiz-v-sobotu-5-zari\/\",\"url\":\"https:\/\/luxurymagazine.cz\/index.php\/2026\/09\/01\/prosecco-fest-2026-svatovaclavska-vinice-pod-prazskym-hradem-jiz-v-sobotu-5-zari\/\",\"name\":\"PROSECCO FEST 2026: Svatov\u00e1clavsk\u00e1 vinice pod Pra\u017esk\u00fdm hradem ji\u017e v sobotu 5. z\u00e1\u0159\u00ed - LUXURYMAGAZINE.cz\",\"isPartOf\":{\"@id\":\"https:\/\/luxurymagazine.cz\/#website\"},\"datePublished\":\"2026-08-31T22:01:00+00:00\",\"dateModified\":\"2026-08-31T21:14:26+00:00\",\"description\":\"V sobotu 5. z\u00e1\u0159\u00ed 2026 nab\u00eddne n\u00e1v\u0161t\u011bvn\u00edk\u016fm skleni\u010dky pln\u00e9 bublinek, italsk\u00e9 speciality, hudbu a p\u0159edev\u0161\u00edm atmosf\u00e9ru jako v italsk\u00e9m Venetu.\",\"breadcrumb\":{\"@id\":\"https:\/\/luxurymagazine.cz\/index.php\/2026\/09\/01\/prosecco-fest-2026-svatovaclavska-vinice-pod-prazskym-hradem-jiz-v-sobotu-5-zari\/#breadcrumb\"},\"inLanguage\":\"cs\",\"potentialAction\":[{\"@type\":\"ReadAction\",\"target\":[\"https:\/\/luxurymagazine.cz\/index.php\/2026\/09\/01\/prosecco-fest-2026-svatovaclavska-vinice-pod-prazskym-hradem-jiz-v-sobotu-5-zari\/\"]}]},{\"@type\":\"BreadcrumbList\",\"@id\":\"https:\/\/luxurymagazine.cz\/index.php\/2026\/09\/01\/prosecco-fest-2026-svatovaclavska-vinice-pod-prazskym-hradem-jiz-v-sobotu-5-zari\/#breadcrumb\",\"itemListElement\":[{\"@type\":\"ListItem\",\"position\":1,\"name\":\"Dom\u016f\",\"item\":\"https:\/\/luxurymagazine.cz\/\"},{\"@type\":\"ListItem\",\"position\":2,\"name\":\"PROSECCO FEST 2026: Svatov\u00e1clavsk\u00e1 vinice pod Pra\u017esk\u00fdm hradem ji\u017e v sobotu 5. z\u00e1\u0159\u00ed\"}]},{\"@type\":\"WebSite\",\"@id\":\"https:\/\/luxurymagazine.cz\/#website\",\"url\":\"https:\/\/luxurymagazine.cz\/\",\"name\":\"LUXURYMAGAZINE.cz\",\"description\":\"Port\u00e1l v\u00fdhradn\u011b o luxusu...\",\"publisher\":{\"@id\":\"https:\/\/luxurymagazine.cz\/#organization\"},\"potentialAction\":[{\"@type\":\"SearchAction\",\"target\":{\"@type\":\"EntryPoint\",\"urlTemplate\":\"https:\/\/luxurymagazine.cz\/?s={search_term_string}\"},\"query-input\":\"required name=search_term_string\"}],\"inLanguage\":\"cs\"},{\"@type\":\"Organization\",\"@id\":\"https:\/\/luxurymagazine.cz\/#organization\",\"name\":\"LUXURYMAGAZINE.cz\",\"url\":\"https:\/\/luxurymagazine.cz\/\",\"logo\":{\"@type\":\"ImageObject\",\"inLanguage\":\"cs\",\"@id\":\"https:\/\/luxurymagazine.cz\/#\/schema\/logo\/image\/\",\"url\":\"https:\/\/luxurymagazine.cz\/wp-content\/uploads\/2024\/12\/cropped-Logo_LuxuryMagazine-1.jpg\",\"contentUrl\":\"https:\/\/luxurymagazine.cz\/wp-content\/uploads\/2024\/12\/cropped-Logo_LuxuryMagazine-1.jpg\",\"width\":934,\"height\":509,\"caption\":\"LUXURYMAGAZINE.cz\"},\"image\":{\"@id\":\"https:\/\/luxurymagazine.cz\/#\/schema\/logo\/image\/\"}},{\"@type\":\"Person\",\"@id\":\"https:\/\/luxurymagazine.cz\/#\/schema\/person\/44a069a3b1eab523585f7325b6e54254\",\"name\":\"Miroslav Van\u011bk\",\"image\":{\"@type\":\"ImageObject\",\"inLanguage\":\"cs\",\"@id\":\"https:\/\/luxurymagazine.cz\/#\/schema\/person\/image\/\",\"url\":\"https:\/\/secure.gravatar.com\/avatar\/cc93dbecbfc820d69a964ea4a1c72377?s=96&d=mm&r=g\",\"contentUrl\":\"https:\/\/secure.gravatar.com\/avatar\/cc93dbecbfc820d69a964ea4a1c72377?s=96&d=mm&r=g\",\"caption\":\"Miroslav Van\u011bk\"},\"sameAs\":[\"http:\/\/LUXURYMAGAZINE.cz\"],\"url\":\"https:\/\/luxurymagazine.cz\/index.php\/author\/mirvan\/\"}]}<\/script>\n<!-- \/ Yoast SEO plugin. -->","yoast_head_json":{"title":"PROSECCO FEST 2026: Svatov\u00e1clavsk\u00e1 vinice pod Pra\u017esk\u00fdm hradem ji\u017e v sobotu 5. z\u00e1\u0159\u00ed - LUXURYMAGAZINE.cz","description":"V sobotu 5. z\u00e1\u0159\u00ed 2026 nab\u00eddne n\u00e1v\u0161t\u011bvn\u00edk\u016fm skleni\u010dky pln\u00e9 bublinek, italsk\u00e9 speciality, hudbu a p\u0159edev\u0161\u00edm atmosf\u00e9ru jako v italsk\u00e9m Venetu.","robots":{"index":"index","follow":"follow","max-snippet":"max-snippet:-1","max-image-preview":"max-image-preview:large","max-video-preview":"max-video-preview:-1"},"canonical":"https:\/\/luxurymagazine.cz\/index.php\/2026\/09\/01\/prosecco-fest-2026-svatovaclavska-vinice-pod-prazskym-hradem-jiz-v-sobotu-5-zari\/","og_locale":"cs_CZ","og_type":"article","og_title":"PROSECCO FEST 2026: Svatov\u00e1clavsk\u00e1 vinice pod Pra\u017esk\u00fdm hradem ji\u017e v sobotu 5. z\u00e1\u0159\u00ed - LUXURYMAGAZINE.cz","og_description":"V sobotu 5. z\u00e1\u0159\u00ed 2026 nab\u00eddne n\u00e1v\u0161t\u011bvn\u00edk\u016fm skleni\u010dky pln\u00e9 bublinek, italsk\u00e9 speciality, hudbu a p\u0159edev\u0161\u00edm atmosf\u00e9ru jako v italsk\u00e9m Venetu.","og_url":"https:\/\/luxurymagazine.cz\/index.php\/2026\/09\/01\/prosecco-fest-2026-svatovaclavska-vinice-pod-prazskym-hradem-jiz-v-sobotu-5-zari\/","og_site_name":"LUXURYMAGAZINE.cz","article_published_time":"2026-08-31T22:01:00+00:00","article_modified_time":"2026-08-31T21:14:26+00:00","og_image":[{"width":980,"height":613,"url":"https:\/\/luxurymagazine.cz\/wp-content\/uploads\/2026\/08\/Prosecco-Fest-CZ-Villa-Richter-2026-980x613-1.jpg","type":"image\/jpeg"}],"author":"Miroslav Van\u011bk","twitter_card":"summary_large_image","twitter_misc":{"Napsal(a)":"Miroslav Van\u011bk","Odhadovan\u00e1 doba \u010dten\u00ed":"7 minut"},"schema":{"@context":"https:\/\/schema.org","@graph":[{"@type":"Article","@id":"https:\/\/luxurymagazine.cz\/index.php\/2026\/09\/01\/prosecco-fest-2026-svatovaclavska-vinice-pod-prazskym-hradem-jiz-v-sobotu-5-zari\/#article","isPartOf":{"@id":"https:\/\/luxurymagazine.cz\/index.php\/2026\/09\/01\/prosecco-fest-2026-svatovaclavska-vinice-pod-prazskym-hradem-jiz-v-sobotu-5-zari\/"},"author":{"name":"Miroslav Van\u011bk","@id":"https:\/\/luxurymagazine.cz\/#\/schema\/person\/44a069a3b1eab523585f7325b6e54254"},"headline":"PROSECCO FEST 2026: Svatov\u00e1clavsk\u00e1 vinice pod Pra\u017esk\u00fdm hradem ji\u017e v sobotu 5. z\u00e1\u0159\u00ed","datePublished":"2026-08-31T22:01:00+00:00","dateModified":"2026-08-31T21:14:26+00:00","mainEntityOfPage":{"@id":"https:\/\/luxurymagazine.cz\/index.php\/2026\/09\/01\/prosecco-fest-2026-svatovaclavska-vinice-pod-prazskym-hradem-jiz-v-sobotu-5-zari\/"},"wordCount":732,"publisher":{"@id":"https:\/\/luxurymagazine.cz\/#organization"},"keywords":["Praha","Pra\u017esk\u00e1 Metropole"],"articleSection":["GASTRO &amp; GURM\u00c1N","NEWS","TIPY &amp; TRENDY"],"inLanguage":"cs"},{"@type":"WebPage","@id":"https:\/\/luxurymagazine.cz\/index.php\/2026\/09\/01\/prosecco-fest-2026-svatovaclavska-vinice-pod-prazskym-hradem-jiz-v-sobotu-5-zari\/","url":"https:\/\/luxurymagazine.cz\/index.php\/2026\/09\/01\/prosecco-fest-2026-svatovaclavska-vinice-pod-prazskym-hradem-jiz-v-sobotu-5-zari\/","name":"PROSECCO FEST 2026: Svatov\u00e1clavsk\u00e1 vinice pod Pra\u017esk\u00fdm hradem ji\u017e v sobotu 5. z\u00e1\u0159\u00ed - LUXURYMAGAZINE.cz","isPartOf":{"@id":"https:\/\/luxurymagazine.cz\/#website"},"datePublished":"2026-08-31T22:01:00+00:00","dateModified":"2026-08-31T21:14:26+00:00","description":"V sobotu 5. z\u00e1\u0159\u00ed 2026 nab\u00eddne n\u00e1v\u0161t\u011bvn\u00edk\u016fm skleni\u010dky pln\u00e9 bublinek, italsk\u00e9 speciality, hudbu a p\u0159edev\u0161\u00edm atmosf\u00e9ru jako v italsk\u00e9m Venetu.","breadcrumb":{"@id":"https:\/\/luxurymagazine.cz\/index.php\/2026\/09\/01\/prosecco-fest-2026-svatovaclavska-vinice-pod-prazskym-hradem-jiz-v-sobotu-5-zari\/#breadcrumb"},"inLanguage":"cs","potentialAction":[{"@type":"ReadAction","target":["https:\/\/luxurymagazine.cz\/index.php\/2026\/09\/01\/prosecco-fest-2026-svatovaclavska-vinice-pod-prazskym-hradem-jiz-v-sobotu-5-zari\/"]}]},{"@type":"BreadcrumbList","@id":"https:\/\/luxurymagazine.cz\/index.php\/2026\/09\/01\/prosecco-fest-2026-svatovaclavska-vinice-pod-prazskym-hradem-jiz-v-sobotu-5-zari\/#breadcrumb","itemListElement":[{"@type":"ListItem","position":1,"name":"Dom\u016f","item":"https:\/\/luxurymagazine.cz\/"},{"@type":"ListItem","position":2,"name":"PROSECCO FEST 2026: Svatov\u00e1clavsk\u00e1 vinice pod Pra\u017esk\u00fdm hradem ji\u017e v sobotu 5. z\u00e1\u0159\u00ed"}]},{"@type":"WebSite","@id":"https:\/\/luxurymagazine.cz\/#website","url":"https:\/\/luxurymagazine.cz\/","name":"LUXURYMAGAZINE.cz","description":"Port\u00e1l v\u00fdhradn\u011b o luxusu...","publisher":{"@id":"https:\/\/luxurymagazine.cz\/#organization"},"potentialAction":[{"@type":"SearchAction","target":{"@type":"EntryPoint","urlTemplate":"https:\/\/luxurymagazine.cz\/?s={search_term_string}"},"query-input":"required name=search_term_string"}],"inLanguage":"cs"},{"@type":"Organization","@id":"https:\/\/luxurymagazine.cz\/#organization","name":"LUXURYMAGAZINE.cz","url":"https:\/\/luxurymagazine.cz\/","logo":{"@type":"ImageObject","inLanguage":"cs","@id":"https:\/\/luxurymagazine.cz\/#\/schema\/logo\/image\/","url":"https:\/\/luxurymagazine.cz\/wp-content\/uploads\/2024\/12\/cropped-Logo_LuxuryMagazine-1.jpg","contentUrl":"https:\/\/luxurymagazine.cz\/wp-content\/uploads\/2024\/12\/cropped-Logo_LuxuryMagazine-1.jpg","width":934,"height":509,"caption":"LUXURYMAGAZINE.cz"},"image":{"@id":"https:\/\/luxurymagazine.cz\/#\/schema\/logo\/image\/"}},{"@type":"Person","@id":"https:\/\/luxurymagazine.cz\/#\/schema\/person\/44a069a3b1eab523585f7325b6e54254","name":"Miroslav Van\u011bk","image":{"@type":"ImageObject","inLanguage":"cs","@id":"https:\/\/luxurymagazine.cz\/#\/schema\/person\/image\/","url":"https:\/\/secure.gravatar.com\/avatar\/cc93dbecbfc820d69a964ea4a1c72377?s=96&d=mm&r=g","contentUrl":"https:\/\/secure.gravatar.com\/avatar\/cc93dbecbfc820d69a964ea4a1c72377?s=96&d=mm&r=g","caption":"Miroslav Van\u011bk"},"sameAs":["http:\/\/LUXURYMAGAZINE.cz"],"url":"https:\/\/luxurymagazine.cz\/index.php\/author\/mirvan\/"}]}},"_links":{"self":[{"href":"https:\/\/luxurymagazine.cz\/index.php\/wp-json\/wp\/v2\/posts\/8249"}],"collection":[{"href":"https:\/\/luxurymagazine.cz\/index.php\/wp-json\/wp\/v2\/posts"}],"about":[{"href":"https:\/\/luxurymagazine.cz\/index.php\/wp-json\/wp\/v2\/types\/post"}],"author":[{"embeddable":true,"href":"https:\/\/luxurymagazine.cz\/index.php\/wp-json\/wp\/v2\/users\/3"}],"replies":[{"embeddable":true,"href":"https:\/\/luxurymagazine.cz\/index.php\/wp-json\/wp\/v2\/comments?post=8249"}],"version-history":[{"count":-4,"href":"https:\/\/luxurymagazine.cz\/index.php\/wp-json\/wp\/v2\/posts\/8249\/revisions"}],"wp:featuredmedia":[{"embeddable":true,"href":"https:\/\/luxurymagazine.cz\/index.php\/wp-json\/wp\/v2\/media\/8250"}],"wp:attachment":[{"href":"https:\/\/luxurymagazine.cz\/index.php\/wp-json\/wp\/v2\/media?parent=8249"}],"wp:term":[{"taxonomy":"category","embeddable":true,"href":"https:\/\/luxurymagazine.cz\/index.php\/wp-json\/wp\/v2\/categories?post=8249"},{"taxonomy":"post_tag","embeddable":true,"href":"https:\/\/luxurymagazine.cz\/index.php\/wp-json\/wp\/v2\/tags?post=8249"}],"curies":[{"name":"wp","href":"https:\/\/api.w.org\/{rel}","templated":true}]}}