{"id":997,"date":"2021-03-01T01:11:18","date_gmt":"2021-03-01T00:11:18","guid":{"rendered":"https:\/\/luxurymagazine.cz\/?p=997"},"modified":"2021-05-13T00:51:10","modified_gmt":"2021-05-12T22:51:10","slug":"utek-z-mest-pokracuje-lide-se-stehuji-do-prirody","status":"publish","type":"post","link":"https:\/\/luxurymagazine.cz\/index.php\/2021\/03\/01\/utek-z-mest-pokracuje-lide-se-stehuji-do-prirody\/","title":{"rendered":"\u00dat\u011bk z m\u011bst pokra\u010duje. Lid\u00e9 se st\u011bhuj\u00ed do p\u0159\u00edrody"},"content":{"rendered":"\n<p><strong>V\u00a0p\u0159edchoz\u00edch letech trhu s\u00a0nemovitostmi v\u00fdrazn\u011b dominovala Praha a dal\u0161\u00ed velk\u00e1 m\u011bsta. V\u00a0souvislosti s\u00a0pandemi\u00ed koronaviru ale lid\u00e9 za\u010dali p\u0159ehodnocovat sv\u016fj \u017eivotn\u00ed styl a do pop\u0159ed\u00ed se nyn\u00ed dost\u00e1vaj\u00ed domy a byty v\u00a0perifern\u00edch \u010d\u00e1stech. Na z\u00e1klad\u011b \u00fadaj\u016f realitn\u00ed kancel\u00e1\u0159e Luxent \u2013 Exclusive Properties se projekty bl\u00edzko za hranicemi velk\u00fdch m\u011bst prod\u00e1vaj\u00ed rekordn\u011b.<\/strong><\/p>\n\n\n\n<figure class=\"wp-block-image size-large\"><img decoding=\"async\" loading=\"lazy\" width=\"1024\" height=\"548\" src=\"https:\/\/luxurymagazine.cz\/wp-content\/uploads\/2021\/03\/novy-projekt-1024x548.jpg\" alt=\"\" class=\"wp-image-1001\" srcset=\"https:\/\/luxurymagazine.cz\/wp-content\/uploads\/2021\/03\/novy-projekt-1024x548.jpg 1024w, https:\/\/luxurymagazine.cz\/wp-content\/uploads\/2021\/03\/novy-projekt-300x161.jpg 300w, https:\/\/luxurymagazine.cz\/wp-content\/uploads\/2021\/03\/novy-projekt-768x411.jpg 768w, https:\/\/luxurymagazine.cz\/wp-content\/uploads\/2021\/03\/novy-projekt-1536x822.jpg 1536w, https:\/\/luxurymagazine.cz\/wp-content\/uploads\/2021\/03\/novy-projekt.jpg 1920w\" sizes=\"(max-width: 1024px) 100vw, 1024px\" \/><\/figure>\n\n\n\n<p><strong>Proti bydlen\u00ed v&nbsp;hlavn\u00edm \u010di jin\u00e9m v\u011bt\u0161\u00edm m\u011bst\u011b \u010dasto mluv\u00ed faktory jako hluk, a\u0165 u\u017e od ostatn\u00edch rezident\u016f nebo dopravn\u00edch prost\u0159edk\u016f, smog, p\u0159elidn\u011bnost, probl\u00e9m s parkov\u00e1n\u00edm \u010di nedostatek zelen\u011b a \u010derstv\u00e9ho vzduchu. Kombinace t\u011bchto aspekt\u016f spole\u010dn\u011b s&nbsp;faktem, \u017ee ceny nap\u0159\u00edklad v&nbsp;Praze pat\u0159\u00ed konzistentn\u011b k&nbsp;t\u011bm nejvy\u0161\u0161\u00edm, vede st\u00e1le \u010dast\u011bji obyvatele k&nbsp;p\u0159es\u00eddlen\u00ed na venkov, ov\u0161em v&nbsp;sousedstv\u00ed m\u011bst a do lokalit s&nbsp;dobr\u00fdm dopravn\u00edm spojen\u00edm. Tuto deurbanizaci v&nbsp;minul\u00e9m roce v\u00fdrazn\u011b zrychlila pandemie koronaviru. Omezen\u00ed pohybu a setk\u00e1v\u00e1n\u00ed, nemo\u017enost cestovat a nav\u0161t\u011bvovat kulturn\u00ed akce lidi jen utvrzuj\u00ed v&nbsp;tom, \u017ee z\u016fst\u00e1vat ve m\u011bstech ji\u017e pro n\u011b nen\u00ed nezbytn\u00e9. Nejist\u00e1 situace s&nbsp;obnoven\u00edm doch\u00e1zky d\u011bt\u00ed do \u0161koly do ur\u010dit\u00e9 m\u00edry smaz\u00e1v\u00e1 pot\u0159ebu vyhled\u00e1vat bydlen\u00ed v&nbsp;bl\u00edzkosti vzd\u011bl\u00e1vac\u00edch za\u0159\u00edzen\u00ed. V\u011bt\u0161ina firem tak\u00e9 umo\u017e\u0148uje sv\u00fdm zam\u011bstnanc\u016fm pr\u00e1ci v p\u0159etrv\u00e1vaj\u00edc\u00edm&nbsp;re\u017eimu home office, tedy i jim odpad\u00e1 nutnost mnohdy \u010dasov\u011b n\u00e1ro\u010dn\u00e9ho doj\u00ed\u017ed\u011bn\u00ed.<\/strong><\/p>\n\n\n\n<p>Z\u00e1rove\u0148 vyvst\u00e1v\u00e1 pot\u0159eba jistoty v&nbsp;podob\u011b vlastn\u00ed nemovitosti. Podle \u0159editele realitn\u00ed kancel\u00e1\u0159e&nbsp;<a href=\"https:\/\/www.luxent.cz\/\"><strong>Luxent \u2013 Exclusive Properties<\/strong><\/a>&nbsp;Ji\u0159\u00edho Ku\u010dery se z\u00e1jem o developersk\u00e9 projekty mimo v\u011bt\u0161\u00ed m\u011bsta t\u00e9m\u011b\u0159 zdvojn\u00e1sobil:<\/p>\n\n\n\n<p><em>\u201eV posledn\u00edch m\u011bs\u00edc\u00edch jsme zaregistrovali obrovskou popt\u00e1vku po rodinn\u00fdch domech, bytech s&nbsp;p\u0159edzahr\u00e1dkou, ale i pozemc\u00edch. Minul\u00fd rok tak jednozna\u010dn\u011b nastolil nov\u00fd trend \u201a\u00faniku z&nbsp;m\u011bst\u2018, kter\u00fd p\u0159\u00edmo souvis\u00ed s&nbsp;dobou covidovou.\u201c<\/em><\/p>\n\n\n\n<figure class=\"wp-block-image\"><img decoding=\"async\" src=\"https:\/\/homemagazine.cz\/wp-content\/uploads\/2021\/03\/Luxent_Domy_Klecany_vizualizace_exterier-840x472.jpg\" alt=\"\" class=\"wp-image-1778\"\/><\/figure>\n\n\n\n<h3 class=\"wp-block-heading\"><strong>Kousek do m\u011bsta i do p\u0159\u00edrody<\/strong><\/h3>\n\n\n\n<p><em>Domy Klecany \u2013 V Rem\u00edzk\u00e1ch<\/em>&nbsp;obr\u00e1 dostupnost do v\u011bt\u0161\u00edch m\u011bst, p\u0159edev\u0161\u00edm za prac\u00ed a n\u00e1kupy, v\u0161ak st\u00e1le sehr\u00e1v\u00e1 d\u016fle\u017eitou roli. Z\u00e1jem proto neutich\u00e1 zejm\u00e9na o lokality v&nbsp;okol\u00ed Prahy, konkr\u00e9tn\u011b o&nbsp;okresy Praha-v\u00fdchod a Praha-z\u00e1pad. Prim hraje rovn\u011b\u017e synergie s&nbsp;p\u0159\u00edrodou. Mezi po\u017eadavky na okol\u00ed tak st\u00e1le \u010dast\u011bji pat\u0159\u00ed p\u0159\u00edtomnost les\u016f, park\u016f, p\u0159\u00edrodn\u00edch rezervac\u00ed, vodn\u00edch n\u00e1dr\u017e\u00ed \u010di \u0159\u00ed\u010dek v&nbsp;bl\u00edzkosti nemovitosti. Zvy\u0161uj\u00edc\u00ed se popt\u00e1vku po klidn\u011bj\u0161\u00edch lokalit\u00e1ch v&nbsp;souvislosti s&nbsp;migrac\u00ed obyvatel pry\u010d z m\u011bst dokazuje neb\u00fdval\u00fd z\u00e1jem o projekt&nbsp;<a href=\"https:\/\/www.luxent.cz\/rezidencni-projekt-v-remizkach-12-rodinnych-domu-o-dvou-jednotkach-se-zahradami-v-klecanech-praha-vychod\/90\/developersky-projekt\/\"><strong>Domy Klecany \u2013 V Rem\u00edzk\u00e1ch<\/strong><\/a>, kter\u00fd zahrnuje 12 dvojdom\u016f.<\/p>\n\n\n\n<p><em>\u201eKdy\u017e jsme spou\u0161t\u011bli prodeje, ani jsme si netroufali odhadnout, \u017ee projekt b\u011bhem p\u016fl roku zcela vyprod\u00e1me. Spojen\u00ed t\u011bsn\u00e9 bl\u00edzkosti Prahy, modern\u00edho kvalitn\u00edho bydlen\u00ed s vlastn\u00edm pozemkem a z\u00e1rove\u0148 voln\u00e9 p\u0159\u00edrody nyn\u00ed pat\u0159\u00ed k&nbsp;jasn\u00fdm favorit\u016fm kupuj\u00edc\u00edch,\u201c&nbsp;<\/em>\u0159\u00edk\u00e1 Ji\u0159\u00ed Ku\u010dera.<\/p>\n\n\n\n<p>N\u00edzkoenergetick\u00e9 rodinn\u00e9 domy o plo\u0161e cca 130 m<sup>2<\/sup>&nbsp;maj\u00ed ka\u017ed\u00fd sv\u016fj vlastn\u00ed vchod i&nbsp;zahradu, co\u017e zajist\u00ed soukrom\u00ed nov\u00fdch majitel\u016f.<\/p>\n\n\n\n<figure class=\"wp-block-image\"><img decoding=\"async\" src=\"https:\/\/homemagazine.cz\/wp-content\/uploads\/2021\/03\/Luxent_Brezovy-haj_vizualizace_exterier-840x472.jpg\" alt=\"\" class=\"wp-image-1777\"\/><\/figure>\n\n\n\n<p><em>B\u0159ezov\u00fd h\u00e1j<\/em>&nbsp;ecel\u00fdch 10 km od severn\u00ed hranice Prahy v&nbsp;obci P\u0159edboj vznik\u00e1 reziden\u010dn\u00ed komplex<strong>&nbsp;<a href=\"https:\/\/www.luxent.cz\/vilovy-projekt-brezovy-haj-19-novych-vil-v-predboji-praha-vychod\/95\/developersky-projekt\/\">B\u0159ezov\u00fd h\u00e1j<\/a><\/strong>. K&nbsp;19&nbsp;luxusn\u00edm n\u00edzkoenergetick\u00fdm vil\u00e1m n\u00e1le\u017e\u00ed rozlehl\u00e9 pozemky o&nbsp;velikosti a\u017e 1&nbsp;233 m<sup>2<\/sup>. Dvoupodla\u017en\u00ed domy nab\u00eddnou dostatek pokoj\u016f pro v\u0161echny \u010dleny dom\u00e1cnosti, velk\u00fd ob\u00fdvac\u00ed pokoj s&nbsp;obytnou kuchyn\u00ed a&nbsp;j\u00eddelnou a tak\u00e9 m\u00edstnost vyu\u017eitelnou pro pracovnu, \u0161atnu \u010di pokoj pro hosty. V&nbsp;obou patrech se nach\u00e1z\u00ed terasy. Co se t\u00fd\u010de vybaven\u00ed, o vyt\u00e1p\u011bn\u00ed a chlazen\u00ed se postar\u00e1 tepeln\u00e9 \u010derpadlo, sou\u010d\u00e1st\u00ed se stanou rovn\u011b\u017e prvky chytr\u00e9 dom\u00e1cnosti. Pro z\u00e1jemce se letos na ja\u0159e otev\u0159e vzorov\u00fd d\u016fm, z&nbsp;aktu\u00e1ln\u011b prod\u00e1van\u00fdch 15 vil jsou k&nbsp;dispozici necel\u00e9 dv\u011b t\u0159etiny.<\/p>\n\n\n\n<figure class=\"wp-block-image\"><img decoding=\"async\" src=\"https:\/\/homemagazine.cz\/wp-content\/uploads\/2021\/03\/Luxent_Rezidence-nad-Cernymi-Lesy_vizualizace_exterier-840x472.jpg\" alt=\"\" class=\"wp-image-1779\"\/><\/figure>\n\n\n\n<p><em>Rezidence Nad \u010cern\u00fdmi lesy<\/em>&nbsp;projektu&nbsp;<a href=\"https:\/\/www.luxent.cz\/novy-projekt-32-designovych-bytu-rezidence-nad-cernymi-lesy-praha-vychod\/93\/developersky-projekt\/\"><strong>Rezidence Nad \u010cern\u00fdmi lesy<\/strong><\/a>&nbsp;v&nbsp;okrese Praha-v\u00fdchod hraje sama zele\u0148 d\u016fle\u017eitou roli. Ze z\u00e1padn\u00ed \u010d\u00e1sti jej toti\u017e obklopuj\u00ed p\u0159edzahr\u00e1dky, z&nbsp;t\u00e9 v\u00fdchodn\u00ed pak spole\u010dn\u00e1 zahrada. Chyb\u011bt nebude ani za\u010dlen\u011bn\u00ed zelen\u00fdch ploch do architektury stavby \u2013 vybran\u00e9 st\u0159echy a svisl\u00e9 konstrukce parkovac\u00edch st\u00e1n\u00ed pokryje p\u00e1s zelen\u011b. Developersk\u00fd projekt nab\u00eddne 32&nbsp;designov\u00fdch byt\u016f, v\u0161echny s&nbsp;p\u0159edzahr\u00e1dkami, balkony nebo terasami. Nov\u00fdm rezident\u016fm se tak dostane komfortu srovnateln\u00e9ho s&nbsp;m\u011bstsk\u00fdmi byty, nicm\u00e9n\u011b s&nbsp;klidem typick\u00fdm pro men\u0161\u00ed obce a&nbsp;s p\u0159\u00edrodou za okny. Modern\u00ed podobu budov\u011b vtiskne architektonick\u00fd n\u00e1vrh s&nbsp;futuristick\u00fdmi prvky.<\/p>\n\n\n\n<p><em>\u201eTento projekt jsme spustili p\u0159ed V\u00e1noci a zhruba po m\u011bs\u00edci bylo 60 % vyprod\u00e1no \u010di rezervov\u00e1no. Nyn\u00ed se ji\u017e bl\u00ed\u017e\u00edme 70 procent\u016fm, z\u00a0\u010deho\u017e m\u00e1me obrovskou radost a motivuje n\u00e1s to p\u0159in\u00e1\u0161et dal\u0161\u00ed projekty v\u00a0podobn\u00e9m duchu,\u201c\u00a0<\/em>uv\u00e1d\u00ed Ji\u0159\u00ed Ku\u010dera.<\/p>\n\n\n\n<div style=\"height:20px\" aria-hidden=\"true\" class=\"wp-block-spacer\"><\/div>\n\n\n\n<figure class=\"wp-block-gallery columns-3 is-cropped wp-block-gallery-1 is-layout-flex wp-block-gallery-is-layout-flex\"><ul class=\"blocks-gallery-grid\"><li class=\"blocks-gallery-item\"><figure><img decoding=\"async\" loading=\"lazy\" width=\"1024\" height=\"575\" src=\"https:\/\/luxurymagazine.cz\/wp-content\/uploads\/2021\/03\/Luxent_Brezovy-haj_vizualizace_exterier-1024x575.jpg\" alt=\"\" data-id=\"998\" data-link=\"https:\/\/luxurymagazine.cz\/?attachment_id=998\" class=\"wp-image-998\" srcset=\"https:\/\/luxurymagazine.cz\/wp-content\/uploads\/2021\/03\/Luxent_Brezovy-haj_vizualizace_exterier-1024x575.jpg 1024w, https:\/\/luxurymagazine.cz\/wp-content\/uploads\/2021\/03\/Luxent_Brezovy-haj_vizualizace_exterier-300x168.jpg 300w, https:\/\/luxurymagazine.cz\/wp-content\/uploads\/2021\/03\/Luxent_Brezovy-haj_vizualizace_exterier-768x431.jpg 768w, https:\/\/luxurymagazine.cz\/wp-content\/uploads\/2021\/03\/Luxent_Brezovy-haj_vizualizace_exterier.jpg 1500w\" sizes=\"(max-width: 1024px) 100vw, 1024px\" \/><\/figure><\/li><li class=\"blocks-gallery-item\"><figure><img decoding=\"async\" loading=\"lazy\" width=\"1024\" height=\"575\" src=\"https:\/\/luxurymagazine.cz\/wp-content\/uploads\/2021\/03\/Luxent_Domy_Klecany_vizualizace_exterier-1024x575.jpg\" alt=\"\" data-id=\"999\" data-link=\"https:\/\/luxurymagazine.cz\/?attachment_id=999\" class=\"wp-image-999\" srcset=\"https:\/\/luxurymagazine.cz\/wp-content\/uploads\/2021\/03\/Luxent_Domy_Klecany_vizualizace_exterier-1024x575.jpg 1024w, https:\/\/luxurymagazine.cz\/wp-content\/uploads\/2021\/03\/Luxent_Domy_Klecany_vizualizace_exterier-300x169.jpg 300w, https:\/\/luxurymagazine.cz\/wp-content\/uploads\/2021\/03\/Luxent_Domy_Klecany_vizualizace_exterier-768x432.jpg 768w, https:\/\/luxurymagazine.cz\/wp-content\/uploads\/2021\/03\/Luxent_Domy_Klecany_vizualizace_exterier.jpg 1500w\" sizes=\"(max-width: 1024px) 100vw, 1024px\" \/><\/figure><\/li><li class=\"blocks-gallery-item\"><figure><img decoding=\"async\" loading=\"lazy\" width=\"1024\" height=\"575\" src=\"https:\/\/luxurymagazine.cz\/wp-content\/uploads\/2021\/03\/Luxent_Rezidence-nad-Cernymi-Lesy_vizualizace_exterier-1024x575.jpg\" alt=\"\" data-id=\"1000\" data-link=\"https:\/\/luxurymagazine.cz\/?attachment_id=1000\" class=\"wp-image-1000\" srcset=\"https:\/\/luxurymagazine.cz\/wp-content\/uploads\/2021\/03\/Luxent_Rezidence-nad-Cernymi-Lesy_vizualizace_exterier-1024x575.jpg 1024w, https:\/\/luxurymagazine.cz\/wp-content\/uploads\/2021\/03\/Luxent_Rezidence-nad-Cernymi-Lesy_vizualizace_exterier-300x169.jpg 300w, https:\/\/luxurymagazine.cz\/wp-content\/uploads\/2021\/03\/Luxent_Rezidence-nad-Cernymi-Lesy_vizualizace_exterier-768x432.jpg 768w, https:\/\/luxurymagazine.cz\/wp-content\/uploads\/2021\/03\/Luxent_Rezidence-nad-Cernymi-Lesy_vizualizace_exterier.jpg 1500w\" sizes=\"(max-width: 1024px) 100vw, 1024px\" \/><\/figure><\/li><li class=\"blocks-gallery-item\"><figure><img decoding=\"async\" loading=\"lazy\" width=\"1024\" height=\"548\" src=\"https:\/\/luxurymagazine.cz\/wp-content\/uploads\/2021\/03\/novy-projekt-1024x548.jpg\" alt=\"\" data-id=\"1001\" data-full-url=\"https:\/\/luxurymagazine.cz\/wp-content\/uploads\/2021\/03\/novy-projekt.jpg\" data-link=\"https:\/\/luxurymagazine.cz\/?attachment_id=1001\" class=\"wp-image-1001\" srcset=\"https:\/\/luxurymagazine.cz\/wp-content\/uploads\/2021\/03\/novy-projekt-1024x548.jpg 1024w, https:\/\/luxurymagazine.cz\/wp-content\/uploads\/2021\/03\/novy-projekt-300x161.jpg 300w, https:\/\/luxurymagazine.cz\/wp-content\/uploads\/2021\/03\/novy-projekt-768x411.jpg 768w, https:\/\/luxurymagazine.cz\/wp-content\/uploads\/2021\/03\/novy-projekt-1536x822.jpg 1536w, https:\/\/luxurymagazine.cz\/wp-content\/uploads\/2021\/03\/novy-projekt.jpg 1920w\" sizes=\"(max-width: 1024px) 100vw, 1024px\" \/><\/figure><\/li><\/ul><\/figure>\n\n\n\n<div style=\"height:20px\" aria-hidden=\"true\" class=\"wp-block-spacer\"><\/div>\n\n\n\n<p><\/p>\n","protected":false},"excerpt":{"rendered":"<p>V\u00a0p\u0159edchoz\u00edch letech trhu s\u00a0nemovitostmi v\u00fdrazn\u011b dominovala Praha a dal\u0161\u00ed velk\u00e1 m\u011bsta. V\u00a0souvislosti s\u00a0pandemi\u00ed koronaviru ale lid\u00e9 za\u010dali p\u0159ehodnocovat sv\u016fj \u017eivotn\u00ed styl a do pop\u0159ed\u00ed se nyn\u00ed dost\u00e1vaj\u00ed domy a byty v\u00a0perifern\u00edch \u010d\u00e1stech. Na z\u00e1klad\u011b \u00fadaj\u016f realitn\u00ed kancel\u00e1\u0159e Luxent \u2013 Exclusive Properties se projekty bl\u00edzko za hranicemi velk\u00fdch m\u011bst prod\u00e1vaj\u00ed rekordn\u011b. Proti bydlen\u00ed v&nbsp;hlavn\u00edm \u010di jin\u00e9m [&hellip;]<\/p>\n","protected":false},"author":3,"featured_media":1001,"comment_status":"closed","ping_status":"closed","sticky":false,"template":"","format":"standard","meta":{"_mi_skip_tracking":false,"_monsterinsights_sitenote_active":false,"_monsterinsights_sitenote_note":"","_monsterinsights_sitenote_category":0,"footnotes":""},"categories":[5,2],"tags":[],"yoast_head":"<!-- This site is optimized with the Yoast SEO plugin v21.4 - https:\/\/yoast.com\/wordpress\/plugins\/seo\/ -->\n<title>\u00dat\u011bk z m\u011bst pokra\u010duje. Lid\u00e9 se st\u011bhuj\u00ed do p\u0159\u00edrody - LUXURYMAGAZINE.cz<\/title>\n<meta name=\"robots\" content=\"index, follow, max-snippet:-1, max-image-preview:large, max-video-preview:-1\" \/>\n<link rel=\"canonical\" href=\"https:\/\/luxurymagazine.cz\/index.php\/2021\/03\/01\/utek-z-mest-pokracuje-lide-se-stehuji-do-prirody\/\" \/>\n<meta property=\"og:locale\" content=\"cs_CZ\" \/>\n<meta property=\"og:type\" content=\"article\" \/>\n<meta property=\"og:title\" content=\"\u00dat\u011bk z m\u011bst pokra\u010duje. Lid\u00e9 se st\u011bhuj\u00ed do p\u0159\u00edrody - LUXURYMAGAZINE.cz\" \/>\n<meta property=\"og:description\" content=\"V\u00a0p\u0159edchoz\u00edch letech trhu s\u00a0nemovitostmi v\u00fdrazn\u011b dominovala Praha a dal\u0161\u00ed velk\u00e1 m\u011bsta. V\u00a0souvislosti s\u00a0pandemi\u00ed koronaviru ale lid\u00e9 za\u010dali p\u0159ehodnocovat sv\u016fj \u017eivotn\u00ed styl a do pop\u0159ed\u00ed se nyn\u00ed dost\u00e1vaj\u00ed domy a byty v\u00a0perifern\u00edch \u010d\u00e1stech. Na z\u00e1klad\u011b \u00fadaj\u016f realitn\u00ed kancel\u00e1\u0159e Luxent \u2013 Exclusive Properties se projekty bl\u00edzko za hranicemi velk\u00fdch m\u011bst prod\u00e1vaj\u00ed rekordn\u011b. Proti bydlen\u00ed v&nbsp;hlavn\u00edm \u010di jin\u00e9m [&hellip;]\" \/>\n<meta property=\"og:url\" content=\"https:\/\/luxurymagazine.cz\/index.php\/2021\/03\/01\/utek-z-mest-pokracuje-lide-se-stehuji-do-prirody\/\" \/>\n<meta property=\"og:site_name\" content=\"LUXURYMAGAZINE.cz\" \/>\n<meta property=\"article:published_time\" content=\"2021-03-01T00:11:18+00:00\" \/>\n<meta property=\"article:modified_time\" content=\"2021-05-12T22:51:10+00:00\" \/>\n<meta property=\"og:image\" content=\"https:\/\/luxurymagazine.cz\/wp-content\/uploads\/2021\/03\/novy-projekt.jpg\" \/>\n\t<meta property=\"og:image:width\" content=\"1920\" \/>\n\t<meta property=\"og:image:height\" content=\"1028\" \/>\n\t<meta property=\"og:image:type\" content=\"image\/jpeg\" \/>\n<meta name=\"author\" content=\"Miroslav Van\u011bk\" \/>\n<meta name=\"twitter:card\" content=\"summary_large_image\" \/>\n<meta name=\"twitter:label1\" content=\"Napsal(a)\" \/>\n\t<meta name=\"twitter:data1\" content=\"Miroslav Van\u011bk\" \/>\n\t<meta name=\"twitter:label2\" content=\"Odhadovan\u00e1 doba \u010dten\u00ed\" \/>\n\t<meta name=\"twitter:data2\" content=\"5 minut\" \/>\n<script type=\"application\/ld+json\" class=\"yoast-schema-graph\">{\"@context\":\"https:\/\/schema.org\",\"@graph\":[{\"@type\":\"Article\",\"@id\":\"https:\/\/luxurymagazine.cz\/index.php\/2021\/03\/01\/utek-z-mest-pokracuje-lide-se-stehuji-do-prirody\/#article\",\"isPartOf\":{\"@id\":\"https:\/\/luxurymagazine.cz\/index.php\/2021\/03\/01\/utek-z-mest-pokracuje-lide-se-stehuji-do-prirody\/\"},\"author\":{\"name\":\"Miroslav Van\u011bk\",\"@id\":\"https:\/\/luxurymagazine.cz\/#\/schema\/person\/44a069a3b1eab523585f7325b6e54254\"},\"headline\":\"\u00dat\u011bk z m\u011bst pokra\u010duje. Lid\u00e9 se st\u011bhuj\u00ed do p\u0159\u00edrody\",\"datePublished\":\"2021-03-01T00:11:18+00:00\",\"dateModified\":\"2021-05-12T22:51:10+00:00\",\"mainEntityOfPage\":{\"@id\":\"https:\/\/luxurymagazine.cz\/index.php\/2021\/03\/01\/utek-z-mest-pokracuje-lide-se-stehuji-do-prirody\/\"},\"wordCount\":949,\"publisher\":{\"@id\":\"https:\/\/luxurymagazine.cz\/#organization\"},\"articleSection\":[\"BYDLEN\u00cd &amp; DESIGN\",\"NEWS\"],\"inLanguage\":\"cs\"},{\"@type\":\"WebPage\",\"@id\":\"https:\/\/luxurymagazine.cz\/index.php\/2021\/03\/01\/utek-z-mest-pokracuje-lide-se-stehuji-do-prirody\/\",\"url\":\"https:\/\/luxurymagazine.cz\/index.php\/2021\/03\/01\/utek-z-mest-pokracuje-lide-se-stehuji-do-prirody\/\",\"name\":\"\u00dat\u011bk z m\u011bst pokra\u010duje. Lid\u00e9 se st\u011bhuj\u00ed do p\u0159\u00edrody - LUXURYMAGAZINE.cz\",\"isPartOf\":{\"@id\":\"https:\/\/luxurymagazine.cz\/#website\"},\"datePublished\":\"2021-03-01T00:11:18+00:00\",\"dateModified\":\"2021-05-12T22:51:10+00:00\",\"breadcrumb\":{\"@id\":\"https:\/\/luxurymagazine.cz\/index.php\/2021\/03\/01\/utek-z-mest-pokracuje-lide-se-stehuji-do-prirody\/#breadcrumb\"},\"inLanguage\":\"cs\",\"potentialAction\":[{\"@type\":\"ReadAction\",\"target\":[\"https:\/\/luxurymagazine.cz\/index.php\/2021\/03\/01\/utek-z-mest-pokracuje-lide-se-stehuji-do-prirody\/\"]}]},{\"@type\":\"BreadcrumbList\",\"@id\":\"https:\/\/luxurymagazine.cz\/index.php\/2021\/03\/01\/utek-z-mest-pokracuje-lide-se-stehuji-do-prirody\/#breadcrumb\",\"itemListElement\":[{\"@type\":\"ListItem\",\"position\":1,\"name\":\"Dom\u016f\",\"item\":\"https:\/\/luxurymagazine.cz\/\"},{\"@type\":\"ListItem\",\"position\":2,\"name\":\"\u00dat\u011bk z m\u011bst pokra\u010duje. Lid\u00e9 se st\u011bhuj\u00ed do p\u0159\u00edrody\"}]},{\"@type\":\"WebSite\",\"@id\":\"https:\/\/luxurymagazine.cz\/#website\",\"url\":\"https:\/\/luxurymagazine.cz\/\",\"name\":\"LUXURYMAGAZINE.cz\",\"description\":\"Port\u00e1l v\u00fdhradn\u011b o luxusu...\",\"publisher\":{\"@id\":\"https:\/\/luxurymagazine.cz\/#organization\"},\"potentialAction\":[{\"@type\":\"SearchAction\",\"target\":{\"@type\":\"EntryPoint\",\"urlTemplate\":\"https:\/\/luxurymagazine.cz\/?s={search_term_string}\"},\"query-input\":\"required name=search_term_string\"}],\"inLanguage\":\"cs\"},{\"@type\":\"Organization\",\"@id\":\"https:\/\/luxurymagazine.cz\/#organization\",\"name\":\"LUXURYMAGAZINE.cz\",\"url\":\"https:\/\/luxurymagazine.cz\/\",\"logo\":{\"@type\":\"ImageObject\",\"inLanguage\":\"cs\",\"@id\":\"https:\/\/luxurymagazine.cz\/#\/schema\/logo\/image\/\",\"url\":\"https:\/\/luxurymagazine.cz\/wp-content\/uploads\/2024\/12\/cropped-Logo_LuxuryMagazine-1.jpg\",\"contentUrl\":\"https:\/\/luxurymagazine.cz\/wp-content\/uploads\/2024\/12\/cropped-Logo_LuxuryMagazine-1.jpg\",\"width\":934,\"height\":509,\"caption\":\"LUXURYMAGAZINE.cz\"},\"image\":{\"@id\":\"https:\/\/luxurymagazine.cz\/#\/schema\/logo\/image\/\"}},{\"@type\":\"Person\",\"@id\":\"https:\/\/luxurymagazine.cz\/#\/schema\/person\/44a069a3b1eab523585f7325b6e54254\",\"name\":\"Miroslav Van\u011bk\",\"image\":{\"@type\":\"ImageObject\",\"inLanguage\":\"cs\",\"@id\":\"https:\/\/luxurymagazine.cz\/#\/schema\/person\/image\/\",\"url\":\"https:\/\/secure.gravatar.com\/avatar\/cc93dbecbfc820d69a964ea4a1c72377?s=96&d=mm&r=g\",\"contentUrl\":\"https:\/\/secure.gravatar.com\/avatar\/cc93dbecbfc820d69a964ea4a1c72377?s=96&d=mm&r=g\",\"caption\":\"Miroslav Van\u011bk\"},\"sameAs\":[\"http:\/\/LUXURYMAGAZINE.cz\"],\"url\":\"https:\/\/luxurymagazine.cz\/index.php\/author\/mirvan\/\"}]}<\/script>\n<!-- \/ Yoast SEO plugin. -->","yoast_head_json":{"title":"\u00dat\u011bk z m\u011bst pokra\u010duje. Lid\u00e9 se st\u011bhuj\u00ed do p\u0159\u00edrody - LUXURYMAGAZINE.cz","robots":{"index":"index","follow":"follow","max-snippet":"max-snippet:-1","max-image-preview":"max-image-preview:large","max-video-preview":"max-video-preview:-1"},"canonical":"https:\/\/luxurymagazine.cz\/index.php\/2021\/03\/01\/utek-z-mest-pokracuje-lide-se-stehuji-do-prirody\/","og_locale":"cs_CZ","og_type":"article","og_title":"\u00dat\u011bk z m\u011bst pokra\u010duje. Lid\u00e9 se st\u011bhuj\u00ed do p\u0159\u00edrody - LUXURYMAGAZINE.cz","og_description":"V\u00a0p\u0159edchoz\u00edch letech trhu s\u00a0nemovitostmi v\u00fdrazn\u011b dominovala Praha a dal\u0161\u00ed velk\u00e1 m\u011bsta. V\u00a0souvislosti s\u00a0pandemi\u00ed koronaviru ale lid\u00e9 za\u010dali p\u0159ehodnocovat sv\u016fj \u017eivotn\u00ed styl a do pop\u0159ed\u00ed se nyn\u00ed dost\u00e1vaj\u00ed domy a byty v\u00a0perifern\u00edch \u010d\u00e1stech. Na z\u00e1klad\u011b \u00fadaj\u016f realitn\u00ed kancel\u00e1\u0159e Luxent \u2013 Exclusive Properties se projekty bl\u00edzko za hranicemi velk\u00fdch m\u011bst prod\u00e1vaj\u00ed rekordn\u011b. Proti bydlen\u00ed v&nbsp;hlavn\u00edm \u010di jin\u00e9m [&hellip;]","og_url":"https:\/\/luxurymagazine.cz\/index.php\/2021\/03\/01\/utek-z-mest-pokracuje-lide-se-stehuji-do-prirody\/","og_site_name":"LUXURYMAGAZINE.cz","article_published_time":"2021-03-01T00:11:18+00:00","article_modified_time":"2021-05-12T22:51:10+00:00","og_image":[{"width":1920,"height":1028,"url":"https:\/\/luxurymagazine.cz\/wp-content\/uploads\/2021\/03\/novy-projekt.jpg","type":"image\/jpeg"}],"author":"Miroslav Van\u011bk","twitter_card":"summary_large_image","twitter_misc":{"Napsal(a)":"Miroslav Van\u011bk","Odhadovan\u00e1 doba \u010dten\u00ed":"5 minut"},"schema":{"@context":"https:\/\/schema.org","@graph":[{"@type":"Article","@id":"https:\/\/luxurymagazine.cz\/index.php\/2021\/03\/01\/utek-z-mest-pokracuje-lide-se-stehuji-do-prirody\/#article","isPartOf":{"@id":"https:\/\/luxurymagazine.cz\/index.php\/2021\/03\/01\/utek-z-mest-pokracuje-lide-se-stehuji-do-prirody\/"},"author":{"name":"Miroslav Van\u011bk","@id":"https:\/\/luxurymagazine.cz\/#\/schema\/person\/44a069a3b1eab523585f7325b6e54254"},"headline":"\u00dat\u011bk z m\u011bst pokra\u010duje. Lid\u00e9 se st\u011bhuj\u00ed do p\u0159\u00edrody","datePublished":"2021-03-01T00:11:18+00:00","dateModified":"2021-05-12T22:51:10+00:00","mainEntityOfPage":{"@id":"https:\/\/luxurymagazine.cz\/index.php\/2021\/03\/01\/utek-z-mest-pokracuje-lide-se-stehuji-do-prirody\/"},"wordCount":949,"publisher":{"@id":"https:\/\/luxurymagazine.cz\/#organization"},"articleSection":["BYDLEN\u00cd &amp; DESIGN","NEWS"],"inLanguage":"cs"},{"@type":"WebPage","@id":"https:\/\/luxurymagazine.cz\/index.php\/2021\/03\/01\/utek-z-mest-pokracuje-lide-se-stehuji-do-prirody\/","url":"https:\/\/luxurymagazine.cz\/index.php\/2021\/03\/01\/utek-z-mest-pokracuje-lide-se-stehuji-do-prirody\/","name":"\u00dat\u011bk z m\u011bst pokra\u010duje. Lid\u00e9 se st\u011bhuj\u00ed do p\u0159\u00edrody - LUXURYMAGAZINE.cz","isPartOf":{"@id":"https:\/\/luxurymagazine.cz\/#website"},"datePublished":"2021-03-01T00:11:18+00:00","dateModified":"2021-05-12T22:51:10+00:00","breadcrumb":{"@id":"https:\/\/luxurymagazine.cz\/index.php\/2021\/03\/01\/utek-z-mest-pokracuje-lide-se-stehuji-do-prirody\/#breadcrumb"},"inLanguage":"cs","potentialAction":[{"@type":"ReadAction","target":["https:\/\/luxurymagazine.cz\/index.php\/2021\/03\/01\/utek-z-mest-pokracuje-lide-se-stehuji-do-prirody\/"]}]},{"@type":"BreadcrumbList","@id":"https:\/\/luxurymagazine.cz\/index.php\/2021\/03\/01\/utek-z-mest-pokracuje-lide-se-stehuji-do-prirody\/#breadcrumb","itemListElement":[{"@type":"ListItem","position":1,"name":"Dom\u016f","item":"https:\/\/luxurymagazine.cz\/"},{"@type":"ListItem","position":2,"name":"\u00dat\u011bk z m\u011bst pokra\u010duje. Lid\u00e9 se st\u011bhuj\u00ed do p\u0159\u00edrody"}]},{"@type":"WebSite","@id":"https:\/\/luxurymagazine.cz\/#website","url":"https:\/\/luxurymagazine.cz\/","name":"LUXURYMAGAZINE.cz","description":"Port\u00e1l v\u00fdhradn\u011b o luxusu...","publisher":{"@id":"https:\/\/luxurymagazine.cz\/#organization"},"potentialAction":[{"@type":"SearchAction","target":{"@type":"EntryPoint","urlTemplate":"https:\/\/luxurymagazine.cz\/?s={search_term_string}"},"query-input":"required name=search_term_string"}],"inLanguage":"cs"},{"@type":"Organization","@id":"https:\/\/luxurymagazine.cz\/#organization","name":"LUXURYMAGAZINE.cz","url":"https:\/\/luxurymagazine.cz\/","logo":{"@type":"ImageObject","inLanguage":"cs","@id":"https:\/\/luxurymagazine.cz\/#\/schema\/logo\/image\/","url":"https:\/\/luxurymagazine.cz\/wp-content\/uploads\/2024\/12\/cropped-Logo_LuxuryMagazine-1.jpg","contentUrl":"https:\/\/luxurymagazine.cz\/wp-content\/uploads\/2024\/12\/cropped-Logo_LuxuryMagazine-1.jpg","width":934,"height":509,"caption":"LUXURYMAGAZINE.cz"},"image":{"@id":"https:\/\/luxurymagazine.cz\/#\/schema\/logo\/image\/"}},{"@type":"Person","@id":"https:\/\/luxurymagazine.cz\/#\/schema\/person\/44a069a3b1eab523585f7325b6e54254","name":"Miroslav Van\u011bk","image":{"@type":"ImageObject","inLanguage":"cs","@id":"https:\/\/luxurymagazine.cz\/#\/schema\/person\/image\/","url":"https:\/\/secure.gravatar.com\/avatar\/cc93dbecbfc820d69a964ea4a1c72377?s=96&d=mm&r=g","contentUrl":"https:\/\/secure.gravatar.com\/avatar\/cc93dbecbfc820d69a964ea4a1c72377?s=96&d=mm&r=g","caption":"Miroslav Van\u011bk"},"sameAs":["http:\/\/LUXURYMAGAZINE.cz"],"url":"https:\/\/luxurymagazine.cz\/index.php\/author\/mirvan\/"}]}},"_links":{"self":[{"href":"https:\/\/luxurymagazine.cz\/index.php\/wp-json\/wp\/v2\/posts\/997"}],"collection":[{"href":"https:\/\/luxurymagazine.cz\/index.php\/wp-json\/wp\/v2\/posts"}],"about":[{"href":"https:\/\/luxurymagazine.cz\/index.php\/wp-json\/wp\/v2\/types\/post"}],"author":[{"embeddable":true,"href":"https:\/\/luxurymagazine.cz\/index.php\/wp-json\/wp\/v2\/users\/3"}],"replies":[{"embeddable":true,"href":"https:\/\/luxurymagazine.cz\/index.php\/wp-json\/wp\/v2\/comments?post=997"}],"version-history":[{"count":-4,"href":"https:\/\/luxurymagazine.cz\/index.php\/wp-json\/wp\/v2\/posts\/997\/revisions"}],"wp:featuredmedia":[{"embeddable":true,"href":"https:\/\/luxurymagazine.cz\/index.php\/wp-json\/wp\/v2\/media\/1001"}],"wp:attachment":[{"href":"https:\/\/luxurymagazine.cz\/index.php\/wp-json\/wp\/v2\/media?parent=997"}],"wp:term":[{"taxonomy":"category","embeddable":true,"href":"https:\/\/luxurymagazine.cz\/index.php\/wp-json\/wp\/v2\/categories?post=997"},{"taxonomy":"post_tag","embeddable":true,"href":"https:\/\/luxurymagazine.cz\/index.php\/wp-json\/wp\/v2\/tags?post=997"}],"curies":[{"name":"wp","href":"https:\/\/api.w.org\/{rel}","templated":true}]}}